{"id":24880,"date":"2022-12-01T11:55:56","date_gmt":"2022-12-01T14:55:56","guid":{"rendered":"https:\/\/radiorevelacionfm.cl\/?p=24880"},"modified":"2022-12-01T11:55:56","modified_gmt":"2022-12-01T14:55:56","slug":"tribunal-condena-a-3-anos-y-un-dia-de-presidio-a-autor-de-trafico-de-drogas-que-operaba-via-encomienda","status":"publish","type":"post","link":"https:\/\/radiorevelacionfm.cl\/?p=24880","title":{"rendered":"Tribunal condena a 3 a\u00f1os y un d\u00eda de presidio a autor de tr\u00e1fico de drogas que operaba v\u00eda encomienda"},"content":{"rendered":"<div class=\"flex_column av_one_full  flex_column_div av-zero-column-padding first  avia-builder-el-0  el_before_av_one_full  avia-builder-el-first  \" style='border-radius:0px; '><div  class='avia-image-container  av-styling-    avia-builder-el-1  avia-builder-el-no-sibling  avia-align-center '  itemprop=\"image\" itemscope=\"itemscope\" itemtype=\"https:\/\/schema.org\/ImageObject\"  ><div class='avia-image-container-inner'><div class='avia-image-overlay-wrap'><img decoding=\"async\" class='wp-image-8362 avia-img-lazy-loading-not-8362 avia_image' src=\"https:\/\/radiorevelacionfm.cl\/wp-content\/uploads\/2021\/09\/top-coyhaique-1-1_optimized.jpg\" alt='' title='top-coyhaique-(1)-(1)_optimized' height=\"600\" width=\"977\"  itemprop=\"thumbnailUrl\" srcset=\"https:\/\/radiorevelacionfm.cl\/wp-content\/uploads\/2021\/09\/top-coyhaique-1-1_optimized.jpg 977w, https:\/\/radiorevelacionfm.cl\/wp-content\/uploads\/2021\/09\/top-coyhaique-1-1_optimized-300x184.jpg 300w, https:\/\/radiorevelacionfm.cl\/wp-content\/uploads\/2021\/09\/top-coyhaique-1-1_optimized-768x472.jpg 768w, https:\/\/radiorevelacionfm.cl\/wp-content\/uploads\/2021\/09\/top-coyhaique-1-1_optimized-705x433.jpg 705w, https:\/\/radiorevelacionfm.cl\/wp-content\/uploads\/2021\/09\/top-coyhaique-1-1_optimized-600x368.jpg 600w\" sizes=\"(max-width: 977px) 100vw, 977px\" \/><\/div><\/div><\/div><\/div><div class=\"flex_column av_one_full  flex_column_div av-zero-column-padding first  avia-builder-el-2  el_after_av_one_full  el_before_av_one_full  column-top-margin\" style='border-radius:0px; '><section class=\"av_textblock_section \"  itemscope=\"itemscope\" itemtype=\"https:\/\/schema.org\/BlogPosting\" itemprop=\"blogPost\" ><div class='avia_textblock  '   itemprop=\"text\" ><p style=\"text-align: center;\"><strong><span style=\"font-size: 18pt;\">Tribunal condena a 3 a\u00f1os y un d\u00eda de presidio a autor de tr\u00e1fico de drogas que operaba v\u00eda encomienda<\/span><\/strong><\/p>\n<div id=\"gtx-trans\" style=\"position: absolute; left: -50px; top: 4.31534px;\">\n<div class=\"gtx-trans-icon\"><\/div>\n<\/div>\n<\/div><\/section><\/div><div class=\"flex_column av_one_full  flex_column_div av-zero-column-padding first  avia-builder-el-4  el_after_av_one_full  el_before_av_hr  column-top-margin\" style='border-radius:0px; '><section class=\"av_textblock_section \"  itemscope=\"itemscope\" itemtype=\"https:\/\/schema.org\/BlogPosting\" itemprop=\"blogPost\" ><div class='avia_textblock  '   itemprop=\"text\" ><p class=\"v1MsoNormal\" style=\"text-align: justify;\">El Tribunal de Juicio Oral en lo Penal de Coyhaique conden\u00f3 a V\u00edctor Manuel Alvarado Guent\u00e9n a la pena de 3 a\u00f1os y un d\u00eda de presidio efectivo, en calidad de autor del delito consumado de tr\u00e1fico de drogas. Il\u00edcito perpetrado en abril pasado, en la comuna de Puerto Ays\u00e9n.<\/p>\n<p class=\"v1MsoNormal\" style=\"text-align: justify;\">En fallo un\u00e1nime (causa rol 69-2022), el tribunal \u2013integrado por los magistrados Pablo Freire Gavil\u00e1n (presidente), Patricio Z\u00fa\u00f1iga Valenzuela y Rosal\u00eda Mansilla Quiroz (redactora)\u2013\u00a0aplic\u00f3, adem\u00e1s, a Alvarado Guent\u00e9n las accesorias legales de inhabilitaci\u00f3n absoluta perpetua para derechos pol\u00edticos\u00a0y la\u00a0inhabilitaci\u00f3n absoluta para cargos y oficios p\u00fablicos durante el tiempo de la condena; m\u00e1s el pago de una multa a beneficio fiscal de 40 UTM.<\/p>\n<p class=\"v1MsoNormal\" style=\"text-align: justify;\">Una vez que el fallo quede ejecutoriado, el tribunal dispuso que se proceda a la toma de muestras biol\u00f3gicas\u00a0del sentenciado para determinar huella gen\u00e9tica\u00a0e incorporaci\u00f3n en el registro nacional de ADN de condenados.<\/p>\n<p class=\"v1MsoNormal\" style=\"text-align: justify;\">En la causa, el tribunal\u00a0absolvi\u00f3\u00a0al acusado Pablo Marcelo C\u00e1rdenas C\u00e1rdenas al no lograr la fiscal\u00eda acreditar la participaci\u00f3n, en calidad de autor, que le atribuy\u00f3 en el delito de tr\u00e1fico de drogas.<\/p>\n<p class=\"v1MsoNormal\" style=\"text-align: justify;\">El tribunal dio por acreditado, m\u00e1s all\u00e1 de toda duda razonable, que el 22 de marzo de 2022, un sujeto no identificado remiti\u00f3 desde\u00a0una\u00a0sucursal de la empresa Starken, ubicada en la comuna de Santiago,\u00a0una encomienda hasta la\u00a0sucursal\u00a0de\u00a0Puerto\u00a0Ays\u00e9n. El 31 de marzo de 2022, personal de la Polic\u00eda de\u00a0Investigaciones\u00a0(PDI)\u00a0concurri\u00f3\u00a0hasta la\u00a0bodega\u00a0de\u00a0la\u00a0empresa\u00a0en Coyhaique, lugar donde perros entrenados alertaron de la presencia de droga en\u00a0el\u00a0interior\u00a0de\u00a0dicha encomienda.<\/p>\n<p class=\"v1MsoNormal\" style=\"text-align: justify;\">En dicho contexto, y previa autorizaci\u00f3n judicial, \u00ab(&#8230;) los funcionarios policiales procedieron a abrir la encomienda, que se conten\u00eda en una caja de cart\u00f3n envuelta\u00a0en una bolsa de\u00a0nylon color verde, encontr\u00e1ndose\u00a0un parlante con la leyenda &#8216;Master-G&#8217;, y al interior de este seis (6) bolsas\u00a0pl\u00e1sticas transparentes contenedoras de una sustancia vegetal de color verde en estado seco, de\u00a0similares caracter\u00edsticas de la marihuana, a la que se hizo prueba de campo, la que arroj\u00f3 resultado positivo, y al proceder a pesarla se obtuvo un peso neto de 5 kilos con 946 gramos 74 mil\u00edgramos. El Ministerio P\u00fablico autoriz\u00f3 la t\u00e9cnica especial de entrega controlada,\u00a0efectu\u00e1ndose\u00a0la\u00a0sustituci\u00f3n\u00a0total\u00a0de\u00a0la\u00a0droga, luego de lo cual fue entregada a la encargada de la empresa, para que continuara su trayecto normal hasta la comuna de Puerto\u00a0Ays\u00e9n\u00bb.<\/p>\n<p class=\"v1MsoNormal\" style=\"text-align: justify;\">\u00abEl d\u00eda 5 de abril de 2022, en horas de la ma\u00f1ana,\u00a0V\u00edctor\u00a0Manuel Alvarado Guent\u00e9n, concurri\u00f3 hasta la sucursal de la empresa Starken, ubicada en calle Michimalongo de Puerto Ays\u00e9n, identific\u00e1ndose como Diego Godoy Caro, y procedi\u00f3 a pagar el\u00a0servicio de\u00a0transporte\u00a0de la\u00a0encomienda, para luego retirarla, saliendo de dicha sucursal poseyendo la encomienda donde se encontr\u00f3 los 5 kilos con 946 gramos, 74 mil\u00edgramos de hierba\u00a0del g\u00e9nero\u00a0<i>cannabis<\/i>\u00a0que previamente se hab\u00eda sustituido; dirigi\u00e9ndose hasta un taxi conducido\u00a0por Marcelo Alejandro Rosso Paill\u00e1n, del cual descendi\u00f3 el imputado\u00a0Pablo\u00a0Marcelo\u00a0C\u00e1rdenas\u00a0C\u00e1rdenas,\u00a0quien\u00a0le abri\u00f3 el maletero\u00bb, agrega.<\/p>\n<p class=\"v1MsoNormal\" style=\"text-align: justify;\">\u00abAl intentar ser controlados por personal policial en dichas circunstancias tanto don Pablo C\u00e1rdenas C\u00e1rdenas como don V\u00edctor Alvarado Guent\u00e9n, se dieron a la fuga, siendo detenidos momentos despu\u00e9s, y se les incaut\u00f3 a ambos sus respectivos tel\u00e9fonos celulares\u00bb, concluye la sentencia.<\/p>\n<\/div><\/section><\/div><div  style='height:50px' class='hr hr-invisible   avia-builder-el-6  el_after_av_one_full  el_before_av_social_share '><span class='hr-inner ' ><span class='hr-inner-style'><\/span><\/span><\/div><\/p>\n<div  class='av-social-sharing-box  avia-builder-el-7  el_after_av_hr  el_before_av_hr  '><div class='av-share-box'><h5 class='av-share-link-description av-no-toc '>Compartir esta noticia<\/h5><ul class='av-share-box-list noLightbox'><li class='av-share-link av-social-link-facebook' ><a target=\"_blank\" aria-label=\"Compartir en Facebook\" href='https:\/\/www.facebook.com\/sharer.php?u=https:\/\/radiorevelacionfm.cl\/?p=24880&#038;t=Tribunal%20condena%20a%203%20a%C3%B1os%20y%20un%20d%C3%ADa%20de%20presidio%20a%20autor%20de%20tr%C3%A1fico%20de%20drogas%20que%20operaba%20v%C3%ADa%20encomienda' aria-hidden='false' data-av_icon='\ue8f3' data-av_iconfont='entypo-fontello' title='' data-avia-related-tooltip='Compartir en Facebook' rel=\"noopener\"><span class='avia_hidden_link_text'>Compartir en Facebook<\/span><\/a><\/li><li class='av-share-link av-social-link-twitter' ><a target=\"_blank\" aria-label=\"Compartir en Twitter\" href='https:\/\/twitter.com\/share?text=Tribunal%20condena%20a%203%20a%C3%B1os%20y%20un%20d%C3%ADa%20de%20presidio%20a%20autor%20de%20tr%C3%A1fico%20de%20drogas%20que%20operaba%20v%C3%ADa%20encomienda&#038;url=https:\/\/radiorevelacionfm.cl\/?p=24880' aria-hidden='false' data-av_icon='\ue8f1' data-av_iconfont='entypo-fontello' title='' data-avia-related-tooltip='Compartir en Twitter' rel=\"noopener\"><span class='avia_hidden_link_text'>Compartir en Twitter<\/span><\/a><\/li><li class='av-share-link av-social-link-whatsapp' ><a target=\"_blank\" aria-label=\"Compartir en Whatsapp\" href='https:\/\/api.whatsapp.com\/send?text=https:\/\/radiorevelacionfm.cl\/?p=24880' aria-hidden='false' data-av_icon='\uf232' data-av_iconfont='entypo-fontello' title='' data-avia-related-tooltip='Compartir en Whatsapp' rel=\"noopener\"><span class='avia_hidden_link_text'>Compartir en Whatsapp<\/span><\/a><\/li><li class='av-share-link av-social-link-linkedin' ><a target=\"_blank\" aria-label=\"Compartir en LinkedIn\" href='https:\/\/linkedin.com\/shareArticle?mini=true&#038;title=Tribunal%20condena%20a%203%20a%C3%B1os%20y%20un%20d%C3%ADa%20de%20presidio%20a%20autor%20de%20tr%C3%A1fico%20de%20drogas%20que%20operaba%20v%C3%ADa%20encomienda&#038;url=https:\/\/radiorevelacionfm.cl\/?p=24880' aria-hidden='false' data-av_icon='\ue8fc' data-av_iconfont='entypo-fontello' title='' data-avia-related-tooltip='Compartir en LinkedIn' rel=\"noopener\"><span class='avia_hidden_link_text'>Compartir en LinkedIn<\/span><\/a><\/li><li class='av-share-link av-social-link-mail' ><a  aria-label=\"Compartir por correo\" href='mailto:?subject=Tribunal%20condena%20a%203%20a%C3%B1os%20y%20un%20d%C3%ADa%20de%20presidio%20a%20autor%20de%20tr%C3%A1fico%20de%20drogas%20que%20operaba%20v%C3%ADa%20encomienda&#038;body=https:\/\/radiorevelacionfm.cl\/?p=24880' aria-hidden='false' data-av_icon='\ue805' data-av_iconfont='entypo-fontello' title='' data-avia-related-tooltip='Compartir por correo'><span class='avia_hidden_link_text'>Compartir por correo<\/span><\/a><\/li><\/ul><\/div><\/div>\n<div  style='height:50px' class='hr hr-invisible   avia-builder-el-8  el_after_av_social_share  el_before_av_comments_list '><span class='hr-inner ' ><span class='hr-inner-style'><\/span><\/span><\/div>\n<div  class='av-buildercomment  av-blog-meta-html-info-disabled av-blog-meta-tag-disabled  '><\/div>\n","protected":false},"excerpt":{"rendered":"","protected":false},"author":1,"featured_media":8362,"comment_status":"open","ping_status":"open","sticky":false,"template":"","format":"standard","meta":{"footnotes":""},"categories":[55],"tags":[],"class_list":["post-24880","post","type-post","status-publish","format-standard","has-post-thumbnail","hentry","category-justicia"],"jetpack_featured_media_url":"https:\/\/radiorevelacionfm.cl\/wp-content\/uploads\/2021\/09\/top-coyhaique-1-1_optimized.jpg","_links":{"self":[{"href":"https:\/\/radiorevelacionfm.cl\/index.php?rest_route=\/wp\/v2\/posts\/24880","targetHints":{"allow":["GET"]}}],"collection":[{"href":"https:\/\/radiorevelacionfm.cl\/index.php?rest_route=\/wp\/v2\/posts"}],"about":[{"href":"https:\/\/radiorevelacionfm.cl\/index.php?rest_route=\/wp\/v2\/types\/post"}],"author":[{"embeddable":true,"href":"https:\/\/radiorevelacionfm.cl\/index.php?rest_route=\/wp\/v2\/users\/1"}],"replies":[{"embeddable":true,"href":"https:\/\/radiorevelacionfm.cl\/index.php?rest_route=%2Fwp%2Fv2%2Fcomments&post=24880"}],"version-history":[{"count":2,"href":"https:\/\/radiorevelacionfm.cl\/index.php?rest_route=\/wp\/v2\/posts\/24880\/revisions"}],"predecessor-version":[{"id":24882,"href":"https:\/\/radiorevelacionfm.cl\/index.php?rest_route=\/wp\/v2\/posts\/24880\/revisions\/24882"}],"wp:featuredmedia":[{"embeddable":true,"href":"https:\/\/radiorevelacionfm.cl\/index.php?rest_route=\/wp\/v2\/media\/8362"}],"wp:attachment":[{"href":"https:\/\/radiorevelacionfm.cl\/index.php?rest_route=%2Fwp%2Fv2%2Fmedia&parent=24880"}],"wp:term":[{"taxonomy":"category","embeddable":true,"href":"https:\/\/radiorevelacionfm.cl\/index.php?rest_route=%2Fwp%2Fv2%2Fcategories&post=24880"},{"taxonomy":"post_tag","embeddable":true,"href":"https:\/\/radiorevelacionfm.cl\/index.php?rest_route=%2Fwp%2Fv2%2Ftags&post=24880"}],"curies":[{"name":"wp","href":"https:\/\/api.w.org\/{rel}","templated":true}]}}