{"id":24873,"date":"2022-12-01T09:28:25","date_gmt":"2022-12-01T12:28:25","guid":{"rendered":"https:\/\/radiorevelacionfm.cl\/?p=24873"},"modified":"2022-12-01T09:28:25","modified_gmt":"2022-12-01T12:28:25","slug":"llaman-a-renovar-con-anticipacion-licencias-de-conducir-vencidas-por-termino-de-prorroga-este-2023","status":"publish","type":"post","link":"https:\/\/radiorevelacionfm.cl\/?p=24873","title":{"rendered":"Llaman a renovar con anticipaci\u00f3n licencias de conducir vencidas por t\u00e9rmino de pr\u00f3rroga este 2023"},"content":{"rendered":"<div class=\"flex_column av_one_full  flex_column_div av-zero-column-padding first  avia-builder-el-0  el_before_av_one_full  avia-builder-el-first  \" style='border-radius:0px; '><div  class='avia-image-container  av-styling-    avia-builder-el-1  avia-builder-el-no-sibling  avia-align-center '  itemprop=\"image\" itemscope=\"itemscope\" itemtype=\"https:\/\/schema.org\/ImageObject\"  ><div class='avia-image-container-inner'><div class='avia-image-overlay-wrap'><img decoding=\"async\" class='wp-image-24875 avia-img-lazy-loading-not-24875 avia_image' src=\"https:\/\/radiorevelacionfm.cl\/wp-content\/uploads\/2022\/11\/auto-castillo-1_optimized.jpg\" alt='' title='auto-castillo-(1)_optimized' height=\"600\" width=\"1000\"  itemprop=\"thumbnailUrl\" srcset=\"https:\/\/radiorevelacionfm.cl\/wp-content\/uploads\/2022\/11\/auto-castillo-1_optimized.jpg 1000w, https:\/\/radiorevelacionfm.cl\/wp-content\/uploads\/2022\/11\/auto-castillo-1_optimized-300x180.jpg 300w, https:\/\/radiorevelacionfm.cl\/wp-content\/uploads\/2022\/11\/auto-castillo-1_optimized-768x461.jpg 768w, https:\/\/radiorevelacionfm.cl\/wp-content\/uploads\/2022\/11\/auto-castillo-1_optimized-705x423.jpg 705w, https:\/\/radiorevelacionfm.cl\/wp-content\/uploads\/2022\/11\/auto-castillo-1_optimized-600x360.jpg 600w\" sizes=\"(max-width: 1000px) 100vw, 1000px\" \/><\/div><\/div><\/div><\/div>\n<div class=\"flex_column av_one_full  flex_column_div av-zero-column-padding first  avia-builder-el-2  el_after_av_one_full  el_before_av_one_full  column-top-margin\" style='border-radius:0px; '><section class=\"av_textblock_section \"  itemscope=\"itemscope\" itemtype=\"https:\/\/schema.org\/BlogPosting\" itemprop=\"blogPost\" ><div class='avia_textblock  '   itemprop=\"text\" ><p style=\"text-align: center;\"><strong><span style=\"font-size: 18pt;\">Llaman a renovar con anticipaci\u00f3n licencias de conducir vencidas por t\u00e9rmino de pr\u00f3rroga este 2023<\/span><\/strong><\/p>\n<div id=\"gtx-trans\" style=\"position: absolute; left: -50px; top: 4.31534px;\">\n<div class=\"gtx-trans-icon\"><\/div>\n<\/div>\n<\/div><\/section><\/div><div class=\"flex_column av_one_full  flex_column_div av-zero-column-padding first  avia-builder-el-4  el_after_av_one_full  el_before_av_hr  column-top-margin\" style='border-radius:0px; '><section class=\"av_textblock_section \"  itemscope=\"itemscope\" itemtype=\"https:\/\/schema.org\/BlogPosting\" itemprop=\"blogPost\" ><div class='avia_textblock  '   itemprop=\"text\" ><p style=\"font-weight: 400; text-align: justify;\">Alcaldes de la Asociaci\u00f3n Regional de Municipalidades de Ays\u00e9n (AREMU), hacen un llamado a los conductores de la Regi\u00f3n a renovar sus licencias de conducir con anticipaci\u00f3n, para evitar aglomeraciones en las oficinas de tr\u00e1nsito de cada municipio. Esto debido al t\u00e9rmino de la prorroga de vencimiento de este documento, a partir del a\u00f1o 2023.<\/p>\n<p style=\"font-weight: 400; text-align: justify;\">La pandemia por Coronavirus impuls\u00f3 a las autoridades a adoptar medidas que disminuyen la probabilidad de contagio, por esta raz\u00f3n se tom\u00f3 la determinaci\u00f3n de extender la vigencia de algunos documentos, como es el caso de la licencia de conducir, sin embargo, la medida es v\u00e1lida hasta el 31 de diciembre de 2022.<\/p>\n<p style=\"font-weight: 400; text-align: justify;\">El presidente de la AREMU y alcalde de la comuna de R\u00edo Ib\u00e1\u00f1ez, Marcelo Santana, hace un llamado a los vecinos a acercarse a las direcciones de tr\u00e1nsito \u201cno queremos que existan atochamientos o listas de espera que puedan significar meses de espera para que una persona pueda renovar su licencia.<\/p>\n<p style=\"font-weight: 400; text-align: justify;\">Las licencias prorrogadas se mantendr\u00e1n en vigencia hasta el d\u00eda y mes se\u00f1alado en el documento, pero del a\u00f1o 2023.\u00a0 Es decir, si su licencia venci\u00f3 el 10 de febrero de 2022, esta se mantendr\u00e1 vigente hasta el 10 de febrero de 2023.<\/p>\n<p style=\"font-weight: 400; text-align: justify;\">El alcalde de Coyhaique, Carlos Gatica, describe el escenario local como preocupante \u201cno tan solo va a generar un atochamiento en otorgar las licencias de conducir, sino tambi\u00e9n, (\u2026) quienes no alcancen a regularizar el proceso en corto tiempo van a tener que dejar de tener esta herramienta de movilidad y muchas veces una herramienta de trabajo\u201d afirma.<\/p>\n<p style=\"font-weight: 400; text-align: justify;\">Ambas autoridades hacen un llamado a agendar con antelaci\u00f3n su hora de renovaci\u00f3n en las oficinas de tr\u00e1nsito de cada comuna, ya que se ver\u00e1 un acumulado de 4 a\u00f1os de documentos vencidos. Cabe se\u00f1alar que manejar sin licencia de conducir, o con la licencia vencida, es considerado una falta grav\u00edsima ante la Ley del Tr\u00e1nsito, con multas que van entre las 1,5 y 3 UTM.<\/p>\n<\/div><\/section><\/div><\/p>\n<div  style='height:50px' class='hr hr-invisible   avia-builder-el-6  el_after_av_one_full  el_before_av_social_share '><span class='hr-inner ' ><span class='hr-inner-style'><\/span><\/span><\/div>\n<div  class='av-social-sharing-box  avia-builder-el-7  el_after_av_hr  el_before_av_hr  '><div class='av-share-box'><h5 class='av-share-link-description av-no-toc '>Compartir esta noticia<\/h5><ul class='av-share-box-list noLightbox'><li class='av-share-link av-social-link-facebook' ><a target=\"_blank\" aria-label=\"Compartir en Facebook\" href='https:\/\/www.facebook.com\/sharer.php?u=https:\/\/radiorevelacionfm.cl\/?p=24873&#038;t=Llaman%20a%20renovar%20con%20anticipaci%C3%B3n%20licencias%20de%20conducir%20vencidas%20por%20t%C3%A9rmino%20de%20pr%C3%B3rroga%20este%202023' aria-hidden='false' data-av_icon='\ue8f3' data-av_iconfont='entypo-fontello' title='' data-avia-related-tooltip='Compartir en Facebook' rel=\"noopener\"><span class='avia_hidden_link_text'>Compartir en Facebook<\/span><\/a><\/li><li class='av-share-link av-social-link-twitter' ><a target=\"_blank\" aria-label=\"Compartir en Twitter\" href='https:\/\/twitter.com\/share?text=Llaman%20a%20renovar%20con%20anticipaci%C3%B3n%20licencias%20de%20conducir%20vencidas%20por%20t%C3%A9rmino%20de%20pr%C3%B3rroga%20este%202023&#038;url=https:\/\/radiorevelacionfm.cl\/?p=24873' aria-hidden='false' data-av_icon='\ue8f1' data-av_iconfont='entypo-fontello' title='' data-avia-related-tooltip='Compartir en Twitter' rel=\"noopener\"><span class='avia_hidden_link_text'>Compartir en Twitter<\/span><\/a><\/li><li class='av-share-link av-social-link-whatsapp' ><a target=\"_blank\" aria-label=\"Compartir en Whatsapp\" href='https:\/\/api.whatsapp.com\/send?text=https:\/\/radiorevelacionfm.cl\/?p=24873' aria-hidden='false' data-av_icon='\uf232' data-av_iconfont='entypo-fontello' title='' data-avia-related-tooltip='Compartir en Whatsapp' rel=\"noopener\"><span class='avia_hidden_link_text'>Compartir en Whatsapp<\/span><\/a><\/li><li class='av-share-link av-social-link-linkedin' ><a target=\"_blank\" aria-label=\"Compartir en LinkedIn\" href='https:\/\/linkedin.com\/shareArticle?mini=true&#038;title=Llaman%20a%20renovar%20con%20anticipaci%C3%B3n%20licencias%20de%20conducir%20vencidas%20por%20t%C3%A9rmino%20de%20pr%C3%B3rroga%20este%202023&#038;url=https:\/\/radiorevelacionfm.cl\/?p=24873' aria-hidden='false' data-av_icon='\ue8fc' data-av_iconfont='entypo-fontello' title='' data-avia-related-tooltip='Compartir en LinkedIn' rel=\"noopener\"><span class='avia_hidden_link_text'>Compartir en LinkedIn<\/span><\/a><\/li><li class='av-share-link av-social-link-mail' ><a  aria-label=\"Compartir por correo\" href='mailto:?subject=Llaman%20a%20renovar%20con%20anticipaci%C3%B3n%20licencias%20de%20conducir%20vencidas%20por%20t%C3%A9rmino%20de%20pr%C3%B3rroga%20este%202023&#038;body=https:\/\/radiorevelacionfm.cl\/?p=24873' aria-hidden='false' data-av_icon='\ue805' data-av_iconfont='entypo-fontello' title='' data-avia-related-tooltip='Compartir por correo'><span class='avia_hidden_link_text'>Compartir por correo<\/span><\/a><\/li><\/ul><\/div><\/div>\n<div  style='height:50px' class='hr hr-invisible   avia-builder-el-8  el_after_av_social_share  el_before_av_comments_list '><span class='hr-inner ' ><span class='hr-inner-style'><\/span><\/span><\/div>\n<div  class='av-buildercomment  av-blog-meta-html-info-disabled av-blog-meta-tag-disabled  '><\/div>\n","protected":false},"excerpt":{"rendered":"","protected":false},"author":1,"featured_media":24875,"comment_status":"open","ping_status":"open","sticky":false,"template":"","format":"standard","meta":{"footnotes":""},"categories":[38],"tags":[],"class_list":["post-24873","post","type-post","status-publish","format-standard","has-post-thumbnail","hentry","category-regional"],"jetpack_featured_media_url":"https:\/\/radiorevelacionfm.cl\/wp-content\/uploads\/2022\/11\/auto-castillo-1_optimized.jpg","_links":{"self":[{"href":"https:\/\/radiorevelacionfm.cl\/index.php?rest_route=\/wp\/v2\/posts\/24873","targetHints":{"allow":["GET"]}}],"collection":[{"href":"https:\/\/radiorevelacionfm.cl\/index.php?rest_route=\/wp\/v2\/posts"}],"about":[{"href":"https:\/\/radiorevelacionfm.cl\/index.php?rest_route=\/wp\/v2\/types\/post"}],"author":[{"embeddable":true,"href":"https:\/\/radiorevelacionfm.cl\/index.php?rest_route=\/wp\/v2\/users\/1"}],"replies":[{"embeddable":true,"href":"https:\/\/radiorevelacionfm.cl\/index.php?rest_route=%2Fwp%2Fv2%2Fcomments&post=24873"}],"version-history":[{"count":3,"href":"https:\/\/radiorevelacionfm.cl\/index.php?rest_route=\/wp\/v2\/posts\/24873\/revisions"}],"predecessor-version":[{"id":24878,"href":"https:\/\/radiorevelacionfm.cl\/index.php?rest_route=\/wp\/v2\/posts\/24873\/revisions\/24878"}],"wp:featuredmedia":[{"embeddable":true,"href":"https:\/\/radiorevelacionfm.cl\/index.php?rest_route=\/wp\/v2\/media\/24875"}],"wp:attachment":[{"href":"https:\/\/radiorevelacionfm.cl\/index.php?rest_route=%2Fwp%2Fv2%2Fmedia&parent=24873"}],"wp:term":[{"taxonomy":"category","embeddable":true,"href":"https:\/\/radiorevelacionfm.cl\/index.php?rest_route=%2Fwp%2Fv2%2Fcategories&post=24873"},{"taxonomy":"post_tag","embeddable":true,"href":"https:\/\/radiorevelacionfm.cl\/index.php?rest_route=%2Fwp%2Fv2%2Ftags&post=24873"}],"curies":[{"name":"wp","href":"https:\/\/api.w.org\/{rel}","templated":true}]}}