{"id":2487,"date":"2021-02-09T15:45:01","date_gmt":"2021-02-09T18:45:01","guid":{"rendered":"https:\/\/radiorevelacionfm.cl\/?p=2487"},"modified":"2021-02-09T15:45:01","modified_gmt":"2021-02-09T18:45:01","slug":"david-yanez-ex-campeon-regional-infantil-se-impone-en-primera-ronda-en-torneo-virtual-de-ajedrez","status":"publish","type":"post","link":"https:\/\/radiorevelacionfm.cl\/?p=2487","title":{"rendered":"David Y\u00e1\u00f1ez \u00abex campe\u00f3n regional infantil\u00bb se impone en primera ronda en Torneo Virtual de Ajedrez"},"content":{"rendered":"<div class=\"flex_column av_one_full  flex_column_div av-zero-column-padding first  avia-builder-el-0  el_before_av_one_full  avia-builder-el-first  \" style='border-radius:0px; '><div  class='avia-image-container  av-styling-    avia-builder-el-1  avia-builder-el-no-sibling  avia-align-center '  itemprop=\"image\" itemscope=\"itemscope\" itemtype=\"https:\/\/schema.org\/ImageObject\"  ><div class='avia-image-container-inner'><div class='avia-image-overlay-wrap'><img decoding=\"async\" class='wp-image-0 avia-img-lazy-loading-not-0 avia_image' src=\"https:\/\/radiorevelacionfm.cl\/wp-content\/uploads\/2021\/02\/jaque-2_optimized.jpeg\" alt='' title=''   itemprop=\"thumbnailUrl\"  \/><\/div><\/div><\/div><\/div><div class=\"flex_column av_one_full  flex_column_div av-zero-column-padding first  avia-builder-el-2  el_after_av_one_full  el_before_av_one_full  column-top-margin\" style='border-radius:0px; '><section class=\"av_textblock_section \"  itemscope=\"itemscope\" itemtype=\"https:\/\/schema.org\/BlogPosting\" itemprop=\"blogPost\" ><div class='avia_textblock  '   itemprop=\"text\" ><p style=\"text-align: center;\"><span style=\"font-size: 18pt;\"><strong>David Y\u00e1\u00f1ez \u00abex campe\u00f3n regional infantil\u00bb se impone en primera ronda en Torneo Virtual de Ajedrez <\/strong><\/span><\/p>\n<div id=\"gtx-trans\" style=\"position: absolute; left: -50px; top: 4.31534px;\">\n<div class=\"gtx-trans-icon\"><\/div>\n<\/div>\n<\/div><\/section><\/div><div class=\"flex_column av_one_full  flex_column_div av-zero-column-padding first  avia-builder-el-4  el_after_av_one_full  el_before_av_hr  column-top-margin\" style='border-radius:0px; '><section class=\"av_textblock_section \"  itemscope=\"itemscope\" itemtype=\"https:\/\/schema.org\/BlogPosting\" itemprop=\"blogPost\" ><div class='avia_textblock  '   itemprop=\"text\" ><p style=\"text-align: justify;\">El pasado lunes 1 de febrero comenz\u00f3 el \u00a0torneo de rondas suizas a trav\u00e9s de la plataforma\u00a0<a href=\"http:\/\/www.lichess.org\/\">www.lichess.org<\/a> organizado por el Club de Ajedrez Coyhaique.<\/p>\n<p style=\"text-align: justify;\">Los mejores ajedrecistas regionales \u00a0se encuentran participando el certamen virtual,\u00a0 el que hasta el momento cuenta con 27 jugadores de Chile y Argentina, destacando\u00a0el maestro Fide Robert D\u00edaz, campe\u00f3n nacional absoluto 2008 (FEDACH)<\/p>\n<p style=\"text-align: justify;\">Sobre el torneo, Jermain Y\u00e1\u00f1ez, Presidente Club\u00a0Ajedrez\u00a0Coyhaique\u00a0 y organizador del evento se\u00f1al\u00f3 \u00aben la primera ronda la sorpresa fue David Y\u00e1\u00f1ez, ex campe\u00f3n regional infantil, quien con piezas negras se impuso sobre el maestro Fide Robert D\u00edaz,\u00a0 David mostr\u00f3\u00a0un gran nivel\u00a0\u00a0y pudo quedarse con el triunfo en 47 movimientos\u00bb.\u00a0 Asimismo agreg\u00f3, \u00abla\u00a0 mejor partida de la primera\u00a0 ronda esta disponible en el siguiente link\u00a0\u00a0<a href=\"https:\/\/lichess.org\/5Cwq3SXF\/black\">https:\/\/lichess.org\/5Cwq3SXF\/black<\/a>\u00a0\u00ab<\/p>\n<p style=\"text-align: justify;\">Por su parte, el Seremi del Deporte, Rodrigo Cubilla Retamal agreg\u00f3 \u00abcomo Ministerio del Deporte e IND, siempre vamos a destacar este tipo de iniciativas de una disciplina que por los dem\u00e1s nos ha dado grandes satisfacciones como regi\u00f3n \u00a0y siempre estamos dispuestos a colaborar y apoyar a este club de ajedrez.\u00bb.<\/p>\n<p style=\"text-align: justify;\">Al respecto el Director Regional del IND, Jos\u00e9 Manuel Sep\u00falveda destac\u00f3 \u00aben esta regi\u00f3n la disciplina de ajedrez es muy importante ya que est\u00e1 inserta el Sistema Nacional de Competencias Deportivas de los Juegos Deportivos Escolares, por lo que este tipo de torneos es vital para visibilizar este deporte y motivar a ni\u00f1as y ni\u00f1os a aprender a jugar ajedrez y en alg\u00fan momento formar parte de Team Ays\u00e9n, ya que como \u00a0regi\u00f3n tenemos presencia en nacionales escolares y con proyecci\u00f3n sudamericana\u00bb, concluy\u00f3.<\/p>\n<p style=\"text-align: justify;\">La ronda final est\u00e1 programada para el lunes 29 de marzo se est\u00e1\u00a0jugando en la plataforma\u00a0<a href=\"http:\/\/www.lichess.org\/\">www.lichess.org<\/a>, el ritmo de juego es de 15 minutos m\u00e1s 2 segundos de incremento por movimiento.<\/p>\n<p style=\"text-align: justify;\">Si quieres seguir el torneo puedes ingresar a\u00a0<a href=\"https:\/\/lichess.org\/swiss\/IT68K64g\">https:\/\/lichess.org\/swiss\/IT68K64g<\/a>, los d\u00edas 15 y 22 de febrero, 1,8, 15, 22 y 29 de marzo las 22:00 horas<\/p>\n<\/div><\/section><\/div><div  style='height:50px' class='hr hr-invisible   avia-builder-el-6  el_after_av_one_full  el_before_av_social_share '><span class='hr-inner ' ><span class='hr-inner-style'><\/span><\/span><\/div><\/p>\n<div  class='av-social-sharing-box  avia-builder-el-7  el_after_av_hr  el_before_av_hr  '><div class='av-share-box'><h5 class='av-share-link-description av-no-toc '>Compartir esta noticia<\/h5><ul class='av-share-box-list noLightbox'><li class='av-share-link av-social-link-facebook' ><a target=\"_blank\" aria-label=\"Compartir en Facebook\" href='https:\/\/www.facebook.com\/sharer.php?u=https:\/\/radiorevelacionfm.cl\/?p=2487&#038;t=David%20Y%C3%A1%C3%B1ez%20%C2%ABex%20campe%C3%B3n%20regional%20infantil%C2%BB%20se%20impone%20en%20primera%20ronda%20en%20Torneo%20Virtual%20de%20Ajedrez' aria-hidden='false' data-av_icon='\ue8f3' data-av_iconfont='entypo-fontello' title='' data-avia-related-tooltip='Compartir en Facebook' rel=\"noopener\"><span class='avia_hidden_link_text'>Compartir en Facebook<\/span><\/a><\/li><li class='av-share-link av-social-link-twitter' ><a target=\"_blank\" aria-label=\"Compartir en Twitter\" href='https:\/\/twitter.com\/share?text=David%20Y%C3%A1%C3%B1ez%20%C2%ABex%20campe%C3%B3n%20regional%20infantil%C2%BB%20se%20impone%20en%20primera%20ronda%20en%20Torneo%20Virtual%20de%20Ajedrez&#038;url=https:\/\/radiorevelacionfm.cl\/?p=2487' aria-hidden='false' data-av_icon='\ue8f1' data-av_iconfont='entypo-fontello' title='' data-avia-related-tooltip='Compartir en Twitter' rel=\"noopener\"><span class='avia_hidden_link_text'>Compartir en Twitter<\/span><\/a><\/li><li class='av-share-link av-social-link-whatsapp' ><a target=\"_blank\" aria-label=\"Compartir en Whatsapp\" href='https:\/\/api.whatsapp.com\/send?text=https:\/\/radiorevelacionfm.cl\/?p=2487' aria-hidden='false' data-av_icon='\uf232' data-av_iconfont='entypo-fontello' title='' data-avia-related-tooltip='Compartir en Whatsapp' rel=\"noopener\"><span class='avia_hidden_link_text'>Compartir en Whatsapp<\/span><\/a><\/li><li class='av-share-link av-social-link-linkedin' ><a target=\"_blank\" aria-label=\"Compartir en LinkedIn\" href='https:\/\/linkedin.com\/shareArticle?mini=true&#038;title=David%20Y%C3%A1%C3%B1ez%20%C2%ABex%20campe%C3%B3n%20regional%20infantil%C2%BB%20se%20impone%20en%20primera%20ronda%20en%20Torneo%20Virtual%20de%20Ajedrez&#038;url=https:\/\/radiorevelacionfm.cl\/?p=2487' aria-hidden='false' data-av_icon='\ue8fc' data-av_iconfont='entypo-fontello' title='' data-avia-related-tooltip='Compartir en LinkedIn' rel=\"noopener\"><span class='avia_hidden_link_text'>Compartir en LinkedIn<\/span><\/a><\/li><li class='av-share-link av-social-link-mail' ><a  aria-label=\"Compartir por correo\" href='mailto:?subject=David%20Y%C3%A1%C3%B1ez%20%C2%ABex%20campe%C3%B3n%20regional%20infantil%C2%BB%20se%20impone%20en%20primera%20ronda%20en%20Torneo%20Virtual%20de%20Ajedrez&#038;body=https:\/\/radiorevelacionfm.cl\/?p=2487' aria-hidden='false' data-av_icon='\ue805' data-av_iconfont='entypo-fontello' title='' data-avia-related-tooltip='Compartir por correo'><span class='avia_hidden_link_text'>Compartir por correo<\/span><\/a><\/li><\/ul><\/div><\/div>\n<div  style='height:50px' class='hr hr-invisible   avia-builder-el-8  el_after_av_social_share  el_before_av_comments_list '><span class='hr-inner ' ><span class='hr-inner-style'><\/span><\/span><\/div>\n<div  class='av-buildercomment  av-blog-meta-html-info-disabled av-blog-meta-tag-disabled  '><\/div>\n","protected":false},"excerpt":{"rendered":"","protected":false},"author":1,"featured_media":0,"comment_status":"open","ping_status":"open","sticky":false,"template":"","format":"standard","meta":{"footnotes":""},"categories":[40],"tags":[],"class_list":["post-2487","post","type-post","status-publish","format-standard","hentry","category-deportes"],"jetpack_featured_media_url":"","_links":{"self":[{"href":"https:\/\/radiorevelacionfm.cl\/index.php?rest_route=\/wp\/v2\/posts\/2487","targetHints":{"allow":["GET"]}}],"collection":[{"href":"https:\/\/radiorevelacionfm.cl\/index.php?rest_route=\/wp\/v2\/posts"}],"about":[{"href":"https:\/\/radiorevelacionfm.cl\/index.php?rest_route=\/wp\/v2\/types\/post"}],"author":[{"embeddable":true,"href":"https:\/\/radiorevelacionfm.cl\/index.php?rest_route=\/wp\/v2\/users\/1"}],"replies":[{"embeddable":true,"href":"https:\/\/radiorevelacionfm.cl\/index.php?rest_route=%2Fwp%2Fv2%2Fcomments&post=2487"}],"version-history":[{"count":1,"href":"https:\/\/radiorevelacionfm.cl\/index.php?rest_route=\/wp\/v2\/posts\/2487\/revisions"}],"predecessor-version":[{"id":2489,"href":"https:\/\/radiorevelacionfm.cl\/index.php?rest_route=\/wp\/v2\/posts\/2487\/revisions\/2489"}],"wp:attachment":[{"href":"https:\/\/radiorevelacionfm.cl\/index.php?rest_route=%2Fwp%2Fv2%2Fmedia&parent=2487"}],"wp:term":[{"taxonomy":"category","embeddable":true,"href":"https:\/\/radiorevelacionfm.cl\/index.php?rest_route=%2Fwp%2Fv2%2Fcategories&post=2487"},{"taxonomy":"post_tag","embeddable":true,"href":"https:\/\/radiorevelacionfm.cl\/index.php?rest_route=%2Fwp%2Fv2%2Ftags&post=2487"}],"curies":[{"name":"wp","href":"https:\/\/api.w.org\/{rel}","templated":true}]}}