{"id":24865,"date":"2022-11-30T18:38:00","date_gmt":"2022-11-30T21:38:00","guid":{"rendered":"https:\/\/radiorevelacionfm.cl\/?p=24865"},"modified":"2022-11-30T18:38:00","modified_gmt":"2022-11-30T21:38:00","slug":"mipymes-de-aysen-invertiran-mas-de-900-millones-con-plan-chile-apoya","status":"publish","type":"post","link":"https:\/\/radiorevelacionfm.cl\/?p=24865","title":{"rendered":"Mipymes de Ays\u00e9n invertir\u00e1n m\u00e1s de $900 millones con Plan Chile Apoya"},"content":{"rendered":"<div class=\"flex_column av_one_full  flex_column_div av-zero-column-padding first  avia-builder-el-0  el_before_av_one_full  avia-builder-el-first  \" style='border-radius:0px; '><div  class='avia-image-container  av-styling-    avia-builder-el-1  avia-builder-el-no-sibling  avia-align-center '  itemprop=\"image\" itemscope=\"itemscope\" itemtype=\"https:\/\/schema.org\/ImageObject\"  ><div class='avia-image-container-inner'><div class='avia-image-overlay-wrap'><img decoding=\"async\" class='wp-image-24866 avia-img-lazy-loading-not-24866 avia_image' src=\"https:\/\/radiorevelacionfm.cl\/wp-content\/uploads\/2022\/11\/img_7509-1_optimized.jpg\" alt='' title='img_7509-(1)_optimized' height=\"600\" width=\"1139\"  itemprop=\"thumbnailUrl\" srcset=\"https:\/\/radiorevelacionfm.cl\/wp-content\/uploads\/2022\/11\/img_7509-1_optimized.jpg 1139w, https:\/\/radiorevelacionfm.cl\/wp-content\/uploads\/2022\/11\/img_7509-1_optimized-300x158.jpg 300w, https:\/\/radiorevelacionfm.cl\/wp-content\/uploads\/2022\/11\/img_7509-1_optimized-1030x543.jpg 1030w, https:\/\/radiorevelacionfm.cl\/wp-content\/uploads\/2022\/11\/img_7509-1_optimized-768x405.jpg 768w, https:\/\/radiorevelacionfm.cl\/wp-content\/uploads\/2022\/11\/img_7509-1_optimized-710x375.jpg 710w, https:\/\/radiorevelacionfm.cl\/wp-content\/uploads\/2022\/11\/img_7509-1_optimized-705x371.jpg 705w, https:\/\/radiorevelacionfm.cl\/wp-content\/uploads\/2022\/11\/img_7509-1_optimized-600x316.jpg 600w\" sizes=\"(max-width: 1139px) 100vw, 1139px\" \/><\/div><\/div><\/div><\/div><div class=\"flex_column av_one_full  flex_column_div av-zero-column-padding first  avia-builder-el-2  el_after_av_one_full  el_before_av_one_full  column-top-margin\" style='border-radius:0px; '><section class=\"av_textblock_section \"  itemscope=\"itemscope\" itemtype=\"https:\/\/schema.org\/BlogPosting\" itemprop=\"blogPost\" ><div class='avia_textblock  '   itemprop=\"text\" ><p style=\"text-align: center;\"><span style=\"font-size: 18pt;\"><b><span lang=\"ES\">Mipymes de Ays\u00e9n invertir\u00e1n m\u00e1s de $900 millones con Plan Chile Apoya<\/span><\/b><\/span><\/p>\n<div id=\"gtx-trans\" style=\"position: absolute; left: -50px; top: 4.31534px;\">\n<div class=\"gtx-trans-icon\"><\/div>\n<\/div>\n<\/div><\/section><\/div><div class=\"flex_column av_one_full  flex_column_div av-zero-column-padding first  avia-builder-el-4  el_after_av_one_full  el_before_av_hr  column-top-margin\" style='border-radius:0px; '><section class=\"av_textblock_section \"  itemscope=\"itemscope\" itemtype=\"https:\/\/schema.org\/BlogPosting\" itemprop=\"blogPost\" ><div class='avia_textblock  '   itemprop=\"text\" ><p style=\"font-weight: 400; text-align: justify;\">M\u00e1s de 900 millones de pesos en equipamiento, difusi\u00f3n, habilitaci\u00f3n de infraestructura y capacitaci\u00f3n, entre otros, invertir\u00e1n 238 micro y peque\u00f1as empresas (mipymes) de la Regi\u00f3n de Ays\u00e9n, con los programas Recupera Tu Pyme y Recupera Turismo de Sercotec, como parte del Plan de Recuperaci\u00f3n Inclusiva Chile Apoya.<\/p>\n<p style=\"font-weight: 400; text-align: justify;\">En la ceremonia de certificaci\u00f3n realizada este martes en Coyhaique, el Delegado Presidencial Regional, Rodrigo Araya, destac\u00f3 el conjunto de medidas del Gobierno del Presidente Gabriel Boric en apoyo a las Mipymes y seguridad econ\u00f3mica del pa\u00eds.<\/p>\n<p style=\"font-weight: 400; text-align: justify;\">\u201cEstamos aportando en este periodo de reactivaci\u00f3n y queremos resaltar el esfuerzo, la confianza para seguir trabajando y mantenerse este tiempo; queremos resaltar ese esfuerzo y c\u00f3mo nosotros podemos apoyar. Esto se enmarca dentro de 121 medidas de recuperaci\u00f3n econ\u00f3mica de nuestro pa\u00eds, adem\u00e1s se aprob\u00f3 la Ley Fogape y Alivio de la Deuda Tributaria, que van a beneficiar a las micro y peque\u00f1as empresas, en especial, microempresas\u00a0 que en nuestra regi\u00f3n son tan importantes\u201d, expres\u00f3.<\/p>\n<p style=\"font-weight: 400; text-align: justify;\">Entre los beneficiarios, Nidia Aguilar de la empresa de turismo regional Buen Viaje, destac\u00f3 la importancia de estos incentivos.<\/p>\n<p style=\"font-weight: 400; text-align: justify;\">\u201cFuimos beneficiados con el Recupera Turismo hoy d\u00eda y con muchos beneficios m\u00e1s de Sercotec como emprendimiento y hoy d\u00eda d\u00e1ndonos de nuevo otra manito para ponernos de pie despu\u00e9s de tanta necesidad que pasamos los del \u00e1rea de turismo. As\u00ed que agradecido de Sercotec, del gobierno, de la nueva directora y que ojal\u00e1 tengan m\u00e1s programas iguales, en donde podamos tener una asesor\u00eda para poder levantarnos y poder crear nuevos servicios en el \u00e1rea de turismo\u201d, indic\u00f3.<\/p>\n<p style=\"font-weight: 400; text-align: justify;\">Estos fondos favorecen a microempresas de toda la regi\u00f3n, dedicadas a alojamientos turi\u0301sticos, provisio\u0301n de alimentos y bebidas, transporte de pasajeros, artesani\u0301a y convenciones, entre otros, detall\u00f3 la directora regional de Sercotec, Nelly Vargas.<\/p>\n<p style=\"font-weight: 400; text-align: justify;\">\u201cEstamos certificando a beneficiarios del programa Recupera tu PYME y Recupera Turismo, programas que vienen en el Plan de Recuperaci\u00f3n Inclusiva Chile Apoya, donde entregamos a m\u00e1s de 200 beneficiarios un subsidio de 4 millones de pesos no reembolsables\u201d, precis\u00f3.<\/p>\n<p style=\"font-weight: 400; text-align: justify;\">La seremi de Econom\u00eda, Rosa Machac\u00e1n, invit\u00f3 a conocer y participar en las actividades de la d\u00e9cima semana de la Pyme y a conocer los instrumentos disponibles para la seguridad econ\u00f3mica.<\/p>\n<p style=\"font-weight: 400; text-align: justify;\">\u201cA nivel regional se est\u00e1n realizando diversas actividades con los servicios p\u00fablicos que apoyan al fomento de manera habitual: Sercotec, Corfo, Sence, Prodemu, Fosis, porque la idea es que tengamos mejores pymes para un mejor Chile. Ese es el lema de la Semana de la Pyme este a\u00f1o y eje de nuestro gobierno, el fortalecimiento a las micro y peque\u00f1as empresas. Porque sabemos la importancia que tienen en las econom\u00edas locales, en las econom\u00edas familiares, es uno de nuestros ejes principales la reactivaci\u00f3n con un apoyo especial a las micro peque\u00f1as empresas, as\u00ed que estamos muy contentos de toda la actividad que se est\u00e1n desarrollando esta semana y principalmente de la gran noticia que tuvimos de la promulgaci\u00f3n de la Ley Fogape y de Alivio de la Deuda Tributaria\u201d, recalc\u00f3.<\/p>\n<p style=\"font-weight: 400; text-align: justify;\">En la ceremonia de certificaci\u00f3n participaron junto a los microempresarios tambi\u00e9n los seremis de Gobierno, Tatiana Pl\u00e1; Trabajo, Rodrigo D\u00edaz; Justicia, Samuel Navarro; y Culturas y Patrimonio Felipe Quiroz, y\u00a0la jefa de la Divisi\u00f3n de Fomento e Industria del Gobierno Regional, Y\u00e9ssica Lagos,\u00a0como invitados.<\/p>\n<\/div><\/section><\/div><div  style='height:50px' class='hr hr-invisible   avia-builder-el-6  el_after_av_one_full  el_before_av_social_share '><span class='hr-inner ' ><span class='hr-inner-style'><\/span><\/span><\/div><\/p>\n<div  class='av-social-sharing-box  avia-builder-el-7  el_after_av_hr  el_before_av_hr  '><div class='av-share-box'><h5 class='av-share-link-description av-no-toc '>Compartir esta noticia<\/h5><ul class='av-share-box-list noLightbox'><li class='av-share-link av-social-link-facebook' ><a target=\"_blank\" aria-label=\"Compartir en Facebook\" href='https:\/\/www.facebook.com\/sharer.php?u=https:\/\/radiorevelacionfm.cl\/?p=24865&#038;t=Mipymes%20de%20Ays%C3%A9n%20invertir%C3%A1n%20m%C3%A1s%20de%20%24900%20millones%20con%20Plan%20Chile%20Apoya' aria-hidden='false' data-av_icon='\ue8f3' data-av_iconfont='entypo-fontello' title='' data-avia-related-tooltip='Compartir en Facebook' rel=\"noopener\"><span class='avia_hidden_link_text'>Compartir en Facebook<\/span><\/a><\/li><li class='av-share-link av-social-link-twitter' ><a target=\"_blank\" aria-label=\"Compartir en Twitter\" href='https:\/\/twitter.com\/share?text=Mipymes%20de%20Ays%C3%A9n%20invertir%C3%A1n%20m%C3%A1s%20de%20%24900%20millones%20con%20Plan%20Chile%20Apoya&#038;url=https:\/\/radiorevelacionfm.cl\/?p=24865' aria-hidden='false' data-av_icon='\ue8f1' data-av_iconfont='entypo-fontello' title='' data-avia-related-tooltip='Compartir en Twitter' rel=\"noopener\"><span class='avia_hidden_link_text'>Compartir en Twitter<\/span><\/a><\/li><li class='av-share-link av-social-link-whatsapp' ><a target=\"_blank\" aria-label=\"Compartir en Whatsapp\" href='https:\/\/api.whatsapp.com\/send?text=https:\/\/radiorevelacionfm.cl\/?p=24865' aria-hidden='false' data-av_icon='\uf232' data-av_iconfont='entypo-fontello' title='' data-avia-related-tooltip='Compartir en Whatsapp' rel=\"noopener\"><span class='avia_hidden_link_text'>Compartir en Whatsapp<\/span><\/a><\/li><li class='av-share-link av-social-link-linkedin' ><a target=\"_blank\" aria-label=\"Compartir en LinkedIn\" href='https:\/\/linkedin.com\/shareArticle?mini=true&#038;title=Mipymes%20de%20Ays%C3%A9n%20invertir%C3%A1n%20m%C3%A1s%20de%20%24900%20millones%20con%20Plan%20Chile%20Apoya&#038;url=https:\/\/radiorevelacionfm.cl\/?p=24865' aria-hidden='false' data-av_icon='\ue8fc' data-av_iconfont='entypo-fontello' title='' data-avia-related-tooltip='Compartir en LinkedIn' rel=\"noopener\"><span class='avia_hidden_link_text'>Compartir en LinkedIn<\/span><\/a><\/li><li class='av-share-link av-social-link-mail' ><a  aria-label=\"Compartir por correo\" href='mailto:?subject=Mipymes%20de%20Ays%C3%A9n%20invertir%C3%A1n%20m%C3%A1s%20de%20%24900%20millones%20con%20Plan%20Chile%20Apoya&#038;body=https:\/\/radiorevelacionfm.cl\/?p=24865' aria-hidden='false' data-av_icon='\ue805' data-av_iconfont='entypo-fontello' title='' data-avia-related-tooltip='Compartir por correo'><span class='avia_hidden_link_text'>Compartir por correo<\/span><\/a><\/li><\/ul><\/div><\/div>\n<div  style='height:50px' class='hr hr-invisible   avia-builder-el-8  el_after_av_social_share  el_before_av_comments_list '><span class='hr-inner ' ><span class='hr-inner-style'><\/span><\/span><\/div>\n<div  class='av-buildercomment  av-blog-meta-html-info-disabled av-blog-meta-tag-disabled  '><\/div>\n","protected":false},"excerpt":{"rendered":"","protected":false},"author":1,"featured_media":24866,"comment_status":"open","ping_status":"open","sticky":false,"template":"","format":"standard","meta":{"footnotes":""},"categories":[38],"tags":[],"class_list":["post-24865","post","type-post","status-publish","format-standard","has-post-thumbnail","hentry","category-regional"],"jetpack_featured_media_url":"https:\/\/radiorevelacionfm.cl\/wp-content\/uploads\/2022\/11\/img_7509-1_optimized.jpg","_links":{"self":[{"href":"https:\/\/radiorevelacionfm.cl\/index.php?rest_route=\/wp\/v2\/posts\/24865","targetHints":{"allow":["GET"]}}],"collection":[{"href":"https:\/\/radiorevelacionfm.cl\/index.php?rest_route=\/wp\/v2\/posts"}],"about":[{"href":"https:\/\/radiorevelacionfm.cl\/index.php?rest_route=\/wp\/v2\/types\/post"}],"author":[{"embeddable":true,"href":"https:\/\/radiorevelacionfm.cl\/index.php?rest_route=\/wp\/v2\/users\/1"}],"replies":[{"embeddable":true,"href":"https:\/\/radiorevelacionfm.cl\/index.php?rest_route=%2Fwp%2Fv2%2Fcomments&post=24865"}],"version-history":[{"count":2,"href":"https:\/\/radiorevelacionfm.cl\/index.php?rest_route=\/wp\/v2\/posts\/24865\/revisions"}],"predecessor-version":[{"id":24871,"href":"https:\/\/radiorevelacionfm.cl\/index.php?rest_route=\/wp\/v2\/posts\/24865\/revisions\/24871"}],"wp:featuredmedia":[{"embeddable":true,"href":"https:\/\/radiorevelacionfm.cl\/index.php?rest_route=\/wp\/v2\/media\/24866"}],"wp:attachment":[{"href":"https:\/\/radiorevelacionfm.cl\/index.php?rest_route=%2Fwp%2Fv2%2Fmedia&parent=24865"}],"wp:term":[{"taxonomy":"category","embeddable":true,"href":"https:\/\/radiorevelacionfm.cl\/index.php?rest_route=%2Fwp%2Fv2%2Fcategories&post=24865"},{"taxonomy":"post_tag","embeddable":true,"href":"https:\/\/radiorevelacionfm.cl\/index.php?rest_route=%2Fwp%2Fv2%2Ftags&post=24865"}],"curies":[{"name":"wp","href":"https:\/\/api.w.org\/{rel}","templated":true}]}}