{"id":24861,"date":"2022-11-30T17:56:42","date_gmt":"2022-11-30T20:56:42","guid":{"rendered":"https:\/\/radiorevelacionfm.cl\/?p=24861"},"modified":"2022-11-30T17:56:42","modified_gmt":"2022-11-30T20:56:42","slug":"cerca-de-150-personas-fueron-parte-de-festival-deportivo-familiar-organizado-por-ind-en-puerto-aysen","status":"publish","type":"post","link":"https:\/\/radiorevelacionfm.cl\/?p=24861","title":{"rendered":"Cerca de 150 personas fueron parte de festival deportivo familiar organizado por IND en Puerto Ays\u00e9n"},"content":{"rendered":"<div class=\"flex_column av_one_full  flex_column_div av-zero-column-padding first  avia-builder-el-0  el_before_av_one_full  avia-builder-el-first  \" style='border-radius:0px; '><div  class='avia-image-container  av-styling-    avia-builder-el-1  avia-builder-el-no-sibling  avia-align-center '  itemprop=\"image\" itemscope=\"itemscope\" itemtype=\"https:\/\/schema.org\/ImageObject\"  ><div class='avia-image-container-inner'><div class='avia-image-overlay-wrap'><img decoding=\"async\" class='wp-image-24862 avia-img-lazy-loading-not-24862 avia_image' src=\"https:\/\/radiorevelacionfm.cl\/wp-content\/uploads\/2022\/11\/33-1_optimized-1.jpg\" alt='' title='33-(1)_optimized (1)' height=\"600\" width=\"900\"  itemprop=\"thumbnailUrl\" srcset=\"https:\/\/radiorevelacionfm.cl\/wp-content\/uploads\/2022\/11\/33-1_optimized-1.jpg 900w, https:\/\/radiorevelacionfm.cl\/wp-content\/uploads\/2022\/11\/33-1_optimized-1-300x200.jpg 300w, https:\/\/radiorevelacionfm.cl\/wp-content\/uploads\/2022\/11\/33-1_optimized-1-768x512.jpg 768w, https:\/\/radiorevelacionfm.cl\/wp-content\/uploads\/2022\/11\/33-1_optimized-1-705x470.jpg 705w, https:\/\/radiorevelacionfm.cl\/wp-content\/uploads\/2022\/11\/33-1_optimized-1-600x400.jpg 600w\" sizes=\"(max-width: 900px) 100vw, 900px\" \/><\/div><\/div><\/div><\/div><div class=\"flex_column av_one_full  flex_column_div av-zero-column-padding first  avia-builder-el-2  el_after_av_one_full  el_before_av_one_full  column-top-margin\" style='border-radius:0px; '><section class=\"av_textblock_section \"  itemscope=\"itemscope\" itemtype=\"https:\/\/schema.org\/BlogPosting\" itemprop=\"blogPost\" ><div class='avia_textblock  '   itemprop=\"text\" ><p style=\"text-align: center;\"><span style=\"font-size: 18pt;\"><b>Cerca de 150 personas fueron parte de festival deportivo familiar organizado por IND en Puerto Ays\u00e9n<\/b><\/span><\/p>\n<div id=\"gtx-trans\" style=\"position: absolute; left: -50px; top: 4.31534px;\">\n<div class=\"gtx-trans-icon\"><\/div>\n<\/div>\n<\/div><\/section><\/div><div class=\"flex_column av_one_full  flex_column_div av-zero-column-padding first  avia-builder-el-4  el_after_av_one_full  el_before_av_hr  column-top-margin\" style='border-radius:0px; '><section class=\"av_textblock_section \"  itemscope=\"itemscope\" itemtype=\"https:\/\/schema.org\/BlogPosting\" itemprop=\"blogPost\" ><div class='avia_textblock  '   itemprop=\"text\" ><p class=\"v1MsoNormal\" style=\"text-align: justify;\">En la Plaza de Armas se dieron cita corredores en diversas categor\u00edas, adem\u00e1s se realiz\u00f3 una cicletada familiar, juegos para los m\u00e1s peque\u00f1os, un show de magia y el Cesfam instal\u00f3 un stand de autocuidado y salud.<\/p>\n<p class=\"v1MsoNormal\" style=\"text-align: justify;\">Durante el evento ejecutado por el programa Deporte y Participaci\u00f3n Social, personas de todas las edades participaron en las corridas 2K, 5K, cicletada y una mini corrida para los m\u00e1s peque\u00f1os. La actividad comenz\u00f3 con la inscripci\u00f3n en donde el Instituto Nacional de Deportes hizo entrega a cada competidor de una polera y un pod\u00f3metro o cuenta pasos, para luego dar paso a un calentamiento con baile y zumba a cargo de una monitora IND, posteriormente se dio la largada a las corridas 2K y 5K; paralelamente se desarrollaron actividades de croquet, f\u00fatbol y mini circuito de ciclismo para ni\u00f1as y ni\u00f1os. Al finalizar la jornada deportiva y luego de la premiaci\u00f3n se realiz\u00f3 un show de magia a cargo del Mago de la Boina.<\/p>\n<p style=\"text-align: justify;\">Adem\u00e1s de promover la actividad f\u00edsica, el Festival Deportivo tambi\u00e9n impuls\u00f3 el autocuidado y la salud a trav\u00e9s de un stand del Cesfam de Puerto Ays\u00e9n realizando mediciones de glicemia y colesterol entre otros.<\/p>\n<p style=\"text-align: justify;\">La Seremi de Deportes Mar\u00eda Eugenia Dur\u00e1n Jara quien acompa\u00f1\u00f3 a las familias en la actividad se\u00f1al\u00f3\u00a0\u00ablas familias que asistieron al evento se mostraron muy felices y a gusto con la realizaci\u00f3n de este festival deportivo en un d\u00eda maravilloso y soleado, el balance que hacemos como Ministerio del Deporte e IND es absolutamente positivo, toda vez que estamos respondiendo a una necesidad latente expresada por la ciudadan\u00eda, demostrando con hechos lo mandatado por el Gobierno del Presidente Gabriel Boric, que es recuperar nuestros espacios p\u00fablicos, y qu\u00e9 mejor que con este tipo de actividades deportivas y de recreaci\u00f3n para todas y todos, que nos permite avanzar en seguridad, quit\u00e1ndole espacio a la delincuencia y al consumo de alcohol y drogas\u00bb.<\/p>\n<p style=\"text-align: justify;\">El pr\u00f3ximo Festival Deportivo Familiar se realizar\u00e1 en la\u00a0<span style=\"font-family: arial, sans-serif;\">ciudad<\/span>\u00a0de Coyhaique el s\u00e1bado 10 de diciembre, actividad que ser\u00e1 promocionada a trav\u00e9s de redes sociales del Ministerio del Deporte @MindepAysen<\/p>\n<\/div><\/section><\/div><div  style='height:50px' class='hr hr-invisible   avia-builder-el-6  el_after_av_one_full  el_before_av_social_share '><span class='hr-inner ' ><span class='hr-inner-style'><\/span><\/span><\/div><\/p>\n<div  class='av-social-sharing-box  avia-builder-el-7  el_after_av_hr  el_before_av_hr  '><div class='av-share-box'><h5 class='av-share-link-description av-no-toc '>Compartir esta noticia<\/h5><ul class='av-share-box-list noLightbox'><li class='av-share-link av-social-link-facebook' ><a target=\"_blank\" aria-label=\"Compartir en Facebook\" href='https:\/\/www.facebook.com\/sharer.php?u=https:\/\/radiorevelacionfm.cl\/?p=24861&#038;t=Cerca%20de%20150%20personas%20fueron%20parte%20de%20festival%20deportivo%20familiar%20organizado%20por%20IND%20en%20Puerto%20Ays%C3%A9n' aria-hidden='false' data-av_icon='\ue8f3' data-av_iconfont='entypo-fontello' title='' data-avia-related-tooltip='Compartir en Facebook' rel=\"noopener\"><span class='avia_hidden_link_text'>Compartir en Facebook<\/span><\/a><\/li><li class='av-share-link av-social-link-twitter' ><a target=\"_blank\" aria-label=\"Compartir en Twitter\" href='https:\/\/twitter.com\/share?text=Cerca%20de%20150%20personas%20fueron%20parte%20de%20festival%20deportivo%20familiar%20organizado%20por%20IND%20en%20Puerto%20Ays%C3%A9n&#038;url=https:\/\/radiorevelacionfm.cl\/?p=24861' aria-hidden='false' data-av_icon='\ue8f1' data-av_iconfont='entypo-fontello' title='' data-avia-related-tooltip='Compartir en Twitter' rel=\"noopener\"><span class='avia_hidden_link_text'>Compartir en Twitter<\/span><\/a><\/li><li class='av-share-link av-social-link-whatsapp' ><a target=\"_blank\" aria-label=\"Compartir en Whatsapp\" href='https:\/\/api.whatsapp.com\/send?text=https:\/\/radiorevelacionfm.cl\/?p=24861' aria-hidden='false' data-av_icon='\uf232' data-av_iconfont='entypo-fontello' title='' data-avia-related-tooltip='Compartir en Whatsapp' rel=\"noopener\"><span class='avia_hidden_link_text'>Compartir en Whatsapp<\/span><\/a><\/li><li class='av-share-link av-social-link-linkedin' ><a target=\"_blank\" aria-label=\"Compartir en LinkedIn\" href='https:\/\/linkedin.com\/shareArticle?mini=true&#038;title=Cerca%20de%20150%20personas%20fueron%20parte%20de%20festival%20deportivo%20familiar%20organizado%20por%20IND%20en%20Puerto%20Ays%C3%A9n&#038;url=https:\/\/radiorevelacionfm.cl\/?p=24861' aria-hidden='false' data-av_icon='\ue8fc' data-av_iconfont='entypo-fontello' title='' data-avia-related-tooltip='Compartir en LinkedIn' rel=\"noopener\"><span class='avia_hidden_link_text'>Compartir en LinkedIn<\/span><\/a><\/li><li class='av-share-link av-social-link-mail' ><a  aria-label=\"Compartir por correo\" href='mailto:?subject=Cerca%20de%20150%20personas%20fueron%20parte%20de%20festival%20deportivo%20familiar%20organizado%20por%20IND%20en%20Puerto%20Ays%C3%A9n&#038;body=https:\/\/radiorevelacionfm.cl\/?p=24861' aria-hidden='false' data-av_icon='\ue805' data-av_iconfont='entypo-fontello' title='' data-avia-related-tooltip='Compartir por correo'><span class='avia_hidden_link_text'>Compartir por correo<\/span><\/a><\/li><\/ul><\/div><\/div>\n<div  style='height:50px' class='hr hr-invisible   avia-builder-el-8  el_after_av_social_share  el_before_av_comments_list '><span class='hr-inner ' ><span class='hr-inner-style'><\/span><\/span><\/div>\n<div  class='av-buildercomment  av-blog-meta-html-info-disabled av-blog-meta-tag-disabled  '><\/div>\n","protected":false},"excerpt":{"rendered":"","protected":false},"author":1,"featured_media":24862,"comment_status":"open","ping_status":"open","sticky":false,"template":"","format":"standard","meta":{"footnotes":""},"categories":[40],"tags":[],"class_list":["post-24861","post","type-post","status-publish","format-standard","has-post-thumbnail","hentry","category-deportes"],"jetpack_featured_media_url":"https:\/\/radiorevelacionfm.cl\/wp-content\/uploads\/2022\/11\/33-1_optimized-1.jpg","_links":{"self":[{"href":"https:\/\/radiorevelacionfm.cl\/index.php?rest_route=\/wp\/v2\/posts\/24861","targetHints":{"allow":["GET"]}}],"collection":[{"href":"https:\/\/radiorevelacionfm.cl\/index.php?rest_route=\/wp\/v2\/posts"}],"about":[{"href":"https:\/\/radiorevelacionfm.cl\/index.php?rest_route=\/wp\/v2\/types\/post"}],"author":[{"embeddable":true,"href":"https:\/\/radiorevelacionfm.cl\/index.php?rest_route=\/wp\/v2\/users\/1"}],"replies":[{"embeddable":true,"href":"https:\/\/radiorevelacionfm.cl\/index.php?rest_route=%2Fwp%2Fv2%2Fcomments&post=24861"}],"version-history":[{"count":2,"href":"https:\/\/radiorevelacionfm.cl\/index.php?rest_route=\/wp\/v2\/posts\/24861\/revisions"}],"predecessor-version":[{"id":24864,"href":"https:\/\/radiorevelacionfm.cl\/index.php?rest_route=\/wp\/v2\/posts\/24861\/revisions\/24864"}],"wp:featuredmedia":[{"embeddable":true,"href":"https:\/\/radiorevelacionfm.cl\/index.php?rest_route=\/wp\/v2\/media\/24862"}],"wp:attachment":[{"href":"https:\/\/radiorevelacionfm.cl\/index.php?rest_route=%2Fwp%2Fv2%2Fmedia&parent=24861"}],"wp:term":[{"taxonomy":"category","embeddable":true,"href":"https:\/\/radiorevelacionfm.cl\/index.php?rest_route=%2Fwp%2Fv2%2Fcategories&post=24861"},{"taxonomy":"post_tag","embeddable":true,"href":"https:\/\/radiorevelacionfm.cl\/index.php?rest_route=%2Fwp%2Fv2%2Ftags&post=24861"}],"curies":[{"name":"wp","href":"https:\/\/api.w.org\/{rel}","templated":true}]}}