{"id":24848,"date":"2022-11-30T14:57:35","date_gmt":"2022-11-30T17:57:35","guid":{"rendered":"https:\/\/radiorevelacionfm.cl\/?p=24848"},"modified":"2022-11-30T14:57:35","modified_gmt":"2022-11-30T17:57:35","slug":"personas-mayores-dieron-a-conocer-sus-problemas-a-senama-y-autoridades-regionales-en-tarde-ludica","status":"publish","type":"post","link":"https:\/\/radiorevelacionfm.cl\/?p=24848","title":{"rendered":"Personas mayores dieron a conocer sus problemas a Senama y autoridades regionales en tarde l\u00fadica"},"content":{"rendered":"<div class=\"flex_column av_one_full  flex_column_div av-zero-column-padding first  avia-builder-el-0  el_before_av_one_full  avia-builder-el-first  \" style='border-radius:0px; '><div  class='avia-image-container  av-styling-    avia-builder-el-1  avia-builder-el-no-sibling  avia-align-center '  itemprop=\"image\" itemscope=\"itemscope\" itemtype=\"https:\/\/schema.org\/ImageObject\"  ><div class='avia-image-container-inner'><div class='avia-image-overlay-wrap'><img decoding=\"async\" class='wp-image-24850 avia-img-lazy-loading-not-24850 avia_image' src=\"https:\/\/radiorevelacionfm.cl\/wp-content\/uploads\/2022\/11\/IMG_20221125_170248502_HDR-2-1.jpg\" alt='' title='IMG_20221125_170248502_HDR (2) (1)' height=\"600\" width=\"1067\"  itemprop=\"thumbnailUrl\" srcset=\"https:\/\/radiorevelacionfm.cl\/wp-content\/uploads\/2022\/11\/IMG_20221125_170248502_HDR-2-1.jpg 1067w, https:\/\/radiorevelacionfm.cl\/wp-content\/uploads\/2022\/11\/IMG_20221125_170248502_HDR-2-1-300x169.jpg 300w, https:\/\/radiorevelacionfm.cl\/wp-content\/uploads\/2022\/11\/IMG_20221125_170248502_HDR-2-1-1030x579.jpg 1030w, https:\/\/radiorevelacionfm.cl\/wp-content\/uploads\/2022\/11\/IMG_20221125_170248502_HDR-2-1-768x432.jpg 768w, https:\/\/radiorevelacionfm.cl\/wp-content\/uploads\/2022\/11\/IMG_20221125_170248502_HDR-2-1-705x396.jpg 705w, https:\/\/radiorevelacionfm.cl\/wp-content\/uploads\/2022\/11\/IMG_20221125_170248502_HDR-2-1-600x337.jpg 600w\" sizes=\"(max-width: 1067px) 100vw, 1067px\" \/><\/div><\/div><\/div><\/div><div class=\"flex_column av_one_full  flex_column_div av-zero-column-padding first  avia-builder-el-2  el_after_av_one_full  el_before_av_one_full  column-top-margin\" style='border-radius:0px; '><section class=\"av_textblock_section \"  itemscope=\"itemscope\" itemtype=\"https:\/\/schema.org\/BlogPosting\" itemprop=\"blogPost\" ><div class='avia_textblock  '   itemprop=\"text\" ><p style=\"text-align: center;\"><strong><span style=\"font-size: 18pt;\">Personas mayores dieron a conocer sus problemas a Senama y autoridades regionales en tarde l\u00fadica<\/span><\/strong><\/p>\n<div id=\"gtx-trans\" style=\"position: absolute; left: -50px; top: 4.31534px;\">\n<div class=\"gtx-trans-icon\"><\/div>\n<\/div>\n<\/div><\/section><\/div><div class=\"flex_column av_one_full  flex_column_div av-zero-column-padding first  avia-builder-el-4  el_after_av_one_full  el_before_av_hr  column-top-margin\" style='border-radius:0px; '><section class=\"av_textblock_section \"  itemscope=\"itemscope\" itemtype=\"https:\/\/schema.org\/BlogPosting\" itemprop=\"blogPost\" ><div class='avia_textblock  '   itemprop=\"text\" ><p style=\"text-align: justify;\">La Oficina del Adulto Mayor y Discapacidad realiz\u00f3 una tarde l\u00fadica para personas mayores de Ays\u00e9n en la Sede Vecinal Pedro Aguirre Cerda apoyada por profesional Terapeuta Ocupacional de DIDECO Roc\u00edo Zapata. Hito que se marca como el evento que finaliza el Mes de las Personas Mayores, la que fue una seguidilla de actividades, pedida por los mismo celebrados, realizada entre octubre y noviembre en toda la comuna porte\u00f1a.<\/p>\n<p style=\"text-align: justify;\">Alrededor de 60 personas mayores que asistieron al lugar, gran parte trasladadas gracias a la colaboraci\u00f3n de empresa MOWI, tuvieron un momento para conversar con el coordinador del Servicio Nacional del Adulto Mayor (SENAMA) de la regi\u00f3n de Ays\u00e9n Nicol\u00e1s Quilogr\u00e1n Ca\u00f1ete, que con su equipo estuvieron atentos y anotando cada una de las peticiones que les hicieron los presentes.<\/p>\n<p style=\"text-align: justify;\">\u201cLo que hicimos fue levantar informaci\u00f3n sobre la necesidad de las personas mayores a nivel regional, que va a ser insumo para la jornada de los consejeros regionales de SENAMA que va a ser llevada a cabo en el mes de diciembre, estas personas mayores que representan a otras personas mayores van a trabajar tres d\u00edas junto a todos los consejeros a nivel nacional para, no solo llegar a acuerdos, sino tambi\u00e9n aportar al servicio para trabajar en las pol\u00edticas hacia las personas mayores de los pr\u00f3ximo a\u00f1os\u201d, coment\u00f3 el representante del SENAMA.<\/p>\n<p style=\"text-align: justify;\">Mirna Turra Alca, coordinadora de La Oficina del Adulto Mayor y discapacidad, adem\u00e1s de organizadora del evento, tambi\u00e9n habl\u00f3 de la din\u00e1mica dada en el lugar, \u201cestuve atenta a sus requerimientos, son factibles y posibles de poder llevar a cabo, pero para eso se requieren planes a mediano y largo plazo dichos planteamientos. Inclusive hay peticiones que est\u00e1n planteando que s\u00ed se necesita es trabajar en alianza y de manera colaborativa con las otras instituciones a nivel local y regional, para nosotros fundamental trabajar con todas las personas e instituciones que est\u00e1n relacionadas y vinculadas con las personas mayores\u201d.<\/p>\n<p style=\"text-align: justify;\">Igualmente, a la exposici\u00f3n llegaron autoridades como el consejero regional Sergio Gonz\u00e1lez B\u00f3rquez, el alcalde de Ays\u00e9n, Julio Uribe Alvarado, o la concejala Rosa Gonz\u00e1lez B\u00f3rquez, que escucharon atentos las vivencias de las personas mayores.<\/p>\n<p style=\"text-align: justify;\">Rosa Navarro Ruiz, presidenta de la Uni\u00f3n Comunal de Adultos Mayores Trapananda Ays\u00e9n, destac\u00f3 la llegada de las autoridades al lugar, \u201csiempre me he sentido respaldada con la delegaci\u00f3n, el alcalde, los concejales. Se nota que ellos est\u00e1n viendo como se est\u00e1 reactivando la Uni\u00f3n Comunal de Adultos Mayores porque estaba muy inactiva desde hace tiempo y hoy d\u00eda estamos presentes. Como le sigo insistiendo a mis adultos mayores, tenemos que hacer presencia, nosotros no nos debemos quedar en la casa, debemos hacernos presentes en estas convocatorias como hoy, que es la segunda que tenemos y se vio la presencia de que ellos est\u00e1n dispuestos a seguir apoyando a esta Uni\u00f3n Comunal\u201d.<\/p>\n<p style=\"text-align: justify;\">Luego de la recolecci\u00f3n de informaci\u00f3n por parte del SENAMA, se realiz\u00f3 una actividad de activaci\u00f3n de la mente y el cuerpo, que cont\u00f3 con una buena disposici\u00f3n de las personas mayores, d\u00e1ndose un momento de regocijo y camarader\u00eda, el cual fue el objetivo que ten\u00eda La Oficina del Adulto Mayor con este evento, adem\u00e1s de dar una tarde de movimiento a las personas mayores. Primeramente, se ten\u00eda presupuestado una visita a Bah\u00eda Acantilada juntos para tener una caminata por las costas de la playa, pero debido al mal tiempo se tuvo que posponer para m\u00e1s adelante la actividad.<\/p>\n<\/div><\/section><\/div><div  style='height:50px' class='hr hr-invisible   avia-builder-el-6  el_after_av_one_full  el_before_av_social_share '><span class='hr-inner ' ><span class='hr-inner-style'><\/span><\/span><\/div><\/p>\n<div  class='av-social-sharing-box  avia-builder-el-7  el_after_av_hr  el_before_av_hr  '><div class='av-share-box'><h5 class='av-share-link-description av-no-toc '>Compartir esta noticia<\/h5><ul class='av-share-box-list noLightbox'><li class='av-share-link av-social-link-facebook' ><a target=\"_blank\" aria-label=\"Compartir en Facebook\" href='https:\/\/www.facebook.com\/sharer.php?u=https:\/\/radiorevelacionfm.cl\/?p=24848&#038;t=Personas%20mayores%20dieron%20a%20conocer%20sus%20problemas%20a%20Senama%20y%20autoridades%20regionales%20en%20tarde%20l%C3%BAdica' aria-hidden='false' data-av_icon='\ue8f3' data-av_iconfont='entypo-fontello' title='' data-avia-related-tooltip='Compartir en Facebook' rel=\"noopener\"><span class='avia_hidden_link_text'>Compartir en Facebook<\/span><\/a><\/li><li class='av-share-link av-social-link-twitter' ><a target=\"_blank\" aria-label=\"Compartir en Twitter\" href='https:\/\/twitter.com\/share?text=Personas%20mayores%20dieron%20a%20conocer%20sus%20problemas%20a%20Senama%20y%20autoridades%20regionales%20en%20tarde%20l%C3%BAdica&#038;url=https:\/\/radiorevelacionfm.cl\/?p=24848' aria-hidden='false' data-av_icon='\ue8f1' data-av_iconfont='entypo-fontello' title='' data-avia-related-tooltip='Compartir en Twitter' rel=\"noopener\"><span class='avia_hidden_link_text'>Compartir en Twitter<\/span><\/a><\/li><li class='av-share-link av-social-link-whatsapp' ><a target=\"_blank\" aria-label=\"Compartir en Whatsapp\" href='https:\/\/api.whatsapp.com\/send?text=https:\/\/radiorevelacionfm.cl\/?p=24848' aria-hidden='false' data-av_icon='\uf232' data-av_iconfont='entypo-fontello' title='' data-avia-related-tooltip='Compartir en Whatsapp' rel=\"noopener\"><span class='avia_hidden_link_text'>Compartir en Whatsapp<\/span><\/a><\/li><li class='av-share-link av-social-link-linkedin' ><a target=\"_blank\" aria-label=\"Compartir en LinkedIn\" href='https:\/\/linkedin.com\/shareArticle?mini=true&#038;title=Personas%20mayores%20dieron%20a%20conocer%20sus%20problemas%20a%20Senama%20y%20autoridades%20regionales%20en%20tarde%20l%C3%BAdica&#038;url=https:\/\/radiorevelacionfm.cl\/?p=24848' aria-hidden='false' data-av_icon='\ue8fc' data-av_iconfont='entypo-fontello' title='' data-avia-related-tooltip='Compartir en LinkedIn' rel=\"noopener\"><span class='avia_hidden_link_text'>Compartir en LinkedIn<\/span><\/a><\/li><li class='av-share-link av-social-link-mail' ><a  aria-label=\"Compartir por correo\" href='mailto:?subject=Personas%20mayores%20dieron%20a%20conocer%20sus%20problemas%20a%20Senama%20y%20autoridades%20regionales%20en%20tarde%20l%C3%BAdica&#038;body=https:\/\/radiorevelacionfm.cl\/?p=24848' aria-hidden='false' data-av_icon='\ue805' data-av_iconfont='entypo-fontello' title='' data-avia-related-tooltip='Compartir por correo'><span class='avia_hidden_link_text'>Compartir por correo<\/span><\/a><\/li><\/ul><\/div><\/div>\n<div  style='height:50px' class='hr hr-invisible   avia-builder-el-8  el_after_av_social_share  el_before_av_comments_list '><span class='hr-inner ' ><span class='hr-inner-style'><\/span><\/span><\/div>\n<div  class='av-buildercomment  av-blog-meta-html-info-disabled av-blog-meta-tag-disabled  '><\/div>\n","protected":false},"excerpt":{"rendered":"","protected":false},"author":1,"featured_media":24850,"comment_status":"open","ping_status":"open","sticky":false,"template":"","format":"standard","meta":{"footnotes":""},"categories":[38],"tags":[],"class_list":["post-24848","post","type-post","status-publish","format-standard","has-post-thumbnail","hentry","category-regional"],"jetpack_featured_media_url":"https:\/\/radiorevelacionfm.cl\/wp-content\/uploads\/2022\/11\/IMG_20221125_170248502_HDR-2-1.jpg","_links":{"self":[{"href":"https:\/\/radiorevelacionfm.cl\/index.php?rest_route=\/wp\/v2\/posts\/24848","targetHints":{"allow":["GET"]}}],"collection":[{"href":"https:\/\/radiorevelacionfm.cl\/index.php?rest_route=\/wp\/v2\/posts"}],"about":[{"href":"https:\/\/radiorevelacionfm.cl\/index.php?rest_route=\/wp\/v2\/types\/post"}],"author":[{"embeddable":true,"href":"https:\/\/radiorevelacionfm.cl\/index.php?rest_route=\/wp\/v2\/users\/1"}],"replies":[{"embeddable":true,"href":"https:\/\/radiorevelacionfm.cl\/index.php?rest_route=%2Fwp%2Fv2%2Fcomments&post=24848"}],"version-history":[{"count":2,"href":"https:\/\/radiorevelacionfm.cl\/index.php?rest_route=\/wp\/v2\/posts\/24848\/revisions"}],"predecessor-version":[{"id":24852,"href":"https:\/\/radiorevelacionfm.cl\/index.php?rest_route=\/wp\/v2\/posts\/24848\/revisions\/24852"}],"wp:featuredmedia":[{"embeddable":true,"href":"https:\/\/radiorevelacionfm.cl\/index.php?rest_route=\/wp\/v2\/media\/24850"}],"wp:attachment":[{"href":"https:\/\/radiorevelacionfm.cl\/index.php?rest_route=%2Fwp%2Fv2%2Fmedia&parent=24848"}],"wp:term":[{"taxonomy":"category","embeddable":true,"href":"https:\/\/radiorevelacionfm.cl\/index.php?rest_route=%2Fwp%2Fv2%2Fcategories&post=24848"},{"taxonomy":"post_tag","embeddable":true,"href":"https:\/\/radiorevelacionfm.cl\/index.php?rest_route=%2Fwp%2Fv2%2Ftags&post=24848"}],"curies":[{"name":"wp","href":"https:\/\/api.w.org\/{rel}","templated":true}]}}