{"id":24844,"date":"2022-11-30T11:55:17","date_gmt":"2022-11-30T14:55:17","guid":{"rendered":"https:\/\/radiorevelacionfm.cl\/?p=24844"},"modified":"2022-11-30T11:55:17","modified_gmt":"2022-11-30T14:55:17","slug":"mil-guitarras-para-victor-jara-congrego-a-distintos-exponentes-regionales-en-puerto-aysen","status":"publish","type":"post","link":"https:\/\/radiorevelacionfm.cl\/?p=24844","title":{"rendered":"Mil Guitarras para V\u00edctor Jara congreg\u00f3 a distintos exponentes regionales en Puerto Ays\u00e9n"},"content":{"rendered":"<div class=\"flex_column av_one_full  flex_column_div av-zero-column-padding first  avia-builder-el-0  el_before_av_one_full  avia-builder-el-first  \" style='border-radius:0px; '><div  class='avia-image-container  av-styling-    avia-builder-el-1  avia-builder-el-no-sibling  avia-align-center '  itemprop=\"image\" itemscope=\"itemscope\" itemtype=\"https:\/\/schema.org\/ImageObject\"  ><div class='avia-image-container-inner'><div class='avia-image-overlay-wrap'><img decoding=\"async\" class='wp-image-24845 avia-img-lazy-loading-not-24845 avia_image' src=\"https:\/\/radiorevelacionfm.cl\/wp-content\/uploads\/2022\/11\/img-milguitarras-ptoaysen2-1-1.jpeg\" alt='' title='img-milguitarras-ptoaysen2 (1) (1)' height=\"600\" width=\"900\"  itemprop=\"thumbnailUrl\" srcset=\"https:\/\/radiorevelacionfm.cl\/wp-content\/uploads\/2022\/11\/img-milguitarras-ptoaysen2-1-1.jpeg 900w, https:\/\/radiorevelacionfm.cl\/wp-content\/uploads\/2022\/11\/img-milguitarras-ptoaysen2-1-1-300x200.jpeg 300w, https:\/\/radiorevelacionfm.cl\/wp-content\/uploads\/2022\/11\/img-milguitarras-ptoaysen2-1-1-768x512.jpeg 768w, https:\/\/radiorevelacionfm.cl\/wp-content\/uploads\/2022\/11\/img-milguitarras-ptoaysen2-1-1-705x470.jpeg 705w, https:\/\/radiorevelacionfm.cl\/wp-content\/uploads\/2022\/11\/img-milguitarras-ptoaysen2-1-1-600x400.jpeg 600w\" sizes=\"(max-width: 900px) 100vw, 900px\" \/><\/div><\/div><\/div><\/div><div class=\"flex_column av_one_full  flex_column_div av-zero-column-padding first  avia-builder-el-2  el_after_av_one_full  el_before_av_one_full  column-top-margin\" style='border-radius:0px; '><section class=\"av_textblock_section \"  itemscope=\"itemscope\" itemtype=\"https:\/\/schema.org\/BlogPosting\" itemprop=\"blogPost\" ><div class='avia_textblock  '   itemprop=\"text\" ><p style=\"text-align: center;\"><strong><span style=\"font-size: 18pt;\">Mil Guitarras para V\u00edctor Jara congreg\u00f3 a distintos exponentes regionales en Puerto Ays\u00e9n<\/span><\/strong><\/p>\n<div id=\"gtx-trans\" style=\"position: absolute; left: -50px; top: 4.31534px;\">\n<div class=\"gtx-trans-icon\"><\/div>\n<\/div>\n<\/div><\/section><\/div><div class=\"flex_column av_one_full  flex_column_div av-zero-column-padding first  avia-builder-el-4  el_after_av_one_full  el_before_av_hr  column-top-margin\" style='border-radius:0px; '><section class=\"av_textblock_section \"  itemscope=\"itemscope\" itemtype=\"https:\/\/schema.org\/BlogPosting\" itemprop=\"blogPost\" ><div class='avia_textblock  '   itemprop=\"text\" ><p style=\"text-align: justify;\">Con una amplia asistencia y una transmisi\u00f3n radial especial, se efectu\u00f3 desde la Casa de la Cultura de Puerto Ays\u00e9n la cuarta versi\u00f3n regional del encuentro \u201cMil Guitarras para V\u00edctor Jara\u201d. El evento organizado por la agrupaci\u00f3n Cultura Ays\u00e9n y la C\u00e9lula Edita Ampuero del Partido Comunista de Chile busc\u00f3 relevar las distintas contribuciones efectuadas a las artes esc\u00e9nicas y musicales por parte de V\u00edctor Lidio Jara Mart\u00ednez (1932 -1973), quien fuera uno de los principales exponentes de la \u201cNueva Canci\u00f3n Chilena\u201d y que tras el Golpe de Estado fue asesinado por agentes de la dictadura. M\u00fasicos de Ays\u00e9n, Coyhaique y otras localidades participaron del hito en la capital de la comuna porte\u00f1a.<\/p>\n<p style=\"text-align: justify;\">En este sentido, los artistas Savir Quintana; Javiera Navarro; Boris Verdugo; Bruno D\u00edaz, Felipe Ram\u00edrez; Pepe Jara y Milenka Adofacci fueron los protagonistas de entonar diversos temas emblem\u00e1ticos del artista nacional como \u201cNi chicha ni limon\u00e1\u201d, \u201cEl cigarrito\u201d, \u201cEl derecho de vivir en paz\u201d, entre otros que marcaron a la generaci\u00f3n de los 60\u2019s \u2013 70\u2019s por el contenido de sus liricas y que se transformaron en emblemas tras la supresi\u00f3n de la libertades individuales en la dictadura c\u00edvico -militar que enfrent\u00f3 Chile durante 1973 a 1990.<\/p>\n<p style=\"text-align: justify;\">El Secretario Pol\u00edtico de la C\u00e9lula Edita Ampuero y encargado de la organizaci\u00f3n de la actividad, Pedro \u00c1lvarez, agradeci\u00f3 a los medios de comunicaci\u00f3n presentes en la instancia y valor\u00f3 la transmisi\u00f3n en vivo efectuada por la \u00fanica emisora autorizada en Islas Huichas<\/p>\n<p style=\"text-align: justify;\">para llevar esta actividad hasta la zona insular de la comuna de Ays\u00e9n. \u201cNos deja un sabor grato la concurrencia, esta es la cuarta versi\u00f3n. Comenzamos peque\u00f1os, pero ya nos estamos preparando para el pr\u00f3ximo a\u00f1o donde queremos para abarcar lugares como Puerto Aguirre, Puerto Cisnes, de hecho, tuvimos la presencia del director de la Escuela de Puerto Aguirre y fue muy grato pues compartimos activamente de un gran encuentro\u201d.<\/p>\n<p style=\"text-align: justify;\">Finalmente, el reconocido dirigente social a\u00f1adi\u00f3 que \u201cesta es una iniciativa que nace en la Municipalidad de Recoleta, quienes ya han efectuado la decima versi\u00f3n del encuentro y nosotros lo replicamos para resaltar que V\u00edctor Jara no es tan s\u00f3lo un patrimonio cultural del Partido Comunista, sino que tambi\u00e9n, de la humanidad y eso queda plasmado en su basta obra y legado comprometido f\u00e9rreamente con los trabajadores y el pueblo de Chile y eso fue lo que buscamos rescatar en Puerto Ays\u00e9n. Invitamos a los j\u00f3venes a conocer la gran obra de V\u00edctor Jara y que hoy es reconocida a nivel mundial\u201d, sentenci\u00f3 \u00c1lvarez.<\/p>\n<\/div><\/section><\/div><div  style='height:50px' class='hr hr-invisible   avia-builder-el-6  el_after_av_one_full  el_before_av_social_share '><span class='hr-inner ' ><span class='hr-inner-style'><\/span><\/span><\/div><\/p>\n<div  class='av-social-sharing-box  avia-builder-el-7  el_after_av_hr  el_before_av_hr  '><div class='av-share-box'><h5 class='av-share-link-description av-no-toc '>Compartir esta noticia<\/h5><ul class='av-share-box-list noLightbox'><li class='av-share-link av-social-link-facebook' ><a target=\"_blank\" aria-label=\"Compartir en Facebook\" href='https:\/\/www.facebook.com\/sharer.php?u=https:\/\/radiorevelacionfm.cl\/?p=24844&#038;t=Mil%20Guitarras%20para%20V%C3%ADctor%20Jara%20congreg%C3%B3%20a%20distintos%20exponentes%20regionales%20en%20Puerto%20Ays%C3%A9n' aria-hidden='false' data-av_icon='\ue8f3' data-av_iconfont='entypo-fontello' title='' data-avia-related-tooltip='Compartir en Facebook' rel=\"noopener\"><span class='avia_hidden_link_text'>Compartir en Facebook<\/span><\/a><\/li><li class='av-share-link av-social-link-twitter' ><a target=\"_blank\" aria-label=\"Compartir en Twitter\" href='https:\/\/twitter.com\/share?text=Mil%20Guitarras%20para%20V%C3%ADctor%20Jara%20congreg%C3%B3%20a%20distintos%20exponentes%20regionales%20en%20Puerto%20Ays%C3%A9n&#038;url=https:\/\/radiorevelacionfm.cl\/?p=24844' aria-hidden='false' data-av_icon='\ue8f1' data-av_iconfont='entypo-fontello' title='' data-avia-related-tooltip='Compartir en Twitter' rel=\"noopener\"><span class='avia_hidden_link_text'>Compartir en Twitter<\/span><\/a><\/li><li class='av-share-link av-social-link-whatsapp' ><a target=\"_blank\" aria-label=\"Compartir en Whatsapp\" href='https:\/\/api.whatsapp.com\/send?text=https:\/\/radiorevelacionfm.cl\/?p=24844' aria-hidden='false' data-av_icon='\uf232' data-av_iconfont='entypo-fontello' title='' data-avia-related-tooltip='Compartir en Whatsapp' rel=\"noopener\"><span class='avia_hidden_link_text'>Compartir en Whatsapp<\/span><\/a><\/li><li class='av-share-link av-social-link-linkedin' ><a target=\"_blank\" aria-label=\"Compartir en LinkedIn\" href='https:\/\/linkedin.com\/shareArticle?mini=true&#038;title=Mil%20Guitarras%20para%20V%C3%ADctor%20Jara%20congreg%C3%B3%20a%20distintos%20exponentes%20regionales%20en%20Puerto%20Ays%C3%A9n&#038;url=https:\/\/radiorevelacionfm.cl\/?p=24844' aria-hidden='false' data-av_icon='\ue8fc' data-av_iconfont='entypo-fontello' title='' data-avia-related-tooltip='Compartir en LinkedIn' rel=\"noopener\"><span class='avia_hidden_link_text'>Compartir en LinkedIn<\/span><\/a><\/li><li class='av-share-link av-social-link-mail' ><a  aria-label=\"Compartir por correo\" href='mailto:?subject=Mil%20Guitarras%20para%20V%C3%ADctor%20Jara%20congreg%C3%B3%20a%20distintos%20exponentes%20regionales%20en%20Puerto%20Ays%C3%A9n&#038;body=https:\/\/radiorevelacionfm.cl\/?p=24844' aria-hidden='false' data-av_icon='\ue805' data-av_iconfont='entypo-fontello' title='' data-avia-related-tooltip='Compartir por correo'><span class='avia_hidden_link_text'>Compartir por correo<\/span><\/a><\/li><\/ul><\/div><\/div>\n<div  style='height:50px' class='hr hr-invisible   avia-builder-el-8  el_after_av_social_share  el_before_av_comments_list '><span class='hr-inner ' ><span class='hr-inner-style'><\/span><\/span><\/div>\n<div  class='av-buildercomment  av-blog-meta-html-info-disabled av-blog-meta-tag-disabled  '><\/div>\n","protected":false},"excerpt":{"rendered":"","protected":false},"author":1,"featured_media":24845,"comment_status":"open","ping_status":"open","sticky":false,"template":"","format":"standard","meta":{"footnotes":""},"categories":[38],"tags":[],"class_list":["post-24844","post","type-post","status-publish","format-standard","has-post-thumbnail","hentry","category-regional"],"jetpack_featured_media_url":"https:\/\/radiorevelacionfm.cl\/wp-content\/uploads\/2022\/11\/img-milguitarras-ptoaysen2-1-1.jpeg","_links":{"self":[{"href":"https:\/\/radiorevelacionfm.cl\/index.php?rest_route=\/wp\/v2\/posts\/24844","targetHints":{"allow":["GET"]}}],"collection":[{"href":"https:\/\/radiorevelacionfm.cl\/index.php?rest_route=\/wp\/v2\/posts"}],"about":[{"href":"https:\/\/radiorevelacionfm.cl\/index.php?rest_route=\/wp\/v2\/types\/post"}],"author":[{"embeddable":true,"href":"https:\/\/radiorevelacionfm.cl\/index.php?rest_route=\/wp\/v2\/users\/1"}],"replies":[{"embeddable":true,"href":"https:\/\/radiorevelacionfm.cl\/index.php?rest_route=%2Fwp%2Fv2%2Fcomments&post=24844"}],"version-history":[{"count":2,"href":"https:\/\/radiorevelacionfm.cl\/index.php?rest_route=\/wp\/v2\/posts\/24844\/revisions"}],"predecessor-version":[{"id":24847,"href":"https:\/\/radiorevelacionfm.cl\/index.php?rest_route=\/wp\/v2\/posts\/24844\/revisions\/24847"}],"wp:featuredmedia":[{"embeddable":true,"href":"https:\/\/radiorevelacionfm.cl\/index.php?rest_route=\/wp\/v2\/media\/24845"}],"wp:attachment":[{"href":"https:\/\/radiorevelacionfm.cl\/index.php?rest_route=%2Fwp%2Fv2%2Fmedia&parent=24844"}],"wp:term":[{"taxonomy":"category","embeddable":true,"href":"https:\/\/radiorevelacionfm.cl\/index.php?rest_route=%2Fwp%2Fv2%2Fcategories&post=24844"},{"taxonomy":"post_tag","embeddable":true,"href":"https:\/\/radiorevelacionfm.cl\/index.php?rest_route=%2Fwp%2Fv2%2Ftags&post=24844"}],"curies":[{"name":"wp","href":"https:\/\/api.w.org\/{rel}","templated":true}]}}