{"id":24838,"date":"2022-11-30T10:44:14","date_gmt":"2022-11-30T13:44:14","guid":{"rendered":"https:\/\/radiorevelacionfm.cl\/?p=24838"},"modified":"2022-11-30T10:44:14","modified_gmt":"2022-11-30T13:44:14","slug":"en-inspeccion-a-planta-de-procesos-en-puerto-aguirre-detectan-recursos-en-veda-y-bajo-la-talla-minima-legal","status":"publish","type":"post","link":"https:\/\/radiorevelacionfm.cl\/?p=24838","title":{"rendered":"En inspecci\u00f3n a planta de procesos en Puerto Aguirre detectan recursos en veda y bajo la talla m\u00ednima legal"},"content":{"rendered":"<div class=\"flex_column av_one_full  flex_column_div av-zero-column-padding first  avia-builder-el-0  el_before_av_one_full  avia-builder-el-first  \" style='border-radius:0px; '><div  class='avia-image-container  av-styling-    avia-builder-el-1  avia-builder-el-no-sibling  avia-align-center '  itemprop=\"image\" itemscope=\"itemscope\" itemtype=\"https:\/\/schema.org\/ImageObject\"  ><div class='avia-image-container-inner'><div class='avia-image-overlay-wrap'><img decoding=\"async\" class='wp-image-24839 avia-img-lazy-loading-not-24839 avia_image' src=\"https:\/\/radiorevelacionfm.cl\/wp-content\/uploads\/2022\/11\/10-16-1-1.jpg\" alt='' title='10 (16) (1) (1)' height=\"600\" width=\"800\"  itemprop=\"thumbnailUrl\" srcset=\"https:\/\/radiorevelacionfm.cl\/wp-content\/uploads\/2022\/11\/10-16-1-1.jpg 800w, https:\/\/radiorevelacionfm.cl\/wp-content\/uploads\/2022\/11\/10-16-1-1-300x225.jpg 300w, https:\/\/radiorevelacionfm.cl\/wp-content\/uploads\/2022\/11\/10-16-1-1-768x576.jpg 768w, https:\/\/radiorevelacionfm.cl\/wp-content\/uploads\/2022\/11\/10-16-1-1-705x529.jpg 705w, https:\/\/radiorevelacionfm.cl\/wp-content\/uploads\/2022\/11\/10-16-1-1-600x450.jpg 600w\" sizes=\"(max-width: 800px) 100vw, 800px\" \/><\/div><\/div><\/div><\/div><div class=\"flex_column av_one_full  flex_column_div av-zero-column-padding first  avia-builder-el-2  el_after_av_one_full  el_before_av_one_full  column-top-margin\" style='border-radius:0px; '><section class=\"av_textblock_section \"  itemscope=\"itemscope\" itemtype=\"https:\/\/schema.org\/BlogPosting\" itemprop=\"blogPost\" ><div class='avia_textblock  '   itemprop=\"text\" ><p style=\"text-align: center;\"><strong><span style=\"font-size: 18pt;\">En inspecci\u00f3n a planta de procesos en Puerto Aguirre detectan recursos en veda y bajo la talla m\u00ednima legal<\/span><\/strong><\/p>\n<div id=\"gtx-trans\" style=\"position: absolute; left: -50px; top: 4.31534px;\">\n<div class=\"gtx-trans-icon\"><\/div>\n<\/div>\n<\/div><\/section><\/div><div class=\"flex_column av_one_full  flex_column_div av-zero-column-padding first  avia-builder-el-4  el_after_av_one_full  el_before_av_hr  column-top-margin\" style='border-radius:0px; '><section class=\"av_textblock_section \"  itemscope=\"itemscope\" itemtype=\"https:\/\/schema.org\/BlogPosting\" itemprop=\"blogPost\" ><div class='avia_textblock  '   itemprop=\"text\" ><p style=\"font-weight: 400; text-align: justify;\">En una fiscalizaci\u00f3n de SERNAPESCA para verificar stock en plantas de proceso previo al inicio de la veda de la centolla, que en la regi\u00f3n de Ays\u00e9n comienza el 1 de diciembre y se extiende hasta el 31 de enero, detectamos el abastecimiento de centolla bajo el tama\u00f1o m\u00ednimo legal y almacenamiento de locos, recurso que actualmente se encuentra en veda.<\/p>\n<p style=\"font-weight: 400; text-align: justify;\">La inspecci\u00f3n se llev\u00f3 a cabo en una comercializadora ubicada en Puerto Aguirre, donde cursamos dos citaciones e incautamos 28.1 kilos de centolla y 17.6 kilos de locos. La centolla fue donada en la misma localidad a adultos mayores en situaci\u00f3n de vulnerabilidad, mientras que el loco, por orden de la Autoridad Sanitaria, no pudo ser donado y qued\u00f3 en poder de SERNAPESA a disposici\u00f3n de lo que resuelva el Juez.<\/p>\n<p style=\"font-weight: 400; text-align: justify;\">\u201cEs muy importante respetar las medidas de administraci\u00f3n como la veda, la talla m\u00ednima, las cuotas, entre otras para asegurar la recuperaci\u00f3n de los recursos y que la actividad pesquera sea sustentable en el tiempo. En nuestra regi\u00f3n son cientos las personas que viven de la pesca artesanal, que comercian pescados y mariscos, que procesan estos recursos y los invitamos a todos y todas a desarrollar la actividad dentro de la normativa vigente,\u201d concluy\u00f3 Jorge Padilla, director regional (s) de SERNAPESCA Ays\u00e9n.<\/p>\n<\/div><\/section><\/div><div  style='height:50px' class='hr hr-invisible   avia-builder-el-6  el_after_av_one_full  el_before_av_social_share '><span class='hr-inner ' ><span class='hr-inner-style'><\/span><\/span><\/div><\/p>\n<div  class='av-social-sharing-box  avia-builder-el-7  el_after_av_hr  el_before_av_hr  '><div class='av-share-box'><h5 class='av-share-link-description av-no-toc '>Compartir esta noticia<\/h5><ul class='av-share-box-list noLightbox'><li class='av-share-link av-social-link-facebook' ><a target=\"_blank\" aria-label=\"Compartir en Facebook\" href='https:\/\/www.facebook.com\/sharer.php?u=https:\/\/radiorevelacionfm.cl\/?p=24838&#038;t=En%20inspecci%C3%B3n%20a%20planta%20de%20procesos%20en%20Puerto%20Aguirre%20detectan%20recursos%20en%20veda%20y%20bajo%20la%20talla%20m%C3%ADnima%20legal' aria-hidden='false' data-av_icon='\ue8f3' data-av_iconfont='entypo-fontello' title='' data-avia-related-tooltip='Compartir en Facebook' rel=\"noopener\"><span class='avia_hidden_link_text'>Compartir en Facebook<\/span><\/a><\/li><li class='av-share-link av-social-link-twitter' ><a target=\"_blank\" aria-label=\"Compartir en Twitter\" href='https:\/\/twitter.com\/share?text=En%20inspecci%C3%B3n%20a%20planta%20de%20procesos%20en%20Puerto%20Aguirre%20detectan%20recursos%20en%20veda%20y%20bajo%20la%20talla%20m%C3%ADnima%20legal&#038;url=https:\/\/radiorevelacionfm.cl\/?p=24838' aria-hidden='false' data-av_icon='\ue8f1' data-av_iconfont='entypo-fontello' title='' data-avia-related-tooltip='Compartir en Twitter' rel=\"noopener\"><span class='avia_hidden_link_text'>Compartir en Twitter<\/span><\/a><\/li><li class='av-share-link av-social-link-whatsapp' ><a target=\"_blank\" aria-label=\"Compartir en Whatsapp\" href='https:\/\/api.whatsapp.com\/send?text=https:\/\/radiorevelacionfm.cl\/?p=24838' aria-hidden='false' data-av_icon='\uf232' data-av_iconfont='entypo-fontello' title='' data-avia-related-tooltip='Compartir en Whatsapp' rel=\"noopener\"><span class='avia_hidden_link_text'>Compartir en Whatsapp<\/span><\/a><\/li><li class='av-share-link av-social-link-linkedin' ><a target=\"_blank\" aria-label=\"Compartir en LinkedIn\" href='https:\/\/linkedin.com\/shareArticle?mini=true&#038;title=En%20inspecci%C3%B3n%20a%20planta%20de%20procesos%20en%20Puerto%20Aguirre%20detectan%20recursos%20en%20veda%20y%20bajo%20la%20talla%20m%C3%ADnima%20legal&#038;url=https:\/\/radiorevelacionfm.cl\/?p=24838' aria-hidden='false' data-av_icon='\ue8fc' data-av_iconfont='entypo-fontello' title='' data-avia-related-tooltip='Compartir en LinkedIn' rel=\"noopener\"><span class='avia_hidden_link_text'>Compartir en LinkedIn<\/span><\/a><\/li><li class='av-share-link av-social-link-mail' ><a  aria-label=\"Compartir por correo\" href='mailto:?subject=En%20inspecci%C3%B3n%20a%20planta%20de%20procesos%20en%20Puerto%20Aguirre%20detectan%20recursos%20en%20veda%20y%20bajo%20la%20talla%20m%C3%ADnima%20legal&#038;body=https:\/\/radiorevelacionfm.cl\/?p=24838' aria-hidden='false' data-av_icon='\ue805' data-av_iconfont='entypo-fontello' title='' data-avia-related-tooltip='Compartir por correo'><span class='avia_hidden_link_text'>Compartir por correo<\/span><\/a><\/li><\/ul><\/div><\/div>\n<div  style='height:50px' class='hr hr-invisible   avia-builder-el-8  el_after_av_social_share  el_before_av_comments_list '><span class='hr-inner ' ><span class='hr-inner-style'><\/span><\/span><\/div>\n<div  class='av-buildercomment  av-blog-meta-html-info-disabled av-blog-meta-tag-disabled  '><\/div>\n","protected":false},"excerpt":{"rendered":"","protected":false},"author":1,"featured_media":24839,"comment_status":"open","ping_status":"open","sticky":false,"template":"","format":"standard","meta":{"footnotes":""},"categories":[60],"tags":[],"class_list":["post-24838","post","type-post","status-publish","format-standard","has-post-thumbnail","hentry","category-pesca"],"jetpack_featured_media_url":"https:\/\/radiorevelacionfm.cl\/wp-content\/uploads\/2022\/11\/10-16-1-1.jpg","_links":{"self":[{"href":"https:\/\/radiorevelacionfm.cl\/index.php?rest_route=\/wp\/v2\/posts\/24838","targetHints":{"allow":["GET"]}}],"collection":[{"href":"https:\/\/radiorevelacionfm.cl\/index.php?rest_route=\/wp\/v2\/posts"}],"about":[{"href":"https:\/\/radiorevelacionfm.cl\/index.php?rest_route=\/wp\/v2\/types\/post"}],"author":[{"embeddable":true,"href":"https:\/\/radiorevelacionfm.cl\/index.php?rest_route=\/wp\/v2\/users\/1"}],"replies":[{"embeddable":true,"href":"https:\/\/radiorevelacionfm.cl\/index.php?rest_route=%2Fwp%2Fv2%2Fcomments&post=24838"}],"version-history":[{"count":2,"href":"https:\/\/radiorevelacionfm.cl\/index.php?rest_route=\/wp\/v2\/posts\/24838\/revisions"}],"predecessor-version":[{"id":24841,"href":"https:\/\/radiorevelacionfm.cl\/index.php?rest_route=\/wp\/v2\/posts\/24838\/revisions\/24841"}],"wp:featuredmedia":[{"embeddable":true,"href":"https:\/\/radiorevelacionfm.cl\/index.php?rest_route=\/wp\/v2\/media\/24839"}],"wp:attachment":[{"href":"https:\/\/radiorevelacionfm.cl\/index.php?rest_route=%2Fwp%2Fv2%2Fmedia&parent=24838"}],"wp:term":[{"taxonomy":"category","embeddable":true,"href":"https:\/\/radiorevelacionfm.cl\/index.php?rest_route=%2Fwp%2Fv2%2Fcategories&post=24838"},{"taxonomy":"post_tag","embeddable":true,"href":"https:\/\/radiorevelacionfm.cl\/index.php?rest_route=%2Fwp%2Fv2%2Ftags&post=24838"}],"curies":[{"name":"wp","href":"https:\/\/api.w.org\/{rel}","templated":true}]}}