{"id":2483,"date":"2021-02-09T10:08:08","date_gmt":"2021-02-09T13:08:08","guid":{"rendered":"https:\/\/radiorevelacionfm.cl\/?p=2483"},"modified":"2021-02-09T10:08:08","modified_gmt":"2021-02-09T13:08:08","slug":"dirigentes-sociales-y-autoridades-regionales-comunales-participaron-de-conversatorio-aysen-yo-me-vacuno","status":"publish","type":"post","link":"https:\/\/radiorevelacionfm.cl\/?p=2483","title":{"rendered":"Dirigentes sociales y autoridades regionales-comunales participaron de conversatorio \u201cAys\u00e9n, Yo Me Vacuno\u201d"},"content":{"rendered":"<div class=\"flex_column av_one_full  flex_column_div av-zero-column-padding first  avia-builder-el-0  el_before_av_one_full  avia-builder-el-first  \" style='border-radius:0px; '><div  class='avia-image-container  av-styling-    avia-builder-el-1  avia-builder-el-no-sibling  avia-align-center '  itemprop=\"image\" itemscope=\"itemscope\" itemtype=\"https:\/\/schema.org\/ImageObject\"  ><div class='avia-image-container-inner'><div class='avia-image-overlay-wrap'><img decoding=\"async\" class='wp-image-0 avia-img-lazy-loading-not-0 avia_image' src=\"https:\/\/radiorevelacionfm.cl\/wp-content\/uploads\/2021\/02\/foto-conversatorio-2_optimized.jpeg\" alt='' title=''   itemprop=\"thumbnailUrl\"  \/><\/div><\/div><\/div><\/div><div class=\"flex_column av_one_full  flex_column_div av-zero-column-padding first  avia-builder-el-2  el_after_av_one_full  el_before_av_one_full  column-top-margin\" style='border-radius:0px; '><section class=\"av_textblock_section \"  itemscope=\"itemscope\" itemtype=\"https:\/\/schema.org\/BlogPosting\" itemprop=\"blogPost\" ><div class='avia_textblock  '   itemprop=\"text\" ><p style=\"text-align: center;\"><span style=\"font-size: 18pt;\"><strong>Dirigentes sociales y autoridades regionales-comunales participaron de conversatorio \u201cAys\u00e9n, Yo Me Vacuno\u201d<\/strong><\/span><\/p>\n<div id=\"gtx-trans\" style=\"position: absolute; left: -50px; top: 4.31534px;\">\n<div class=\"gtx-trans-icon\"><\/div>\n<\/div>\n<\/div><\/section><\/div><div class=\"flex_column av_one_full  flex_column_div av-zero-column-padding first  avia-builder-el-4  el_after_av_one_full  el_before_av_hr  column-top-margin\" style='border-radius:0px; '><section class=\"av_textblock_section \"  itemscope=\"itemscope\" itemtype=\"https:\/\/schema.org\/BlogPosting\" itemprop=\"blogPost\" ><div class='avia_textblock  '   itemprop=\"text\" ><p style=\"text-align: justify;\"><em>En esta instancia -organizada por el Servicio de Salud Ays\u00e9n- se dio a conocer el plan de vacunaci\u00f3n y el calendario de inmunizaci\u00f3n, inform\u00e1ndose adem\u00e1s los distintos grupos prioritarios. <\/em><\/p>\n<p style=\"text-align: justify;\">M\u00e1s de 30 personas, entre autoridades regionales, concejales de distintas comunas de la regi\u00f3n y dirigentes sociales participaron del Conversatorio de Salud denominado \u201cAys\u00e9n, Yo Me Vacuno\u201d, realizado en Coyhaique a trav\u00e9s de la plataforma Zoom, organizado por el Servicio de Salud Ays\u00e9n y donde los vecinos recibieron valiosa informaci\u00f3n sobre el proceso de vacunaci\u00f3n masiva que se est\u00e1 ejecutando en todo el pa\u00eds.<\/p>\n<p style=\"text-align: justify;\">Desde la comuna de R\u00edo Ib\u00e1\u00f1ez la Intendenta de Ays\u00e9n, Margarita Ossa, tambi\u00e9n dijo presente en el conversatorio, explicando posteriormente que \u201cesta actividad es muy valiosa porque estamos teniendo un contacto directo con nuestra gente, entreg\u00e1ndoles informaci\u00f3n de suma relevancia y por sobre todo esperanza de vida, en medio de este proceso in\u00e9dito y sin precedente de vacunaci\u00f3n. Yo por lo mismo, quiero felicitar al Servicio de Salud por atender esta emergencia de cara a la ciudadan\u00eda, algo que como Gobierno de Chile estamos haciendo d\u00eda a d\u00eda\u201d, dijo.<\/p>\n<p style=\"text-align: justify;\">Por su parte, Gabriel Burgos, director del Servicio de Salud Ays\u00e9n, manifest\u00f3 que \u201ceste conversatorio tuvo por objetivo primordial otorgar un espacio de di\u00e1logo a la comunidad representada por dirigentes sociales y vecinales, adem\u00e1s de autoridades comunales. En esta jornada pudimos -como Servicio- dar respuesta a distintas inquietudes y necesidades que se plantearon respecto a este hist\u00f3rico proceso de vacunaci\u00f3n masiva que estamos llevando a cabo en la regi\u00f3n, como as\u00ed tambi\u00e9n en todo el pa\u00eds\u201d.<\/p>\n<p style=\"text-align: justify;\">Igualmente, V\u00edctor Soto, presidente regional del Consejo de Mayores Senama y Presidente Uni\u00f3n Nacional de Pensionados Coyhaique, manifest\u00f3 que \u201ceste tipo de espacios de conversaci\u00f3n son muy importantes y que mejor que contar con m\u00e1s informaci\u00f3n de las vacunas, que son una gran alternativa para comenzar a salir de esta pandemia. Esta informaci\u00f3n valiosa ser\u00e1 entregada a cada uno de nuestros asociados para que se hagan parte de este proceso\u201d.<\/p>\n<p style=\"text-align: justify;\">Cabe destacar, que en el conversatorio se dio a conocer el plan de vacunaci\u00f3n y tambi\u00e9n el calendario de inmunizaciones, como as\u00ed tambi\u00e9n los participantes conocieron los distintos grupos prioritarios, entre otros.<\/p>\n<\/div><\/section><\/div><div  style='height:50px' class='hr hr-invisible   avia-builder-el-6  el_after_av_one_full  el_before_av_social_share '><span class='hr-inner ' ><span class='hr-inner-style'><\/span><\/span><\/div><\/p>\n<div  class='av-social-sharing-box  avia-builder-el-7  el_after_av_hr  el_before_av_hr  '><div class='av-share-box'><h5 class='av-share-link-description av-no-toc '>Compartir esta noticia<\/h5><ul class='av-share-box-list noLightbox'><li class='av-share-link av-social-link-facebook' ><a target=\"_blank\" aria-label=\"Compartir en Facebook\" href='https:\/\/www.facebook.com\/sharer.php?u=https:\/\/radiorevelacionfm.cl\/?p=2483&#038;t=Dirigentes%20sociales%20y%20autoridades%20regionales-comunales%20participaron%20de%20conversatorio%20%E2%80%9CAys%C3%A9n%2C%20Yo%20Me%20Vacuno%E2%80%9D' aria-hidden='false' data-av_icon='\ue8f3' data-av_iconfont='entypo-fontello' title='' data-avia-related-tooltip='Compartir en Facebook' rel=\"noopener\"><span class='avia_hidden_link_text'>Compartir en Facebook<\/span><\/a><\/li><li class='av-share-link av-social-link-twitter' ><a target=\"_blank\" aria-label=\"Compartir en Twitter\" href='https:\/\/twitter.com\/share?text=Dirigentes%20sociales%20y%20autoridades%20regionales-comunales%20participaron%20de%20conversatorio%20%E2%80%9CAys%C3%A9n%2C%20Yo%20Me%20Vacuno%E2%80%9D&#038;url=https:\/\/radiorevelacionfm.cl\/?p=2483' aria-hidden='false' data-av_icon='\ue8f1' data-av_iconfont='entypo-fontello' title='' data-avia-related-tooltip='Compartir en Twitter' rel=\"noopener\"><span class='avia_hidden_link_text'>Compartir en Twitter<\/span><\/a><\/li><li class='av-share-link av-social-link-whatsapp' ><a target=\"_blank\" aria-label=\"Compartir en Whatsapp\" href='https:\/\/api.whatsapp.com\/send?text=https:\/\/radiorevelacionfm.cl\/?p=2483' aria-hidden='false' data-av_icon='\uf232' data-av_iconfont='entypo-fontello' title='' data-avia-related-tooltip='Compartir en Whatsapp' rel=\"noopener\"><span class='avia_hidden_link_text'>Compartir en Whatsapp<\/span><\/a><\/li><li class='av-share-link av-social-link-linkedin' ><a target=\"_blank\" aria-label=\"Compartir en LinkedIn\" href='https:\/\/linkedin.com\/shareArticle?mini=true&#038;title=Dirigentes%20sociales%20y%20autoridades%20regionales-comunales%20participaron%20de%20conversatorio%20%E2%80%9CAys%C3%A9n%2C%20Yo%20Me%20Vacuno%E2%80%9D&#038;url=https:\/\/radiorevelacionfm.cl\/?p=2483' aria-hidden='false' data-av_icon='\ue8fc' data-av_iconfont='entypo-fontello' title='' data-avia-related-tooltip='Compartir en LinkedIn' rel=\"noopener\"><span class='avia_hidden_link_text'>Compartir en LinkedIn<\/span><\/a><\/li><li class='av-share-link av-social-link-mail' ><a  aria-label=\"Compartir por correo\" href='mailto:?subject=Dirigentes%20sociales%20y%20autoridades%20regionales-comunales%20participaron%20de%20conversatorio%20%E2%80%9CAys%C3%A9n%2C%20Yo%20Me%20Vacuno%E2%80%9D&#038;body=https:\/\/radiorevelacionfm.cl\/?p=2483' aria-hidden='false' data-av_icon='\ue805' data-av_iconfont='entypo-fontello' title='' data-avia-related-tooltip='Compartir por correo'><span class='avia_hidden_link_text'>Compartir por correo<\/span><\/a><\/li><\/ul><\/div><\/div>\n<div  style='height:50px' class='hr hr-invisible   avia-builder-el-8  el_after_av_social_share  el_before_av_comments_list '><span class='hr-inner ' ><span class='hr-inner-style'><\/span><\/span><\/div>\n<div  class='av-buildercomment  av-blog-meta-html-info-disabled av-blog-meta-tag-disabled  '><\/div>\n","protected":false},"excerpt":{"rendered":"","protected":false},"author":1,"featured_media":0,"comment_status":"open","ping_status":"open","sticky":false,"template":"","format":"standard","meta":{"footnotes":""},"categories":[46],"tags":[],"class_list":["post-2483","post","type-post","status-publish","format-standard","hentry","category-salud"],"jetpack_featured_media_url":"","_links":{"self":[{"href":"https:\/\/radiorevelacionfm.cl\/index.php?rest_route=\/wp\/v2\/posts\/2483","targetHints":{"allow":["GET"]}}],"collection":[{"href":"https:\/\/radiorevelacionfm.cl\/index.php?rest_route=\/wp\/v2\/posts"}],"about":[{"href":"https:\/\/radiorevelacionfm.cl\/index.php?rest_route=\/wp\/v2\/types\/post"}],"author":[{"embeddable":true,"href":"https:\/\/radiorevelacionfm.cl\/index.php?rest_route=\/wp\/v2\/users\/1"}],"replies":[{"embeddable":true,"href":"https:\/\/radiorevelacionfm.cl\/index.php?rest_route=%2Fwp%2Fv2%2Fcomments&post=2483"}],"version-history":[{"count":1,"href":"https:\/\/radiorevelacionfm.cl\/index.php?rest_route=\/wp\/v2\/posts\/2483\/revisions"}],"predecessor-version":[{"id":2485,"href":"https:\/\/radiorevelacionfm.cl\/index.php?rest_route=\/wp\/v2\/posts\/2483\/revisions\/2485"}],"wp:attachment":[{"href":"https:\/\/radiorevelacionfm.cl\/index.php?rest_route=%2Fwp%2Fv2%2Fmedia&parent=2483"}],"wp:term":[{"taxonomy":"category","embeddable":true,"href":"https:\/\/radiorevelacionfm.cl\/index.php?rest_route=%2Fwp%2Fv2%2Fcategories&post=2483"},{"taxonomy":"post_tag","embeddable":true,"href":"https:\/\/radiorevelacionfm.cl\/index.php?rest_route=%2Fwp%2Fv2%2Ftags&post=2483"}],"curies":[{"name":"wp","href":"https:\/\/api.w.org\/{rel}","templated":true}]}}