{"id":24828,"date":"2022-11-30T09:42:00","date_gmt":"2022-11-30T12:42:00","guid":{"rendered":"https:\/\/radiorevelacionfm.cl\/?p=24828"},"modified":"2022-11-30T09:42:00","modified_gmt":"2022-11-30T12:42:00","slug":"hasta-el-02-de-diciembre-egresados-de-ensenanza-media-podran-postular-a-cupo-especial-para-ingresar-a-la-universidad","status":"publish","type":"post","link":"https:\/\/radiorevelacionfm.cl\/?p=24828","title":{"rendered":"Hasta el 02 de diciembre egresados de ense\u00f1anza media podr\u00e1n postular a cupo especial para ingresar a la universidad"},"content":{"rendered":"<div class=\"flex_column av_one_full  flex_column_div av-zero-column-padding first  avia-builder-el-0  el_before_av_one_full  avia-builder-el-first  \" style='border-radius:0px; '><div  class='avia-image-container  av-styling-    avia-builder-el-1  avia-builder-el-no-sibling  avia-align-center '  itemprop=\"image\" itemscope=\"itemscope\" itemtype=\"https:\/\/schema.org\/ImageObject\"  ><div class='avia-image-container-inner'><div class='avia-image-overlay-wrap'><img decoding=\"async\" class='wp-image-24829 avia-img-lazy-loading-not-24829 avia_image' src=\"https:\/\/radiorevelacionfm.cl\/wp-content\/uploads\/2022\/11\/CUPO-EXPLORA-UNESCO-2-1.jpg\" alt='' title='CUPO-EXPLORA-UNESCO (2) (1)' height=\"600\" width=\"831\"  itemprop=\"thumbnailUrl\" srcset=\"https:\/\/radiorevelacionfm.cl\/wp-content\/uploads\/2022\/11\/CUPO-EXPLORA-UNESCO-2-1.jpg 831w, https:\/\/radiorevelacionfm.cl\/wp-content\/uploads\/2022\/11\/CUPO-EXPLORA-UNESCO-2-1-300x217.jpg 300w, https:\/\/radiorevelacionfm.cl\/wp-content\/uploads\/2022\/11\/CUPO-EXPLORA-UNESCO-2-1-768x555.jpg 768w, https:\/\/radiorevelacionfm.cl\/wp-content\/uploads\/2022\/11\/CUPO-EXPLORA-UNESCO-2-1-705x509.jpg 705w, https:\/\/radiorevelacionfm.cl\/wp-content\/uploads\/2022\/11\/CUPO-EXPLORA-UNESCO-2-1-600x433.jpg 600w\" sizes=\"(max-width: 831px) 100vw, 831px\" \/><\/div><\/div><\/div><\/div><div class=\"flex_column av_one_full  flex_column_div av-zero-column-padding first  avia-builder-el-2  el_after_av_one_full  el_before_av_one_full  column-top-margin\" style='border-radius:0px; '><section class=\"av_textblock_section \"  itemscope=\"itemscope\" itemtype=\"https:\/\/schema.org\/BlogPosting\" itemprop=\"blogPost\" ><div class='avia_textblock  '   itemprop=\"text\" ><p style=\"text-align: center;\"><span style=\"font-size: 18pt;\"><b><span lang=\"es\">Hasta el 02 de diciembre egresados de ense\u00f1anza media podr\u00e1n postular a cupo especial para ingresar a la universidad<\/span><\/b><\/span><\/p>\n<div id=\"gtx-trans\" style=\"position: absolute; left: -50px; top: 4.31534px;\">\n<div class=\"gtx-trans-icon\"><\/div>\n<\/div>\n<\/div><\/section><\/div><div class=\"flex_column av_one_full  flex_column_div av-zero-column-padding first  avia-builder-el-4  el_after_av_one_full  el_before_av_hr  column-top-margin\" style='border-radius:0px; '><section class=\"av_textblock_section \"  itemscope=\"itemscope\" itemtype=\"https:\/\/schema.org\/BlogPosting\" itemprop=\"blogPost\" ><div class='avia_textblock  '   itemprop=\"text\" ><p class=\"v1MsoNormal\" style=\"text-align: justify;\"><span lang=\"es\">El Cupo Explora-UNESCO es una v\u00eda de acceso especial a la educaci\u00f3n superior. Ofrece 755 cupos para que j\u00f3venes con trayectoria cient\u00edfica escolar puedan estudiar cualquier carrera de las 18 casas de estudios que se encuentren en convenio con el Ministerio de Ciencia, Tecnolog\u00eda, Conocimiento e Innovaci\u00f3n (CTCI).<\/span><\/p>\n<p class=\"v1MsoNormal\" style=\"text-align: justify;\"><span lang=\"es\">Creada a partir del trabajo conjunto entre la C\u00e1tedra UNESCO, constituida a trav\u00e9s de la Universidad de Santiago, y el Programa Explora, el Cupo Explora-UNESCO es una iniciativa que busca garantizar el acceso inclusivo a la educaci\u00f3n superior a estudiantes egresados de ense\u00f1anza media que hayan participado, al menos por un a\u00f1o, en alguna actividad de Explora.<\/span><\/p>\n<p class=\"v1MsoNormal\" style=\"text-align: justify;\"><span lang=\"es\">\u00abEsta instancia busca reconocer la trayectoria de j\u00f3venes talentos que durante su \u00e9poca escolar han trabajado en ciencia y tecnolog\u00eda a trav\u00e9s de las diferentes iniciativas que el PAR Explora ha desarrollado y que, por diversos motivos, no tienen un buen puntaje en la prueba de acceso a la educaci\u00f3n superior. Queremos facilitar su ingreso a una de las 18 universidades que a lo largo del pa\u00eds est\u00e1n en convenio con el ministerio. Hay cerca de 350 carreras asociadas a las artes, humanidades, ciencias naturales, ciencias sociales, ciencias de la salud y de las ingenier\u00edas a las que pueden acceder a trav\u00e9s de esta v\u00eda especial\u00bb, explic\u00f3 la seremi de Ciencia de la macrozona Austral, Ver\u00f3nica Vallejos.<\/span><\/p>\n<p class=\"v1MsoNormal\" style=\"text-align: justify;\"><span lang=\"es\">Viviana Pizarro, directora del PAR Explora Ays\u00e9n, expres\u00f3 que este cupo es \u00abun reconocimiento a los y las estudiantes que han tenido una trayectoria cient\u00edfica a lo largo de su vida escolar. Reconoce el tiempo que dedicaron a curiosear, investigar, a buscar soluciones creativas y resolver las problem\u00e1ticas de su entorno. Es una gran oportunidad para que puedan seguir por el camino de la ciencia, la tecnolog\u00eda y la innovaci\u00f3n\u00bb.<\/span><\/p>\n<p class=\"v1MsoNormal\" style=\"text-align: justify;\"><span lang=\"es\">Entre los requisitos para postular se mencionan el haber participado al menos 1 a\u00f1o en alguna de las siguientes actividades del programa Explora: Investigaci\u00f3n e Innovaci\u00f3n Escolar (IIE), Academias, Clubes, investigaci\u00f3n escolar, Congresos Explora; haber egresado el 2020, 2021 o 2022 de ense\u00f1anza media; tener rendida la Prueba de Transici\u00f3n (PDT) durante el a\u00f1o 2021 y\/o julio del 2022, y\/o estar inscrito\/a en la Prueba de Acceso a la Educaci\u00f3n Superior (PAES).<\/span><\/p>\n<p class=\"v1MsoNormal\" style=\"text-align: justify;\"><span lang=\"es\">La convocatoria estar\u00e1 abierta hasta el viernes 2 de diciembre a las 16:00 horas. M\u00e1s informaci\u00f3n en la p\u00e1gina web<\/span><span lang=\"es\"><a href=\"https:\/\/www.explora.cl\/blog\/cupoexploraunesco\/\" target=\"_blank\" rel=\"noopener noreferrer\">\u00a0<\/a><a href=\"https:\/\/www.explora.cl\/blog\/cupoexploraunesco\/\" target=\"_blank\" rel=\"noopener noreferrer\">https:\/\/www.explora.cl\/blog\/cupoexploraunesco\/<\/a><\/span><span lang=\"es\">.<\/span><\/p>\n<div style=\"text-align: justify;\"><\/div>\n<\/div><\/section><\/div><div  style='height:50px' class='hr hr-invisible   avia-builder-el-6  el_after_av_one_full  el_before_av_social_share '><span class='hr-inner ' ><span class='hr-inner-style'><\/span><\/span><\/div><\/p>\n<div  class='av-social-sharing-box  avia-builder-el-7  el_after_av_hr  el_before_av_hr  '><div class='av-share-box'><h5 class='av-share-link-description av-no-toc '>Compartir esta noticia<\/h5><ul class='av-share-box-list noLightbox'><li class='av-share-link av-social-link-facebook' ><a target=\"_blank\" aria-label=\"Compartir en Facebook\" href='https:\/\/www.facebook.com\/sharer.php?u=https:\/\/radiorevelacionfm.cl\/?p=24828&#038;t=Hasta%20el%2002%20de%20diciembre%20egresados%20de%20ense%C3%B1anza%20media%20podr%C3%A1n%20postular%20a%20cupo%20especial%20para%20ingresar%20a%20la%20universidad' aria-hidden='false' data-av_icon='\ue8f3' data-av_iconfont='entypo-fontello' title='' data-avia-related-tooltip='Compartir en Facebook' rel=\"noopener\"><span class='avia_hidden_link_text'>Compartir en Facebook<\/span><\/a><\/li><li class='av-share-link av-social-link-twitter' ><a target=\"_blank\" aria-label=\"Compartir en Twitter\" href='https:\/\/twitter.com\/share?text=Hasta%20el%2002%20de%20diciembre%20egresados%20de%20ense%C3%B1anza%20media%20podr%C3%A1n%20postular%20a%20cupo%20especial%20para%20ingresar%20a%20la%20universidad&#038;url=https:\/\/radiorevelacionfm.cl\/?p=24828' aria-hidden='false' data-av_icon='\ue8f1' data-av_iconfont='entypo-fontello' title='' data-avia-related-tooltip='Compartir en Twitter' rel=\"noopener\"><span class='avia_hidden_link_text'>Compartir en Twitter<\/span><\/a><\/li><li class='av-share-link av-social-link-whatsapp' ><a target=\"_blank\" aria-label=\"Compartir en Whatsapp\" href='https:\/\/api.whatsapp.com\/send?text=https:\/\/radiorevelacionfm.cl\/?p=24828' aria-hidden='false' data-av_icon='\uf232' data-av_iconfont='entypo-fontello' title='' data-avia-related-tooltip='Compartir en Whatsapp' rel=\"noopener\"><span class='avia_hidden_link_text'>Compartir en Whatsapp<\/span><\/a><\/li><li class='av-share-link av-social-link-linkedin' ><a target=\"_blank\" aria-label=\"Compartir en LinkedIn\" href='https:\/\/linkedin.com\/shareArticle?mini=true&#038;title=Hasta%20el%2002%20de%20diciembre%20egresados%20de%20ense%C3%B1anza%20media%20podr%C3%A1n%20postular%20a%20cupo%20especial%20para%20ingresar%20a%20la%20universidad&#038;url=https:\/\/radiorevelacionfm.cl\/?p=24828' aria-hidden='false' data-av_icon='\ue8fc' data-av_iconfont='entypo-fontello' title='' data-avia-related-tooltip='Compartir en LinkedIn' rel=\"noopener\"><span class='avia_hidden_link_text'>Compartir en LinkedIn<\/span><\/a><\/li><li class='av-share-link av-social-link-mail' ><a  aria-label=\"Compartir por correo\" href='mailto:?subject=Hasta%20el%2002%20de%20diciembre%20egresados%20de%20ense%C3%B1anza%20media%20podr%C3%A1n%20postular%20a%20cupo%20especial%20para%20ingresar%20a%20la%20universidad&#038;body=https:\/\/radiorevelacionfm.cl\/?p=24828' aria-hidden='false' data-av_icon='\ue805' data-av_iconfont='entypo-fontello' title='' data-avia-related-tooltip='Compartir por correo'><span class='avia_hidden_link_text'>Compartir por correo<\/span><\/a><\/li><\/ul><\/div><\/div>\n<div  style='height:50px' class='hr hr-invisible   avia-builder-el-8  el_after_av_social_share  el_before_av_comments_list '><span class='hr-inner ' ><span class='hr-inner-style'><\/span><\/span><\/div>\n<div  class='av-buildercomment  av-blog-meta-html-info-disabled av-blog-meta-tag-disabled  '><\/div>\n","protected":false},"excerpt":{"rendered":"","protected":false},"author":1,"featured_media":24829,"comment_status":"open","ping_status":"open","sticky":false,"template":"","format":"standard","meta":{"footnotes":""},"categories":[53],"tags":[],"class_list":["post-24828","post","type-post","status-publish","format-standard","has-post-thumbnail","hentry","category-ciencia"],"jetpack_featured_media_url":"https:\/\/radiorevelacionfm.cl\/wp-content\/uploads\/2022\/11\/CUPO-EXPLORA-UNESCO-2-1.jpg","_links":{"self":[{"href":"https:\/\/radiorevelacionfm.cl\/index.php?rest_route=\/wp\/v2\/posts\/24828","targetHints":{"allow":["GET"]}}],"collection":[{"href":"https:\/\/radiorevelacionfm.cl\/index.php?rest_route=\/wp\/v2\/posts"}],"about":[{"href":"https:\/\/radiorevelacionfm.cl\/index.php?rest_route=\/wp\/v2\/types\/post"}],"author":[{"embeddable":true,"href":"https:\/\/radiorevelacionfm.cl\/index.php?rest_route=\/wp\/v2\/users\/1"}],"replies":[{"embeddable":true,"href":"https:\/\/radiorevelacionfm.cl\/index.php?rest_route=%2Fwp%2Fv2%2Fcomments&post=24828"}],"version-history":[{"count":2,"href":"https:\/\/radiorevelacionfm.cl\/index.php?rest_route=\/wp\/v2\/posts\/24828\/revisions"}],"predecessor-version":[{"id":24833,"href":"https:\/\/radiorevelacionfm.cl\/index.php?rest_route=\/wp\/v2\/posts\/24828\/revisions\/24833"}],"wp:featuredmedia":[{"embeddable":true,"href":"https:\/\/radiorevelacionfm.cl\/index.php?rest_route=\/wp\/v2\/media\/24829"}],"wp:attachment":[{"href":"https:\/\/radiorevelacionfm.cl\/index.php?rest_route=%2Fwp%2Fv2%2Fmedia&parent=24828"}],"wp:term":[{"taxonomy":"category","embeddable":true,"href":"https:\/\/radiorevelacionfm.cl\/index.php?rest_route=%2Fwp%2Fv2%2Fcategories&post=24828"},{"taxonomy":"post_tag","embeddable":true,"href":"https:\/\/radiorevelacionfm.cl\/index.php?rest_route=%2Fwp%2Fv2%2Ftags&post=24828"}],"curies":[{"name":"wp","href":"https:\/\/api.w.org\/{rel}","templated":true}]}}