{"id":24824,"date":"2022-11-29T19:07:12","date_gmt":"2022-11-29T22:07:12","guid":{"rendered":"https:\/\/radiorevelacionfm.cl\/?p=24824"},"modified":"2022-11-29T19:07:12","modified_gmt":"2022-11-29T22:07:12","slug":"en-coyhaique-carabineros-capacita-al-abc-de-la-emergencia-sobre-medidas-de-seguridad-en-operaciones-aereas","status":"publish","type":"post","link":"https:\/\/radiorevelacionfm.cl\/?p=24824","title":{"rendered":"En Coyhaique Carabineros capacita al ABC de la emergencia sobre medidas de seguridad en operaciones a\u00e9reas"},"content":{"rendered":"<div class=\"flex_column av_one_full  flex_column_div av-zero-column-padding first  avia-builder-el-0  el_before_av_one_full  avia-builder-el-first  \" style='border-radius:0px; '><div  class='avia-image-container  av-styling-    avia-builder-el-1  avia-builder-el-no-sibling  avia-align-center '  itemprop=\"image\" itemscope=\"itemscope\" itemtype=\"https:\/\/schema.org\/ImageObject\"  ><div class='avia-image-container-inner'><div class='avia-image-overlay-wrap'><img decoding=\"async\" class='wp-image-24825 avia-img-lazy-loading-not-24825 avia_image' src=\"https:\/\/radiorevelacionfm.cl\/wp-content\/uploads\/2022\/11\/20221128_105104-1_optimized.jpg\" alt='' title='20221128_105104-(1)_optimized' height=\"600\" width=\"1067\"  itemprop=\"thumbnailUrl\" srcset=\"https:\/\/radiorevelacionfm.cl\/wp-content\/uploads\/2022\/11\/20221128_105104-1_optimized.jpg 1067w, https:\/\/radiorevelacionfm.cl\/wp-content\/uploads\/2022\/11\/20221128_105104-1_optimized-300x169.jpg 300w, https:\/\/radiorevelacionfm.cl\/wp-content\/uploads\/2022\/11\/20221128_105104-1_optimized-1030x579.jpg 1030w, https:\/\/radiorevelacionfm.cl\/wp-content\/uploads\/2022\/11\/20221128_105104-1_optimized-768x432.jpg 768w, https:\/\/radiorevelacionfm.cl\/wp-content\/uploads\/2022\/11\/20221128_105104-1_optimized-705x396.jpg 705w, https:\/\/radiorevelacionfm.cl\/wp-content\/uploads\/2022\/11\/20221128_105104-1_optimized-600x337.jpg 600w\" sizes=\"(max-width: 1067px) 100vw, 1067px\" \/><\/div><\/div><\/div><\/div><div class=\"flex_column av_one_full  flex_column_div av-zero-column-padding first  avia-builder-el-2  el_after_av_one_full  el_before_av_one_full  column-top-margin\" style='border-radius:0px; '><section class=\"av_textblock_section \"  itemscope=\"itemscope\" itemtype=\"https:\/\/schema.org\/BlogPosting\" itemprop=\"blogPost\" ><div class='avia_textblock  '   itemprop=\"text\" ><p style=\"text-align: center;\"><strong><span style=\"font-size: 18pt;\">En Coyhaique Carabineros capacita al ABC de la emergencia sobre medidas de seguridad en operaciones a\u00e9reas<\/span><\/strong><\/p>\n<div id=\"gtx-trans\" style=\"position: absolute; left: -50px; top: 4.31534px;\">\n<div class=\"gtx-trans-icon\"><\/div>\n<\/div>\n<\/div><\/section><\/div><div class=\"flex_column av_one_full  flex_column_div av-zero-column-padding first  avia-builder-el-4  el_after_av_one_full  el_before_av_hr  column-top-margin\" style='border-radius:0px; '><section class=\"av_textblock_section \"  itemscope=\"itemscope\" itemtype=\"https:\/\/schema.org\/BlogPosting\" itemprop=\"blogPost\" ><div class='avia_textblock  '   itemprop=\"text\" ><p class=\"v1MsoNormal\" style=\"text-align: justify;\">En su segunda versi\u00f3n, dicha jornada estuvo dirigida al SAMU, Bomberos y el GOPE Ays\u00e9n, con la finalidad de conocer los peligros asociados al trabajo mediante aeronaves, as\u00ed como conocer y aplicar de manera correcta los protocolos establecidos durante las operaciones aeropoliciales, reduciendo el riesgo de accidentabilidad.<\/p>\n<p class=\"v1MsoNormal\" style=\"text-align: justify;\">En dependencias del hangar institucional, Carabineros de la Secci\u00f3n A\u00e9rea Coyhaique imparti\u00f3 la Segunda Jornada de Capacitaci\u00f3n de Medidas de Seguridad en Operaciones A\u00e9reas, dirigida a personal del SAMU, Bomberos y al Grupo de Operaciones Policiales Especiales (GOPE) Ays\u00e9n.<\/p>\n<p class=\"v1MsoNormal\" style=\"text-align: justify;\">\u00abA trav\u00e9s de esta iniciativa buscamos minimizar los riesgos que se generan cuando se trabaja en una evacuaci\u00f3n aerom\u00e9dica, en un rescate o en cualquier otro tipo de misi\u00f3n en la cual se deba trabajar en forma conjunta con estas Instituciones\u00bb, expres\u00f3 el Jefe de la Secci\u00f3n A\u00e9rea Coyhaique, Mayor Jorge Castillo Bartsch.<\/p>\n<p class=\"v1MsoNormal\" style=\"text-align: justify;\">El Oficial Jefe, indic\u00f3 que la capacitaci\u00f3n permiti\u00f3 conocerse como personas -para el desarrollo de un trabajo en equipo- a param\u00e9dicos, reanimadores, tens, conductores de ambulancia y bomberos, con quienes esta Secci\u00f3n mantiene un estrecho contacto en el desarrollo de operaciones conjuntas.<\/p>\n<p class=\"v1MsoNormal\" style=\"text-align: justify;\">\u00abEn el transcurso del tiempo las Instituciones van cambiando o rotando su personal, raz\u00f3n por la que es de suma importancia capacitarse, debido a que en muchas oportunidades trabajamos de forma conjunta para el rescate de personas o traslados aerom\u00e9dicos con personal SAMU\u00bb, acot\u00f3.<\/p>\n<p class=\"v1MsoNormal\" style=\"text-align: justify;\"><b>Seguridad en operaciones a\u00e9reas<\/b><b><\/b><\/p>\n<p class=\"v1MsoNormal\" style=\"text-align: justify;\">Durante la jornada te\u00f3rico-pr\u00e1ctico, la Secci\u00f3n A\u00e9rea detall\u00f3 las capacidades de la aeronave institucional, condiciones de operatividad, meteorolog\u00eda, aterrizajes en variadas zonas geogr\u00e1ficas, trabajo sobre planos inclinados, entre otras materias.<\/p>\n<p class=\"v1MsoNormal\" style=\"text-align: justify;\">El desarrollo de operaciones a\u00e9reas conlleva diversos peligros relacionados con el embarque, as\u00ed como \u00e1reas respecto de las cuales las personas no deben aproximarse mientras los motores de la aeronave est\u00e1n en funcionamiento. Prevenir accidentes o hechos lamentables requiere conocer y poner en pr\u00e1ctica los protocolos establecidos para tal efecto.<\/p>\n<p class=\"v1MsoNormal\" style=\"text-align: justify;\">\u00abHacemos este tipo de capacitaci\u00f3n para poder minimizar lo que m\u00e1s se pueda los riesgos frente a los peligros que presenta el trabajar con una aeronave. Pudimos conocer antecedentes sobre lo que ellos (el personal de salud) requieren en cuanto al uso del helic\u00f3ptero, ya sea fuera o a bordo de la aeronave\u00bb.<\/p>\n<p class=\"v1MsoNormal\" style=\"text-align: justify;\">El Mayor Castillo a\u00f1adi\u00f3 que este medio a\u00e9reo cumple un rol fundamental a lo largo de la regi\u00f3n de Ays\u00e9n, dada su extensa geograf\u00eda, permitiendo acortar los tiempos de traslado, posibilitando una oportuna atenci\u00f3n m\u00e9dica, que en definitiva pueden llegar a significar el salvar la vida de un paciente.<\/p>\n<p class=\"v1MsoNormal\" style=\"text-align: justify;\">\u00abLas distancias son muy extensas y cuando se requiere de una respuesta oportuna o del uso de los medios a\u00e9reos y, trabajando con personal SAMU, nosotros en forma inmediata -de acuerdo a nuestros protocolos- activamos el uso de la aeronave y el traslado aerom\u00e9dico de las personas desde los rincones m\u00e1s alejados de nuestro territorio\u00bb, expres\u00f3 el Jefe de la Secci\u00f3n A\u00e9rea Coyhaique.<\/p>\n<p class=\"v1MsoNormal\" style=\"text-align: justify;\"><b>Coordinaci\u00f3n que salva vidas<\/b><\/p>\n<p class=\"v1MsoNormal\" style=\"text-align: justify;\">Por su parte el doctor Oscar Vega, m\u00e9dico regular del SAMU, indic\u00f3 que esta jornada de capacitaci\u00f3n, permiti\u00f3 coordinar el trabajo institucional destinado a salvar vidas, en caso de traslados primarios y secundarios en los que no se puedan efectuar v\u00eda terrestre o a\u00e9reos mediante ala fija, ante lo cual se requiere contar con un medio de rescate adicional, en el cual el helic\u00f3ptero institucional de Carabineros juega un rol fundamental.<\/p>\n<p class=\"v1MsoNormal\" style=\"text-align: justify;\">\u00abAbordamos temas de seguridad para el personal, temas de seguridad y coordinaci\u00f3n para el paciente, para poder hacer un rescate en forma eficaz (&#8230;) \u00a0Es una instancia que es muy buena para la regi\u00f3n de Ays\u00e9n, el poder contar con un medio adicional de transporte para traslados primarios y secundarios, pudiendo acceder a lugares donde otras aeronaves est\u00e1n imposibilitadas de hacerlo\u00bb, manifest\u00f3 el profesional de la salud.<\/p>\n<p class=\"v1MsoNormal\" style=\"text-align: justify;\">Para el Comandante del Cuerpo de Bomberos de Coyhaique, Boris Romero, la jornada de capacitaci\u00f3n reuni\u00f3 a las instituciones que forman parte del ABC de la emergencia, posibilitando una adecuada interacci\u00f3n y comunicaci\u00f3n para un trabajo coordinado en beneficio de quien, estando en situaci\u00f3n de salud cr\u00edtica, lo requiera.<\/p>\n<p class=\"v1MsoNormal\" style=\"text-align: justify;\">\u00abEsto va en pos de mejorar los servicios que se le entregan a la comunidad. Esta es una regi\u00f3n que territorialmente es muy grande, por lo que reducir los tiempos de respuesta implica que la sobrevida de las personas va a ser mucho mejor\u00bb, expres\u00f3.<\/p>\n<p class=\"v1MsoNormal\" style=\"text-align: justify;\">La jornada de capacitaci\u00f3n finaliz\u00f3 con la certificaci\u00f3n por parte de la Secci\u00f3n A\u00e9rea a profesionales de la salud, bomberos y personal GOPE que particip\u00f3 de esta instancia.<\/p>\n<\/div><\/section><\/div><div  style='height:50px' class='hr hr-invisible   avia-builder-el-6  el_after_av_one_full  el_before_av_social_share '><span class='hr-inner ' ><span class='hr-inner-style'><\/span><\/span><\/div><\/p>\n<div  class='av-social-sharing-box  avia-builder-el-7  el_after_av_hr  el_before_av_hr  '><div class='av-share-box'><h5 class='av-share-link-description av-no-toc '>Compartir esta noticia<\/h5><ul class='av-share-box-list noLightbox'><li class='av-share-link av-social-link-facebook' ><a target=\"_blank\" aria-label=\"Compartir en Facebook\" href='https:\/\/www.facebook.com\/sharer.php?u=https:\/\/radiorevelacionfm.cl\/?p=24824&#038;t=En%20Coyhaique%20Carabineros%20capacita%20al%20ABC%20de%20la%20emergencia%20sobre%20medidas%20de%20seguridad%20en%20operaciones%20a%C3%A9reas' aria-hidden='false' data-av_icon='\ue8f3' data-av_iconfont='entypo-fontello' title='' data-avia-related-tooltip='Compartir en Facebook' rel=\"noopener\"><span class='avia_hidden_link_text'>Compartir en Facebook<\/span><\/a><\/li><li class='av-share-link av-social-link-twitter' ><a target=\"_blank\" aria-label=\"Compartir en Twitter\" href='https:\/\/twitter.com\/share?text=En%20Coyhaique%20Carabineros%20capacita%20al%20ABC%20de%20la%20emergencia%20sobre%20medidas%20de%20seguridad%20en%20operaciones%20a%C3%A9reas&#038;url=https:\/\/radiorevelacionfm.cl\/?p=24824' aria-hidden='false' data-av_icon='\ue8f1' data-av_iconfont='entypo-fontello' title='' data-avia-related-tooltip='Compartir en Twitter' rel=\"noopener\"><span class='avia_hidden_link_text'>Compartir en Twitter<\/span><\/a><\/li><li class='av-share-link av-social-link-whatsapp' ><a target=\"_blank\" aria-label=\"Compartir en Whatsapp\" href='https:\/\/api.whatsapp.com\/send?text=https:\/\/radiorevelacionfm.cl\/?p=24824' aria-hidden='false' data-av_icon='\uf232' data-av_iconfont='entypo-fontello' title='' data-avia-related-tooltip='Compartir en Whatsapp' rel=\"noopener\"><span class='avia_hidden_link_text'>Compartir en Whatsapp<\/span><\/a><\/li><li class='av-share-link av-social-link-linkedin' ><a target=\"_blank\" aria-label=\"Compartir en LinkedIn\" href='https:\/\/linkedin.com\/shareArticle?mini=true&#038;title=En%20Coyhaique%20Carabineros%20capacita%20al%20ABC%20de%20la%20emergencia%20sobre%20medidas%20de%20seguridad%20en%20operaciones%20a%C3%A9reas&#038;url=https:\/\/radiorevelacionfm.cl\/?p=24824' aria-hidden='false' data-av_icon='\ue8fc' data-av_iconfont='entypo-fontello' title='' data-avia-related-tooltip='Compartir en LinkedIn' rel=\"noopener\"><span class='avia_hidden_link_text'>Compartir en LinkedIn<\/span><\/a><\/li><li class='av-share-link av-social-link-mail' ><a  aria-label=\"Compartir por correo\" href='mailto:?subject=En%20Coyhaique%20Carabineros%20capacita%20al%20ABC%20de%20la%20emergencia%20sobre%20medidas%20de%20seguridad%20en%20operaciones%20a%C3%A9reas&#038;body=https:\/\/radiorevelacionfm.cl\/?p=24824' aria-hidden='false' data-av_icon='\ue805' data-av_iconfont='entypo-fontello' title='' data-avia-related-tooltip='Compartir por correo'><span class='avia_hidden_link_text'>Compartir por correo<\/span><\/a><\/li><\/ul><\/div><\/div>\n<div  style='height:50px' class='hr hr-invisible   avia-builder-el-8  el_after_av_social_share  el_before_av_comments_list '><span class='hr-inner ' ><span class='hr-inner-style'><\/span><\/span><\/div>\n<div  class='av-buildercomment  av-blog-meta-html-info-disabled av-blog-meta-tag-disabled  '><\/div>\n","protected":false},"excerpt":{"rendered":"","protected":false},"author":1,"featured_media":24825,"comment_status":"open","ping_status":"open","sticky":false,"template":"","format":"standard","meta":{"footnotes":""},"categories":[36],"tags":[],"class_list":["post-24824","post","type-post","status-publish","format-standard","has-post-thumbnail","hentry","category-policial"],"jetpack_featured_media_url":"https:\/\/radiorevelacionfm.cl\/wp-content\/uploads\/2022\/11\/20221128_105104-1_optimized.jpg","_links":{"self":[{"href":"https:\/\/radiorevelacionfm.cl\/index.php?rest_route=\/wp\/v2\/posts\/24824","targetHints":{"allow":["GET"]}}],"collection":[{"href":"https:\/\/radiorevelacionfm.cl\/index.php?rest_route=\/wp\/v2\/posts"}],"about":[{"href":"https:\/\/radiorevelacionfm.cl\/index.php?rest_route=\/wp\/v2\/types\/post"}],"author":[{"embeddable":true,"href":"https:\/\/radiorevelacionfm.cl\/index.php?rest_route=\/wp\/v2\/users\/1"}],"replies":[{"embeddable":true,"href":"https:\/\/radiorevelacionfm.cl\/index.php?rest_route=%2Fwp%2Fv2%2Fcomments&post=24824"}],"version-history":[{"count":2,"href":"https:\/\/radiorevelacionfm.cl\/index.php?rest_route=\/wp\/v2\/posts\/24824\/revisions"}],"predecessor-version":[{"id":24827,"href":"https:\/\/radiorevelacionfm.cl\/index.php?rest_route=\/wp\/v2\/posts\/24824\/revisions\/24827"}],"wp:featuredmedia":[{"embeddable":true,"href":"https:\/\/radiorevelacionfm.cl\/index.php?rest_route=\/wp\/v2\/media\/24825"}],"wp:attachment":[{"href":"https:\/\/radiorevelacionfm.cl\/index.php?rest_route=%2Fwp%2Fv2%2Fmedia&parent=24824"}],"wp:term":[{"taxonomy":"category","embeddable":true,"href":"https:\/\/radiorevelacionfm.cl\/index.php?rest_route=%2Fwp%2Fv2%2Fcategories&post=24824"},{"taxonomy":"post_tag","embeddable":true,"href":"https:\/\/radiorevelacionfm.cl\/index.php?rest_route=%2Fwp%2Fv2%2Ftags&post=24824"}],"curies":[{"name":"wp","href":"https:\/\/api.w.org\/{rel}","templated":true}]}}