{"id":24821,"date":"2022-11-29T20:02:20","date_gmt":"2022-11-29T23:02:20","guid":{"rendered":"https:\/\/radiorevelacionfm.cl\/?p=24821"},"modified":"2022-11-29T20:02:20","modified_gmt":"2022-11-29T23:02:20","slug":"intervienen-con-proyecciones-luminicas-sectores-de-la-patagonia-amenazados-por-proyecto-minero","status":"publish","type":"post","link":"https:\/\/radiorevelacionfm.cl\/?p=24821","title":{"rendered":"Intervienen con proyecciones lum\u00ednicas sectores de la Patagonia amenazados por proyecto minero"},"content":{"rendered":"<div class=\"flex_column av_one_full  flex_column_div av-zero-column-padding first  avia-builder-el-0  el_before_av_one_full  avia-builder-el-first  \" style='border-radius:0px; '><div  class='avia-image-container  av-styling-    avia-builder-el-1  avia-builder-el-no-sibling  avia-align-center '  itemprop=\"image\" itemscope=\"itemscope\" itemtype=\"https:\/\/schema.org\/ImageObject\"  ><div class='avia-image-container-inner'><div class='avia-image-overlay-wrap'><img decoding=\"async\" class='wp-image-24822 avia-img-lazy-loading-not-24822 avia_image' src=\"https:\/\/radiorevelacionfm.cl\/wp-content\/uploads\/2022\/11\/3-EL-AGUA-VALE-MAS-QUE-EL-ORO-1-1.jpg\" alt='' title='3 EL AGUA VALE M\u00c1S QUE EL ORO (1) (1)' height=\"600\" width=\"800\"  itemprop=\"thumbnailUrl\" srcset=\"https:\/\/radiorevelacionfm.cl\/wp-content\/uploads\/2022\/11\/3-EL-AGUA-VALE-MAS-QUE-EL-ORO-1-1.jpg 800w, https:\/\/radiorevelacionfm.cl\/wp-content\/uploads\/2022\/11\/3-EL-AGUA-VALE-MAS-QUE-EL-ORO-1-1-300x225.jpg 300w, https:\/\/radiorevelacionfm.cl\/wp-content\/uploads\/2022\/11\/3-EL-AGUA-VALE-MAS-QUE-EL-ORO-1-1-768x576.jpg 768w, https:\/\/radiorevelacionfm.cl\/wp-content\/uploads\/2022\/11\/3-EL-AGUA-VALE-MAS-QUE-EL-ORO-1-1-705x529.jpg 705w, https:\/\/radiorevelacionfm.cl\/wp-content\/uploads\/2022\/11\/3-EL-AGUA-VALE-MAS-QUE-EL-ORO-1-1-600x450.jpg 600w\" sizes=\"(max-width: 800px) 100vw, 800px\" \/><\/div><\/div><\/div><\/div><div class=\"flex_column av_one_full  flex_column_div av-zero-column-padding first  avia-builder-el-2  el_after_av_one_full  el_before_av_one_full  column-top-margin\" style='border-radius:0px; '><section class=\"av_textblock_section \"  itemscope=\"itemscope\" itemtype=\"https:\/\/schema.org\/BlogPosting\" itemprop=\"blogPost\" ><div class='avia_textblock  '   itemprop=\"text\" ><p style=\"text-align: center;\"><span style=\"font-size: 18pt;\"><strong>Intervienen con proyecciones lum\u00ednicas sectores de la Patagonia amenazados por proyecto minero<\/strong><\/span><\/p>\n<div id=\"gtx-trans\" style=\"position: absolute; left: -50px; top: 4.31534px;\">\n<div class=\"gtx-trans-icon\"><\/div>\n<\/div>\n<\/div><\/section><\/div><div class=\"flex_column av_one_full  flex_column_div av-zero-column-padding first  avia-builder-el-4  el_after_av_one_full  el_before_av_hr  column-top-margin\" style='border-radius:0px; '><section class=\"av_textblock_section \"  itemscope=\"itemscope\" itemtype=\"https:\/\/schema.org\/BlogPosting\" itemprop=\"blogPost\" ><div class='avia_textblock  '   itemprop=\"text\" ><p dir=\"ltr\" style=\"text-align: justify;\">A trav\u00e9s de una obra lum\u00ednica itinerante, artistas de Corporaci\u00f3n Traitraico y Delight Lab buscan promover la protecci\u00f3n de sector rico en agua y de importancia espiritual para comunidades de Chile Chico que est\u00e1n en peligro por la minera Equus Mining, que ha incurrido en ilegalidades. Alertan de una nueva zona de sacrificio.<\/p>\n<p dir=\"ltr\" style=\"text-align: justify;\">A menos de 150 metros del Parque Nacional Patagonia planea instalarse el proyecto minero Los Domos, de la compa\u00f1\u00eda australiana Equus Mining, lo que traer\u00eda consecuencias desastrosas para el ecosistema y los habitantes de Chile Chico, seg\u00fan organizaciones de la zona.<\/p>\n<p dir=\"ltr\" style=\"text-align: justify;\">La minera lleg\u00f3 en 2017 y su actividad se encuentra paralizada luego de que fuera sorprendida haciendo prospecciones fuera del marco legal. Adem\u00e1s, informes de la Conaf y de Bienes Nacionales dan cuenta de que la compa\u00f1\u00eda ha cambiado cursos de agua y contaminado con relaves fuentes de agua de consumo humano y regad\u00edo que abastecen a Chile Chico.<\/p>\n<p dir=\"ltr\" style=\"text-align: justify;\">\u201cLa miner\u00eda es muy contaminante. No puede ser sustentable al carecer de un aspecto fundamental: no es renovable. Cuando partes la roca, queda expuesto al agua un material nuevo, que genera agua \u00e1cida, altamente t\u00f3xica. Tambi\u00e9n afecta al turismo, porque aqu\u00ed hay un geopatrimonio excepcional: Cueva de las Manos con vestigios arqueol\u00f3gicos, la Piedra Clavada, el Valle Lunar, ricas piezas paleontol\u00f3gicas\u2026 todo un circuito. Y est\u00e1 su impacto social: se compra e interviene todo. La miner\u00eda se come los territorios\u201d, dice Patricio Segura, uno de los directores de la Corporaci\u00f3n Privada para el Desarrollo de Ays\u00e9n, organizaci\u00f3n que junto a la Corporaci\u00f3n Costa Carrera y la Agrupaci\u00f3n Ais\u00e9n Reserva de Vida han conformado un bloque de oposici\u00f3n al proyecto minero e interpuesto una serie de recursos legales.<\/p>\n<p dir=\"ltr\" style=\"text-align: justify;\">Para visibilizar el conflicto socioambiental, la organizaci\u00f3n cultural Corporaci\u00f3n Traitraico y el colectivo de videoproyecci\u00f3n Delight Lab crearon \u201cNgen Ko: esp\u00edritus del agua\u201d, una obra lum\u00ednica que recoge el testimonio de las comunidades y proyecta im\u00e1genes significativas usando el territorio como lienzo.<\/p>\n<p dir=\"ltr\" style=\"text-align: justify;\">\u201cQueremos contribuir, mediante el arte, a difundir la importancia material y espiritual que tienen ciertos lugares naturales para pueblos ind\u00edgenas y comunidades del sur de Chile y denunciar las amenazas a las que se est\u00e1n enfrentando\u201d, explica Francisco Polla, director de Corporaci\u00f3n Traitraico y del proyecto.<\/p>\n<p dir=\"ltr\" style=\"text-align: justify;\">\u201cEl problema principal es el agua. Est\u00e1 amenazada por este proyecto y por otros, cuando ya hay escasez. El lago General Carrera, tambi\u00e9n conocido como Chelenko, abastece de agua a muchas comunidades de la regi\u00f3n. Pero la minera gan\u00f3 la simpat\u00eda de parte de la comunidad por la entrega de regalos y becas, llegando a suplir cosas que son responsabilidad estatal. El proyecto Los Domos trae el temor de convertirnos en una zona de sacrificio\u201d, dice Corina Ainol, presidenta de la agrupaci\u00f3n Antukulef, que particip\u00f3 de la obra.<\/p>\n<p dir=\"ltr\" style=\"text-align: justify;\">La investigaci\u00f3n y puesta en escena se desarrollaron durante el primer semestre de 2022. Las proyecciones, que utilizaron energ\u00eda solar, se hicieron en sitios significativos como la Piedra Clavada, Chile Chico y Cerro Bayo, donde se llevaron a cabo las prospecciones de la minera Equus Mining.<\/p>\n<p dir=\"ltr\" style=\"text-align: justify;\">\u201cTrabajamos con lugares que anteriormente se ocupaban como centros energ\u00e9ticos y de conexi\u00f3n con el universo. Percibimos el arte como una herencia de los rituales ancestrales. El arte y lo ritual confrontan la realidad impuesta actual y abren, invocan, proponen una realidad nueva. M\u00e1s que el arte por el arte, nosotros usamos el arte para canalizar\u201d, dice Octavio Gana, cofundador de Delight Lab y director creativo de la obra.<\/p>\n<p dir=\"ltr\" style=\"text-align: justify;\">Las proyecciones de Chile Chico y sus alrededores son parte de \u201cTerritorios sagrados\u201d, un proyecto de obras lum\u00ednicas que naci\u00f3 en 2019 y que se muestra de forma itinerante por diferentes territorios australes. Los pr\u00f3ximos destinos del equipo son la regi\u00f3n de La Araucan\u00eda y Magallanes, donde se ampliar\u00e1 la tem\u00e1tica y el v\u00ednculo con otras comunidades.<\/p>\n<\/div><\/section><\/div><div  style='height:50px' class='hr hr-invisible   avia-builder-el-6  el_after_av_one_full  el_before_av_social_share '><span class='hr-inner ' ><span class='hr-inner-style'><\/span><\/span><\/div><\/p>\n<div  class='av-social-sharing-box  avia-builder-el-7  el_after_av_hr  el_before_av_hr  '><div class='av-share-box'><h5 class='av-share-link-description av-no-toc '>Compartir esta noticia<\/h5><ul class='av-share-box-list noLightbox'><li class='av-share-link av-social-link-facebook' ><a target=\"_blank\" aria-label=\"Compartir en Facebook\" href='https:\/\/www.facebook.com\/sharer.php?u=https:\/\/radiorevelacionfm.cl\/?p=24821&#038;t=Intervienen%20con%20proyecciones%20lum%C3%ADnicas%20sectores%20de%20la%20Patagonia%20amenazados%20por%20proyecto%20minero' aria-hidden='false' data-av_icon='\ue8f3' data-av_iconfont='entypo-fontello' title='' data-avia-related-tooltip='Compartir en Facebook' rel=\"noopener\"><span class='avia_hidden_link_text'>Compartir en Facebook<\/span><\/a><\/li><li class='av-share-link av-social-link-twitter' ><a target=\"_blank\" aria-label=\"Compartir en Twitter\" href='https:\/\/twitter.com\/share?text=Intervienen%20con%20proyecciones%20lum%C3%ADnicas%20sectores%20de%20la%20Patagonia%20amenazados%20por%20proyecto%20minero&#038;url=https:\/\/radiorevelacionfm.cl\/?p=24821' aria-hidden='false' data-av_icon='\ue8f1' data-av_iconfont='entypo-fontello' title='' data-avia-related-tooltip='Compartir en Twitter' rel=\"noopener\"><span class='avia_hidden_link_text'>Compartir en Twitter<\/span><\/a><\/li><li class='av-share-link av-social-link-whatsapp' ><a target=\"_blank\" aria-label=\"Compartir en Whatsapp\" href='https:\/\/api.whatsapp.com\/send?text=https:\/\/radiorevelacionfm.cl\/?p=24821' aria-hidden='false' data-av_icon='\uf232' data-av_iconfont='entypo-fontello' title='' data-avia-related-tooltip='Compartir en Whatsapp' rel=\"noopener\"><span class='avia_hidden_link_text'>Compartir en Whatsapp<\/span><\/a><\/li><li class='av-share-link av-social-link-linkedin' ><a target=\"_blank\" aria-label=\"Compartir en LinkedIn\" href='https:\/\/linkedin.com\/shareArticle?mini=true&#038;title=Intervienen%20con%20proyecciones%20lum%C3%ADnicas%20sectores%20de%20la%20Patagonia%20amenazados%20por%20proyecto%20minero&#038;url=https:\/\/radiorevelacionfm.cl\/?p=24821' aria-hidden='false' data-av_icon='\ue8fc' data-av_iconfont='entypo-fontello' title='' data-avia-related-tooltip='Compartir en LinkedIn' rel=\"noopener\"><span class='avia_hidden_link_text'>Compartir en LinkedIn<\/span><\/a><\/li><li class='av-share-link av-social-link-mail' ><a  aria-label=\"Compartir por correo\" href='mailto:?subject=Intervienen%20con%20proyecciones%20lum%C3%ADnicas%20sectores%20de%20la%20Patagonia%20amenazados%20por%20proyecto%20minero&#038;body=https:\/\/radiorevelacionfm.cl\/?p=24821' aria-hidden='false' data-av_icon='\ue805' data-av_iconfont='entypo-fontello' title='' data-avia-related-tooltip='Compartir por correo'><span class='avia_hidden_link_text'>Compartir por correo<\/span><\/a><\/li><\/ul><\/div><\/div>\n<div  style='height:50px' class='hr hr-invisible   avia-builder-el-8  el_after_av_social_share  el_before_av_comments_list '><span class='hr-inner ' ><span class='hr-inner-style'><\/span><\/span><\/div>\n<div  class='av-buildercomment  av-blog-meta-html-info-disabled av-blog-meta-tag-disabled  '><\/div>\n","protected":false},"excerpt":{"rendered":"","protected":false},"author":1,"featured_media":24822,"comment_status":"open","ping_status":"open","sticky":false,"template":"","format":"standard","meta":{"footnotes":""},"categories":[38],"tags":[],"class_list":["post-24821","post","type-post","status-publish","format-standard","has-post-thumbnail","hentry","category-regional"],"jetpack_featured_media_url":"https:\/\/radiorevelacionfm.cl\/wp-content\/uploads\/2022\/11\/3-EL-AGUA-VALE-MAS-QUE-EL-ORO-1-1.jpg","_links":{"self":[{"href":"https:\/\/radiorevelacionfm.cl\/index.php?rest_route=\/wp\/v2\/posts\/24821","targetHints":{"allow":["GET"]}}],"collection":[{"href":"https:\/\/radiorevelacionfm.cl\/index.php?rest_route=\/wp\/v2\/posts"}],"about":[{"href":"https:\/\/radiorevelacionfm.cl\/index.php?rest_route=\/wp\/v2\/types\/post"}],"author":[{"embeddable":true,"href":"https:\/\/radiorevelacionfm.cl\/index.php?rest_route=\/wp\/v2\/users\/1"}],"replies":[{"embeddable":true,"href":"https:\/\/radiorevelacionfm.cl\/index.php?rest_route=%2Fwp%2Fv2%2Fcomments&post=24821"}],"version-history":[{"count":2,"href":"https:\/\/radiorevelacionfm.cl\/index.php?rest_route=\/wp\/v2\/posts\/24821\/revisions"}],"predecessor-version":[{"id":24831,"href":"https:\/\/radiorevelacionfm.cl\/index.php?rest_route=\/wp\/v2\/posts\/24821\/revisions\/24831"}],"wp:featuredmedia":[{"embeddable":true,"href":"https:\/\/radiorevelacionfm.cl\/index.php?rest_route=\/wp\/v2\/media\/24822"}],"wp:attachment":[{"href":"https:\/\/radiorevelacionfm.cl\/index.php?rest_route=%2Fwp%2Fv2%2Fmedia&parent=24821"}],"wp:term":[{"taxonomy":"category","embeddable":true,"href":"https:\/\/radiorevelacionfm.cl\/index.php?rest_route=%2Fwp%2Fv2%2Fcategories&post=24821"},{"taxonomy":"post_tag","embeddable":true,"href":"https:\/\/radiorevelacionfm.cl\/index.php?rest_route=%2Fwp%2Fv2%2Ftags&post=24821"}],"curies":[{"name":"wp","href":"https:\/\/api.w.org\/{rel}","templated":true}]}}