{"id":24817,"date":"2022-12-01T10:20:24","date_gmt":"2022-12-01T13:20:24","guid":{"rendered":"https:\/\/radiorevelacionfm.cl\/?p=24817"},"modified":"2022-12-01T10:20:24","modified_gmt":"2022-12-01T13:20:24","slug":"seremi-isabel-garrido-destaca-trabajo-de-equipo-de-la-superintendencia-en-apoyo-a-municipio-de-coyhaique-para-afrontar-deficit-financiero","status":"publish","type":"post","link":"https:\/\/radiorevelacionfm.cl\/?p=24817","title":{"rendered":"Seremi Isabel Garrido destaca trabajo de equipo de la Superintendencia en apoyo a municipio de Coyhaique para afrontar d\u00e9ficit financiero"},"content":{"rendered":"<div class=\"flex_column av_one_full  flex_column_div av-zero-column-padding first  avia-builder-el-0  el_before_av_one_full  avia-builder-el-first  \" style='border-radius:0px; '><div  class='avia-image-container  av-styling-    avia-builder-el-1  avia-builder-el-no-sibling  avia-align-center '  itemprop=\"image\" itemscope=\"itemscope\" itemtype=\"https:\/\/schema.org\/ImageObject\"  ><div class='avia-image-container-inner'><div class='avia-image-overlay-wrap'><img decoding=\"async\" class='wp-image-24818 avia-img-lazy-loading-not-24818 avia_image' src=\"https:\/\/radiorevelacionfm.cl\/wp-content\/uploads\/2022\/11\/Isabel-Garrido-2.jpg\" alt='' title='Isabel Garrido (2)' height=\"620\" width=\"1024\"  itemprop=\"thumbnailUrl\" srcset=\"https:\/\/radiorevelacionfm.cl\/wp-content\/uploads\/2022\/11\/Isabel-Garrido-2.jpg 1024w, https:\/\/radiorevelacionfm.cl\/wp-content\/uploads\/2022\/11\/Isabel-Garrido-2-300x182.jpg 300w, https:\/\/radiorevelacionfm.cl\/wp-content\/uploads\/2022\/11\/Isabel-Garrido-2-768x465.jpg 768w, https:\/\/radiorevelacionfm.cl\/wp-content\/uploads\/2022\/11\/Isabel-Garrido-2-705x427.jpg 705w, https:\/\/radiorevelacionfm.cl\/wp-content\/uploads\/2022\/11\/Isabel-Garrido-2-600x363.jpg 600w\" sizes=\"(max-width: 1024px) 100vw, 1024px\" \/><\/div><\/div><\/div><\/div><div class=\"flex_column av_one_full  flex_column_div av-zero-column-padding first  avia-builder-el-2  el_after_av_one_full  el_before_av_one_full  column-top-margin\" style='border-radius:0px; '><section class=\"av_textblock_section \"  itemscope=\"itemscope\" itemtype=\"https:\/\/schema.org\/BlogPosting\" itemprop=\"blogPost\" ><div class='avia_textblock  '   itemprop=\"text\" ><p style=\"text-align: center;\"><strong><span style=\"font-size: 18pt;\">Seremi Isabel Garrido destaca trabajo de equipo de la Superintendencia en apoyo a municipio de Coyhaique para afrontar d\u00e9ficit financiero<\/span><\/strong><\/p>\n<div id=\"gtx-trans\" style=\"position: absolute; left: -50px; top: 4.31534px;\">\n<div class=\"gtx-trans-icon\"><\/div>\n<\/div>\n<\/div><\/section><\/div><div class=\"flex_column av_one_full  flex_column_div av-zero-column-padding first  avia-builder-el-4  el_after_av_one_full  el_before_av_hr  column-top-margin\" style='border-radius:0px; '><section class=\"av_textblock_section \"  itemscope=\"itemscope\" itemtype=\"https:\/\/schema.org\/BlogPosting\" itemprop=\"blogPost\" ><div class='avia_textblock  '   itemprop=\"text\" ><p class=\"v1MsoNormal\" style=\"text-align: justify;\">La Seremi de Educaci\u00f3n de Ays\u00e9n Isabel Garrido Casassa inform\u00f3 que el d\u00eda jueves 17 de Noviembre concurri\u00f3 a la regi\u00f3n un equipo de la Superintendencia de Educaci\u00f3n para trabajar con el equipo de la Direcci\u00f3n de Educaci\u00f3n Municipal de Coyhaique en el ordenamiento de la situaci\u00f3n financiera, identificar los nudos cr\u00edticos\u00a0 y conocer cu\u00e1l\u00a0 es situaci\u00f3n financiera de la educaci\u00f3n municipal de Coyhaique.<\/p>\n<p class=\"v1MsoNormal\" style=\"text-align: justify;\">\u00abCon la visita de los profesionales de la Supereduc nuestro ministerio cumple un compromiso adquirido \u00a0por el Subsecretario de Educaci\u00f3n Gabriel Bosque Toro con la Municipalidad de Coyhaique. La informaci\u00f3n recabada durante esta visita permite entender cu\u00e1l es el tama\u00f1o real del d\u00e9ficit que tiene el municipio, ya que hasta el momento solo conoc\u00edamos lo expresado p\u00fablicamente por el Alcalde, y al no contar con las rendiciones del sostenedor de la subvenci\u00f3n escolar no ten\u00edamos los datos para cuantificar el real d\u00e9ficit. Durante la visita del equipo de la Supereduc, adem\u00e1s de identificar los nudos cr\u00edticos se exploraron posibles fuentes de financiamiento para apoyar a la municipalidad\u00bb.<\/p>\n<p class=\"v1MsoNormal\" style=\"text-align: justify;\">Isabel Garrido se\u00f1al\u00f3 que la visita de la Superintendencia a la Municipalidad de Coyhaique no fue de fiscalizaci\u00f3n sino de acompa\u00f1amiento y orientaci\u00f3n.<\/p>\n<p class=\"v1MsoNormal\" style=\"text-align: justify;\">\u00abSe acord\u00f3 trabajar en una capacitaci\u00f3n en rendici\u00f3n de cuentas, y apoyar al municipio en la \u00a0organizaci\u00f3n de los documentos pendientes, identificar posibles fuentes de financiamiento en el marco de lo que permite la ley y comprender la magnitud del aporte municipal al \u00e1rea de Educaci\u00f3n\u00bb.<\/p>\n<p class=\"v1MsoNormal\" style=\"text-align: justify;\">La autoridad sectorial se\u00f1al\u00f3 finalmente que como Gobierno y Ministerio de Educaci\u00f3n est\u00e1 la voluntad de apoyar a los sostenedores a trav\u00e9s de las herramientas que entrega la ley.<\/p>\n<p class=\"v1MsoNormal\" style=\"text-align: justify;\">\u00abPara ello necesitamos tener claro la magnitud del d\u00e9ficit que afecta en este caso a la Municipalidad de Coyhaique y eso solo podemos hacerlo con informaci\u00f3n y datos concretos de rendiciones de la Subvenci\u00f3n Educacional. Si lo comunicado por el alcalde es efectivo, el d\u00e9ficit en educaci\u00f3n de la comuna de Coyhaique se habr\u00eda incrementado en un 60% desde el a\u00f1o 2020. Sin embargo, como MINEDUC no podemos conocer el detalle ya que el municipio no realiz\u00f3 rendiciones de los recursos de la subvenci\u00f3n escolar en el a\u00f1o 2021\u00bb.<\/p>\n<\/div><\/section><\/div><div  style='height:50px' class='hr hr-invisible   avia-builder-el-6  el_after_av_one_full  el_before_av_social_share '><span class='hr-inner ' ><span class='hr-inner-style'><\/span><\/span><\/div><\/p>\n<div  class='av-social-sharing-box  avia-builder-el-7  el_after_av_hr  el_before_av_hr  '><div class='av-share-box'><h5 class='av-share-link-description av-no-toc '>Compartir esta noticia<\/h5><ul class='av-share-box-list noLightbox'><li class='av-share-link av-social-link-facebook' ><a target=\"_blank\" aria-label=\"Compartir en Facebook\" href='https:\/\/www.facebook.com\/sharer.php?u=https:\/\/radiorevelacionfm.cl\/?p=24817&#038;t=Seremi%20Isabel%20Garrido%20destaca%20trabajo%20de%20equipo%20de%20la%20Superintendencia%20en%20apoyo%20a%20municipio%20de%20Coyhaique%20para%20afrontar%20d%C3%A9ficit%20financiero' aria-hidden='false' data-av_icon='\ue8f3' data-av_iconfont='entypo-fontello' title='' data-avia-related-tooltip='Compartir en Facebook' rel=\"noopener\"><span class='avia_hidden_link_text'>Compartir en Facebook<\/span><\/a><\/li><li class='av-share-link av-social-link-twitter' ><a target=\"_blank\" aria-label=\"Compartir en Twitter\" href='https:\/\/twitter.com\/share?text=Seremi%20Isabel%20Garrido%20destaca%20trabajo%20de%20equipo%20de%20la%20Superintendencia%20en%20apoyo%20a%20municipio%20de%20Coyhaique%20para%20afrontar%20d%C3%A9ficit%20financiero&#038;url=https:\/\/radiorevelacionfm.cl\/?p=24817' aria-hidden='false' data-av_icon='\ue8f1' data-av_iconfont='entypo-fontello' title='' data-avia-related-tooltip='Compartir en Twitter' rel=\"noopener\"><span class='avia_hidden_link_text'>Compartir en Twitter<\/span><\/a><\/li><li class='av-share-link av-social-link-whatsapp' ><a target=\"_blank\" aria-label=\"Compartir en Whatsapp\" href='https:\/\/api.whatsapp.com\/send?text=https:\/\/radiorevelacionfm.cl\/?p=24817' aria-hidden='false' data-av_icon='\uf232' data-av_iconfont='entypo-fontello' title='' data-avia-related-tooltip='Compartir en Whatsapp' rel=\"noopener\"><span class='avia_hidden_link_text'>Compartir en Whatsapp<\/span><\/a><\/li><li class='av-share-link av-social-link-linkedin' ><a target=\"_blank\" aria-label=\"Compartir en LinkedIn\" href='https:\/\/linkedin.com\/shareArticle?mini=true&#038;title=Seremi%20Isabel%20Garrido%20destaca%20trabajo%20de%20equipo%20de%20la%20Superintendencia%20en%20apoyo%20a%20municipio%20de%20Coyhaique%20para%20afrontar%20d%C3%A9ficit%20financiero&#038;url=https:\/\/radiorevelacionfm.cl\/?p=24817' aria-hidden='false' data-av_icon='\ue8fc' data-av_iconfont='entypo-fontello' title='' data-avia-related-tooltip='Compartir en LinkedIn' rel=\"noopener\"><span class='avia_hidden_link_text'>Compartir en LinkedIn<\/span><\/a><\/li><li class='av-share-link av-social-link-mail' ><a  aria-label=\"Compartir por correo\" href='mailto:?subject=Seremi%20Isabel%20Garrido%20destaca%20trabajo%20de%20equipo%20de%20la%20Superintendencia%20en%20apoyo%20a%20municipio%20de%20Coyhaique%20para%20afrontar%20d%C3%A9ficit%20financiero&#038;body=https:\/\/radiorevelacionfm.cl\/?p=24817' aria-hidden='false' data-av_icon='\ue805' data-av_iconfont='entypo-fontello' title='' data-avia-related-tooltip='Compartir por correo'><span class='avia_hidden_link_text'>Compartir por correo<\/span><\/a><\/li><\/ul><\/div><\/div>\n<div  style='height:50px' class='hr hr-invisible   avia-builder-el-8  el_after_av_social_share  el_before_av_comments_list '><span class='hr-inner ' ><span class='hr-inner-style'><\/span><\/span><\/div>\n<div  class='av-buildercomment  av-blog-meta-html-info-disabled av-blog-meta-tag-disabled  '><\/div>\n","protected":false},"excerpt":{"rendered":"","protected":false},"author":1,"featured_media":24818,"comment_status":"open","ping_status":"open","sticky":false,"template":"","format":"standard","meta":{"footnotes":""},"categories":[49],"tags":[],"class_list":["post-24817","post","type-post","status-publish","format-standard","has-post-thumbnail","hentry","category-educacion"],"jetpack_featured_media_url":"https:\/\/radiorevelacionfm.cl\/wp-content\/uploads\/2022\/11\/Isabel-Garrido-2.jpg","_links":{"self":[{"href":"https:\/\/radiorevelacionfm.cl\/index.php?rest_route=\/wp\/v2\/posts\/24817","targetHints":{"allow":["GET"]}}],"collection":[{"href":"https:\/\/radiorevelacionfm.cl\/index.php?rest_route=\/wp\/v2\/posts"}],"about":[{"href":"https:\/\/radiorevelacionfm.cl\/index.php?rest_route=\/wp\/v2\/types\/post"}],"author":[{"embeddable":true,"href":"https:\/\/radiorevelacionfm.cl\/index.php?rest_route=\/wp\/v2\/users\/1"}],"replies":[{"embeddable":true,"href":"https:\/\/radiorevelacionfm.cl\/index.php?rest_route=%2Fwp%2Fv2%2Fcomments&post=24817"}],"version-history":[{"count":2,"href":"https:\/\/radiorevelacionfm.cl\/index.php?rest_route=\/wp\/v2\/posts\/24817\/revisions"}],"predecessor-version":[{"id":24879,"href":"https:\/\/radiorevelacionfm.cl\/index.php?rest_route=\/wp\/v2\/posts\/24817\/revisions\/24879"}],"wp:featuredmedia":[{"embeddable":true,"href":"https:\/\/radiorevelacionfm.cl\/index.php?rest_route=\/wp\/v2\/media\/24818"}],"wp:attachment":[{"href":"https:\/\/radiorevelacionfm.cl\/index.php?rest_route=%2Fwp%2Fv2%2Fmedia&parent=24817"}],"wp:term":[{"taxonomy":"category","embeddable":true,"href":"https:\/\/radiorevelacionfm.cl\/index.php?rest_route=%2Fwp%2Fv2%2Fcategories&post=24817"},{"taxonomy":"post_tag","embeddable":true,"href":"https:\/\/radiorevelacionfm.cl\/index.php?rest_route=%2Fwp%2Fv2%2Ftags&post=24817"}],"curies":[{"name":"wp","href":"https:\/\/api.w.org\/{rel}","templated":true}]}}