{"id":24813,"date":"2022-11-29T18:27:48","date_gmt":"2022-11-29T21:27:48","guid":{"rendered":"https:\/\/radiorevelacionfm.cl\/?p=24813"},"modified":"2022-11-29T18:27:48","modified_gmt":"2022-11-29T21:27:48","slug":"entregan-nueva-y-amplia-vivienda-social-a-familia-compuesta-por-adultos-mayores-de-cisnes","status":"publish","type":"post","link":"https:\/\/radiorevelacionfm.cl\/?p=24813","title":{"rendered":"Entregan nueva y amplia vivienda social a familia compuesta por adultos mayores de Cisnes"},"content":{"rendered":"<div class=\"flex_column av_one_full  flex_column_div av-zero-column-padding first  avia-builder-el-0  el_before_av_one_full  avia-builder-el-first  \" style='border-radius:0px; '><div  class='avia-image-container  av-styling-    avia-builder-el-1  avia-builder-el-no-sibling  avia-align-center '  itemprop=\"image\" itemscope=\"itemscope\" itemtype=\"https:\/\/schema.org\/ImageObject\"  ><div class='avia-image-container-inner'><div class='avia-image-overlay-wrap'><img decoding=\"async\" class='wp-image-24814 avia-img-lazy-loading-not-24814 avia_image' src=\"https:\/\/radiorevelacionfm.cl\/wp-content\/uploads\/2022\/11\/vivienda-cisnes-2-1-1_optimized.jpeg\" alt='' title='vivienda-cisnes-2-(1)-(1)_optimized' height=\"600\" width=\"1067\"  itemprop=\"thumbnailUrl\" srcset=\"https:\/\/radiorevelacionfm.cl\/wp-content\/uploads\/2022\/11\/vivienda-cisnes-2-1-1_optimized.jpeg 1067w, https:\/\/radiorevelacionfm.cl\/wp-content\/uploads\/2022\/11\/vivienda-cisnes-2-1-1_optimized-300x169.jpeg 300w, https:\/\/radiorevelacionfm.cl\/wp-content\/uploads\/2022\/11\/vivienda-cisnes-2-1-1_optimized-1030x579.jpeg 1030w, https:\/\/radiorevelacionfm.cl\/wp-content\/uploads\/2022\/11\/vivienda-cisnes-2-1-1_optimized-768x432.jpeg 768w, https:\/\/radiorevelacionfm.cl\/wp-content\/uploads\/2022\/11\/vivienda-cisnes-2-1-1_optimized-705x396.jpeg 705w, https:\/\/radiorevelacionfm.cl\/wp-content\/uploads\/2022\/11\/vivienda-cisnes-2-1-1_optimized-600x337.jpeg 600w\" sizes=\"(max-width: 1067px) 100vw, 1067px\" \/><\/div><\/div><\/div><\/div><div class=\"flex_column av_one_full  flex_column_div av-zero-column-padding first  avia-builder-el-2  el_after_av_one_full  el_before_av_one_full  column-top-margin\" style='border-radius:0px; '><section class=\"av_textblock_section \"  itemscope=\"itemscope\" itemtype=\"https:\/\/schema.org\/BlogPosting\" itemprop=\"blogPost\" ><div class='avia_textblock  '   itemprop=\"text\" ><p style=\"text-align: center;\"><strong><span style=\"font-size: 18pt;\">Entregan nueva y amplia vivienda social a familia compuesta por adultos mayores de Cisnes<\/span><\/strong><\/p>\n<div id=\"gtx-trans\" style=\"position: absolute; left: -50px; top: 4.31534px;\">\n<div class=\"gtx-trans-icon\"><\/div>\n<\/div>\n<\/div><\/section><\/div><div class=\"flex_column av_one_full  flex_column_div av-zero-column-padding first  avia-builder-el-4  el_after_av_one_full  el_before_av_hr  column-top-margin\" style='border-radius:0px; '><section class=\"av_textblock_section \"  itemscope=\"itemscope\" itemtype=\"https:\/\/schema.org\/BlogPosting\" itemprop=\"blogPost\" ><div class='avia_textblock  '   itemprop=\"text\" ><p style=\"text-align: justify;\">La vivienda posee un amplio est\u00e1ndar de aislaci\u00f3n t\u00e9rmica y fue el resultado de un trabajo coordinado entre la oficina municipal de vivienda y del Ministerio de Vivienda a trav\u00e9s del Serviu.<\/p>\n<p style=\"text-align: justify;\">El Alcalde de la comuna de Cisnes junto a su equipo t\u00e9cnico y profesional hicieron entrega de una nueva y amplia vivienda a una familia de Puerto Cisnes, integrada por adultos mayores, quienes esperaban con ansias poder habitar este inmueble, iniciativa de la cual est\u00e1n muy agradecidos y emocionados de haber sido beneficiados, tal como se desprende de las sencillas pero significativas palabras de la se\u00f1ora Gladys.<\/p>\n<p style=\"text-align: justify;\">\u201cSiempre me so\u00f1aba entrando a una casa tan bonita, para que no me pillen yo me arrancaba a mirar esta casa tan linda y lleg\u00f3 el momento. Le doy gracias a Dios, que Dios los bendiga mucho y contenta, agradecida, aqu\u00ed somos tres con mi nieto, as\u00ed es que, doy gracias a Dios porque nunca pensaba esto\u201d.<\/p>\n<p style=\"text-align: justify;\">El Alcalde de la comuna de Cisnes, Francisco Roncagliolo Lepio, puso en valor el impulso que ha dado su gesti\u00f3n a trav\u00e9s de diversas iniciativas, al apoyo social en el tema habitacional.<\/p>\n<p style=\"text-align: justify;\">\u201cEstamos muy contentos de este entregar este beneficio, este apoyo a don Jos\u00e9 Nitor, a su familia, una casa absolutamente nueva, con un est\u00e1ndar importante de aislaci\u00f3n t\u00e9rmica, que re\u00fane caracter\u00edsticas muy importantes para que los acompa\u00f1e en todo este proceso que se viene, ya que, se van a cambiar de casa muy pronto. Y esto es parte del trabajo que hemos estado haciendo en toda la comuna, lo que buscamos es que nuestra gente, la gente de nuestra comuna puede acceder a tener una casa digna, una casa con los mejores est\u00e1ndares posibles, que mejore tambi\u00e9n sus condiciones de vida y con este tipo de beneficios se est\u00e1 cumpliendo. As\u00ed es que, a seguir trabajando juntos, a seguir avanzando, en un trabajo coordinado con la oficina de vivienda del Municipio y tambi\u00e9n con el Serviu y el Minvu de la regi\u00f3n de Ays\u00e9n\u201d.<\/p>\n<p style=\"text-align: justify;\">En tanto, Marcos Antileo, arquitecto de la oficina municipal de vivienda, entreg\u00f3 algunos detalles t\u00e9cnicos de la nueva vivienda. \u201cUna casa de 52 metros cuadrados, estamos muy felices de poder entregarla el d\u00eda de hoy, fue un proceso bastante largo, pero estamos felices de poder entregar la vivienda. Vemos la alegr\u00eda de don Jos\u00e9, de su familia y eso nos llega de satisfacci\u00f3n como oficina y como Municipio y felicitamos a los beneficiarios\u201d.<\/p>\n<p style=\"text-align: justify;\">Don Jos\u00e9 Nitor, agradeci\u00f3 a todos quienes hicieron posible concretar la vivienda que junto a su familia habitaran, iniciativa que se concret\u00f3 gracias al trabajo mancomunado entre la Municipalidad de Cisnes, su oficina de vivienda y el Minvu regional a trav\u00e9s del Serviu y el subsidio DS10.<\/p>\n<\/div><\/section><\/div><div  style='height:50px' class='hr hr-invisible   avia-builder-el-6  el_after_av_one_full  el_before_av_social_share '><span class='hr-inner ' ><span class='hr-inner-style'><\/span><\/span><\/div><\/p>\n<div  class='av-social-sharing-box  avia-builder-el-7  el_after_av_hr  el_before_av_hr  '><div class='av-share-box'><h5 class='av-share-link-description av-no-toc '>Compartir esta noticia<\/h5><ul class='av-share-box-list noLightbox'><li class='av-share-link av-social-link-facebook' ><a target=\"_blank\" aria-label=\"Compartir en Facebook\" href='https:\/\/www.facebook.com\/sharer.php?u=https:\/\/radiorevelacionfm.cl\/?p=24813&#038;t=Entregan%20nueva%20y%20amplia%20vivienda%20social%20a%20familia%20compuesta%20por%20adultos%20mayores%20de%20Cisnes' aria-hidden='false' data-av_icon='\ue8f3' data-av_iconfont='entypo-fontello' title='' data-avia-related-tooltip='Compartir en Facebook' rel=\"noopener\"><span class='avia_hidden_link_text'>Compartir en Facebook<\/span><\/a><\/li><li class='av-share-link av-social-link-twitter' ><a target=\"_blank\" aria-label=\"Compartir en Twitter\" href='https:\/\/twitter.com\/share?text=Entregan%20nueva%20y%20amplia%20vivienda%20social%20a%20familia%20compuesta%20por%20adultos%20mayores%20de%20Cisnes&#038;url=https:\/\/radiorevelacionfm.cl\/?p=24813' aria-hidden='false' data-av_icon='\ue8f1' data-av_iconfont='entypo-fontello' title='' data-avia-related-tooltip='Compartir en Twitter' rel=\"noopener\"><span class='avia_hidden_link_text'>Compartir en Twitter<\/span><\/a><\/li><li class='av-share-link av-social-link-whatsapp' ><a target=\"_blank\" aria-label=\"Compartir en Whatsapp\" href='https:\/\/api.whatsapp.com\/send?text=https:\/\/radiorevelacionfm.cl\/?p=24813' aria-hidden='false' data-av_icon='\uf232' data-av_iconfont='entypo-fontello' title='' data-avia-related-tooltip='Compartir en Whatsapp' rel=\"noopener\"><span class='avia_hidden_link_text'>Compartir en Whatsapp<\/span><\/a><\/li><li class='av-share-link av-social-link-linkedin' ><a target=\"_blank\" aria-label=\"Compartir en LinkedIn\" href='https:\/\/linkedin.com\/shareArticle?mini=true&#038;title=Entregan%20nueva%20y%20amplia%20vivienda%20social%20a%20familia%20compuesta%20por%20adultos%20mayores%20de%20Cisnes&#038;url=https:\/\/radiorevelacionfm.cl\/?p=24813' aria-hidden='false' data-av_icon='\ue8fc' data-av_iconfont='entypo-fontello' title='' data-avia-related-tooltip='Compartir en LinkedIn' rel=\"noopener\"><span class='avia_hidden_link_text'>Compartir en LinkedIn<\/span><\/a><\/li><li class='av-share-link av-social-link-mail' ><a  aria-label=\"Compartir por correo\" href='mailto:?subject=Entregan%20nueva%20y%20amplia%20vivienda%20social%20a%20familia%20compuesta%20por%20adultos%20mayores%20de%20Cisnes&#038;body=https:\/\/radiorevelacionfm.cl\/?p=24813' aria-hidden='false' data-av_icon='\ue805' data-av_iconfont='entypo-fontello' title='' data-avia-related-tooltip='Compartir por correo'><span class='avia_hidden_link_text'>Compartir por correo<\/span><\/a><\/li><\/ul><\/div><\/div>\n<div  style='height:50px' class='hr hr-invisible   avia-builder-el-8  el_after_av_social_share  el_before_av_comments_list '><span class='hr-inner ' ><span class='hr-inner-style'><\/span><\/span><\/div>\n<div  class='av-buildercomment  av-blog-meta-html-info-disabled av-blog-meta-tag-disabled  '><\/div>\n","protected":false},"excerpt":{"rendered":"","protected":false},"author":1,"featured_media":24814,"comment_status":"open","ping_status":"open","sticky":false,"template":"","format":"standard","meta":{"footnotes":""},"categories":[38],"tags":[],"class_list":["post-24813","post","type-post","status-publish","format-standard","has-post-thumbnail","hentry","category-regional"],"jetpack_featured_media_url":"https:\/\/radiorevelacionfm.cl\/wp-content\/uploads\/2022\/11\/vivienda-cisnes-2-1-1_optimized.jpeg","_links":{"self":[{"href":"https:\/\/radiorevelacionfm.cl\/index.php?rest_route=\/wp\/v2\/posts\/24813","targetHints":{"allow":["GET"]}}],"collection":[{"href":"https:\/\/radiorevelacionfm.cl\/index.php?rest_route=\/wp\/v2\/posts"}],"about":[{"href":"https:\/\/radiorevelacionfm.cl\/index.php?rest_route=\/wp\/v2\/types\/post"}],"author":[{"embeddable":true,"href":"https:\/\/radiorevelacionfm.cl\/index.php?rest_route=\/wp\/v2\/users\/1"}],"replies":[{"embeddable":true,"href":"https:\/\/radiorevelacionfm.cl\/index.php?rest_route=%2Fwp%2Fv2%2Fcomments&post=24813"}],"version-history":[{"count":2,"href":"https:\/\/radiorevelacionfm.cl\/index.php?rest_route=\/wp\/v2\/posts\/24813\/revisions"}],"predecessor-version":[{"id":24820,"href":"https:\/\/radiorevelacionfm.cl\/index.php?rest_route=\/wp\/v2\/posts\/24813\/revisions\/24820"}],"wp:featuredmedia":[{"embeddable":true,"href":"https:\/\/radiorevelacionfm.cl\/index.php?rest_route=\/wp\/v2\/media\/24814"}],"wp:attachment":[{"href":"https:\/\/radiorevelacionfm.cl\/index.php?rest_route=%2Fwp%2Fv2%2Fmedia&parent=24813"}],"wp:term":[{"taxonomy":"category","embeddable":true,"href":"https:\/\/radiorevelacionfm.cl\/index.php?rest_route=%2Fwp%2Fv2%2Fcategories&post=24813"},{"taxonomy":"post_tag","embeddable":true,"href":"https:\/\/radiorevelacionfm.cl\/index.php?rest_route=%2Fwp%2Fv2%2Ftags&post=24813"}],"curies":[{"name":"wp","href":"https:\/\/api.w.org\/{rel}","templated":true}]}}