{"id":24810,"date":"2022-11-29T18:12:42","date_gmt":"2022-11-29T21:12:42","guid":{"rendered":"https:\/\/radiorevelacionfm.cl\/?p=24810"},"modified":"2022-11-29T18:12:42","modified_gmt":"2022-11-29T21:12:42","slug":"corte-de-coyhaique-declara-procedente-solicitar-a-argentina-la-extradicion-de-imputado-por-abuso-sexual-y-violacion","status":"publish","type":"post","link":"https:\/\/radiorevelacionfm.cl\/?p=24810","title":{"rendered":"Corte de Coyhaique declara procedente solicitar a Argentina la extradici\u00f3n de imputado por abuso sexual y violaci\u00f3n"},"content":{"rendered":"<div class=\"flex_column av_one_full  flex_column_div av-zero-column-padding first  avia-builder-el-0  el_before_av_one_full  avia-builder-el-first  \" style='border-radius:0px; '><div  class='avia-image-container  av-styling-    avia-builder-el-1  avia-builder-el-no-sibling  avia-align-center '  itemprop=\"image\" itemscope=\"itemscope\" itemtype=\"https:\/\/schema.org\/ImageObject\"  ><div class='avia-image-container-inner'><div class='avia-image-overlay-wrap'><img decoding=\"async\" class='wp-image-6641 avia-img-lazy-loading-not-6641 avia_image' src=\"https:\/\/radiorevelacionfm.cl\/wp-content\/uploads\/2021\/07\/foto-01-corte-1_optimized.jpg\" alt='' title='foto-01-corte--(1)_optimized' height=\"600\" width=\"918\"  itemprop=\"thumbnailUrl\" srcset=\"https:\/\/radiorevelacionfm.cl\/wp-content\/uploads\/2021\/07\/foto-01-corte-1_optimized.jpg 918w, https:\/\/radiorevelacionfm.cl\/wp-content\/uploads\/2021\/07\/foto-01-corte-1_optimized-300x196.jpg 300w, https:\/\/radiorevelacionfm.cl\/wp-content\/uploads\/2021\/07\/foto-01-corte-1_optimized-768x502.jpg 768w, https:\/\/radiorevelacionfm.cl\/wp-content\/uploads\/2021\/07\/foto-01-corte-1_optimized-705x461.jpg 705w, https:\/\/radiorevelacionfm.cl\/wp-content\/uploads\/2021\/07\/foto-01-corte-1_optimized-600x392.jpg 600w\" sizes=\"(max-width: 918px) 100vw, 918px\" \/><\/div><\/div><\/div><\/div><div class=\"flex_column av_one_full  flex_column_div av-zero-column-padding first  avia-builder-el-2  el_after_av_one_full  el_before_av_one_full  column-top-margin\" style='border-radius:0px; '><section class=\"av_textblock_section \"  itemscope=\"itemscope\" itemtype=\"https:\/\/schema.org\/BlogPosting\" itemprop=\"blogPost\" ><div class='avia_textblock  '   itemprop=\"text\" ><p style=\"text-align: center;\"><strong><span style=\"font-size: 18pt;\">Corte de Coyhaique declara procedente solicitar a Argentina la extradici\u00f3n de imputado por abuso sexual y violaci\u00f3n<\/span><\/strong><\/p>\n<div id=\"gtx-trans\" style=\"position: absolute; left: -50px; top: 4.31534px;\">\n<div class=\"gtx-trans-icon\"><\/div>\n<\/div>\n<\/div><\/section><\/div><div class=\"flex_column av_one_full  flex_column_div av-zero-column-padding first  avia-builder-el-4  el_after_av_one_full  el_before_av_hr  column-top-margin\" style='border-radius:0px; '><section class=\"av_textblock_section \"  itemscope=\"itemscope\" itemtype=\"https:\/\/schema.org\/BlogPosting\" itemprop=\"blogPost\" ><div class='avia_textblock  '   itemprop=\"text\" ><p class=\"v1MsoNormal\" style=\"text-align: justify;\">La Corte de Apelaciones de Coyhaique declar\u00f3 procedente solicitar a Argentina la extradici\u00f3n de J.A.V.G., imputado por el Ministerio P\u00fablico como autor de los delitos de abuso sexual y violaci\u00f3n. Il\u00edcitos perpetrados en abril pasado, en la comuna de Chile Chico.<\/p>\n<p class=\"v1MsoNormal\" style=\"text-align: justify;\">En fallo un\u00e1nime, la Primera Sala del tribunal de alzada \u2013integrada por los ministros Pedro Castro Espinoza, Jos\u00e9 Ignacio Mora Trujillo y el abogado (i) Marcos Gallegos Rodr\u00edguez\u2013 confirm\u00f3 la resoluci\u00f3n, dictada por el Juzgado de Garant\u00eda de Chile Chico, que acogi\u00f3 la solicitud de extradici\u00f3n activa, tras establecer que en la especie se cumplen los requisitos legales para pedir la entrega de J.A.V.G., cuya formalizaci\u00f3n se realiz\u00f3 en ausencia por delitos que tiene asignada una pena privativa de libertad superior a un a\u00f1o, la acci\u00f3n penal no se encuentra prescrita y se encuentra domiciliado en el pa\u00eds vecino.<\/p>\n<p class=\"v1MsoNormal\" style=\"text-align: justify;\">\u00ab(&#8230;) habi\u00e9ndose controvertido la solicitud del Ministerio P\u00fablico, a este Tribunal le compete, exclusivamente, y en \u00fanica instancia, pronunciarse acerca de la solicitud de extradici\u00f3n activa del citado imputado, no pudiendo abocarse a la revisi\u00f3n de lo resuelto por el Tribunal de Garant\u00eda, de manera que lo decidido y resuelto por este ha quedado a firme, procediendo la revisi\u00f3n de los requisitos contenidos en el C\u00f3digo Procesal Penal y aquellos contenidos en el Decreto Supremo n\u00famero 35, del Ministerio de Relaciones Exteriores, del a\u00f1o 2012, que promulg\u00f3 el Acuerdo Sobre Extradici\u00f3n Entre los Estados Parte del Mercosur y las Rep\u00fablicas de Bolivia y de Chile, sin perder de vista que tambi\u00e9n existen normas similares sobre extradici\u00f3n en el C\u00f3digo de Derecho Internacional Privado, ratificado por Chile como norma interna, en el a\u00f1o 1934\u00bb, sostiene el fallo.<\/p>\n<p class=\"v1MsoNormal\" style=\"text-align: justify;\">La resoluci\u00f3n agrega que: \u00ab(&#8230;) el solicitante, Ministerio P\u00fablico, ha pedido se declare que se solicite del pa\u00eds requerido la detenci\u00f3n del imputado, solicitud a la que se acceder\u00e1, declar\u00e1ndose solicitar al Ministerio de Relaciones Exteriores que se pida a la Rep\u00fablica Argentina, pa\u00eds en el que se encuentra el requerido de extradici\u00f3n, adopte las medidas necesarias e indispensables tendientes a impedir o evitar la fuga del imputado, hasta la correspondiente entrega del mismo al pa\u00eds requirente\u00bb.<\/p>\n<p class=\"v1MsoNormal\" style=\"text-align: justify;\">Para el tribunal de alzada: \u00ab(&#8230;) a los efectos de las alegaciones de la defensa del imputado, el primer argumento es contradicho por el mismo defensor, en cuanto a la consideraci\u00f3n de que se trata, uno de los delitos, de violaci\u00f3n, de manera que se cumple con el requisito del art\u00edculo 431, del C\u00f3digo Procesal Penal; en cuanto a la eventual participaci\u00f3n, ante el Juez de la causa, se formaliz\u00f3 en ausencia al imputado, haciendo el magistrado lugar a la extradici\u00f3n y a solicitar la medida cautelar de prisi\u00f3n preventiva u otra, respecto del imputado en el extranjero; y finalmente, la circunstancia de que el encartado goce de una eventual atenuante de responsabilidad penal, es una cuesti\u00f3n que habr\u00e1 de ser considerada al momento de la determinaci\u00f3n de la pena y no en esta oportunidad\u00bb.<\/p>\n<p class=\"v1MsoNormal\" style=\"text-align: justify;\">\u00abEn consecuencia, en atenci\u00f3n al car\u00e1cter de los hechos y delitos por los que se formaliz\u00f3 al imputado J.A.V.G., en su calidad de autor de los delitos de abuso sexual y de violaci\u00f3n, de los art\u00edculos 366 bis y 362, ambos del C\u00f3digo Penal, en grado de desarrollo consumado; a que ellos tienen asignada una pena privativa de libertad superior a un a\u00f1o; al hecho de tener domicilio conocido en la Rep\u00fablica de Argentina, y lo dispuesto en los art\u00edculos 431 y siguientes del C\u00f3digo Procesal Penal,\u00a0SE HACE LUGAR\u00a0a conceder la extradici\u00f3n requerida por el Ministerio P\u00fablico\u00bb, ordena la resoluci\u00f3n.<\/p>\n<p class=\"v1MsoNormal\" style=\"text-align: justify;\">\u00abOf\u00edciese al Ministerio de Relaciones Exteriores, adjunt\u00e1ndose copia autorizada de la presente resoluci\u00f3n, a fin de solicitarle se practiquen las gestiones diplom\u00e1ticas necesarias para obtener la extradici\u00f3n del imputado mencionado, acompa\u00f1\u00e1ndose a tal oficio, los antecedentes consignados en el art\u00edculo 436, del C\u00f3digo Procesal Penal, como aquellos consignados en el art\u00edculo 18, del Decreto Supremo n\u00famero 35, del Ministerio de Relaciones Exteriores, del a\u00f1o 2012, debiendo solicitarse, al pa\u00eds requerido, se sirva adoptar las providencias necesarias para evitar la fuga del imputado cuya extradici\u00f3n se ha solicitado\u00bb, concluye.<\/p>\n<\/div><\/section><\/div><div  style='height:50px' class='hr hr-invisible   avia-builder-el-6  el_after_av_one_full  el_before_av_social_share '><span class='hr-inner ' ><span class='hr-inner-style'><\/span><\/span><\/div><\/p>\n<div  class='av-social-sharing-box  avia-builder-el-7  el_after_av_hr  el_before_av_hr  '><div class='av-share-box'><h5 class='av-share-link-description av-no-toc '>Compartir esta noticia<\/h5><ul class='av-share-box-list noLightbox'><li class='av-share-link av-social-link-facebook' ><a target=\"_blank\" aria-label=\"Compartir en Facebook\" href='https:\/\/www.facebook.com\/sharer.php?u=https:\/\/radiorevelacionfm.cl\/?p=24810&#038;t=Corte%20de%20Coyhaique%20declara%20procedente%20solicitar%20a%20Argentina%20la%20extradici%C3%B3n%20de%20imputado%20por%20abuso%20sexual%20y%20violaci%C3%B3n' aria-hidden='false' data-av_icon='\ue8f3' data-av_iconfont='entypo-fontello' title='' data-avia-related-tooltip='Compartir en Facebook' rel=\"noopener\"><span class='avia_hidden_link_text'>Compartir en Facebook<\/span><\/a><\/li><li class='av-share-link av-social-link-twitter' ><a target=\"_blank\" aria-label=\"Compartir en Twitter\" href='https:\/\/twitter.com\/share?text=Corte%20de%20Coyhaique%20declara%20procedente%20solicitar%20a%20Argentina%20la%20extradici%C3%B3n%20de%20imputado%20por%20abuso%20sexual%20y%20violaci%C3%B3n&#038;url=https:\/\/radiorevelacionfm.cl\/?p=24810' aria-hidden='false' data-av_icon='\ue8f1' data-av_iconfont='entypo-fontello' title='' data-avia-related-tooltip='Compartir en Twitter' rel=\"noopener\"><span class='avia_hidden_link_text'>Compartir en Twitter<\/span><\/a><\/li><li class='av-share-link av-social-link-whatsapp' ><a target=\"_blank\" aria-label=\"Compartir en Whatsapp\" href='https:\/\/api.whatsapp.com\/send?text=https:\/\/radiorevelacionfm.cl\/?p=24810' aria-hidden='false' data-av_icon='\uf232' data-av_iconfont='entypo-fontello' title='' data-avia-related-tooltip='Compartir en Whatsapp' rel=\"noopener\"><span class='avia_hidden_link_text'>Compartir en Whatsapp<\/span><\/a><\/li><li class='av-share-link av-social-link-linkedin' ><a target=\"_blank\" aria-label=\"Compartir en LinkedIn\" href='https:\/\/linkedin.com\/shareArticle?mini=true&#038;title=Corte%20de%20Coyhaique%20declara%20procedente%20solicitar%20a%20Argentina%20la%20extradici%C3%B3n%20de%20imputado%20por%20abuso%20sexual%20y%20violaci%C3%B3n&#038;url=https:\/\/radiorevelacionfm.cl\/?p=24810' aria-hidden='false' data-av_icon='\ue8fc' data-av_iconfont='entypo-fontello' title='' data-avia-related-tooltip='Compartir en LinkedIn' rel=\"noopener\"><span class='avia_hidden_link_text'>Compartir en LinkedIn<\/span><\/a><\/li><li class='av-share-link av-social-link-mail' ><a  aria-label=\"Compartir por correo\" href='mailto:?subject=Corte%20de%20Coyhaique%20declara%20procedente%20solicitar%20a%20Argentina%20la%20extradici%C3%B3n%20de%20imputado%20por%20abuso%20sexual%20y%20violaci%C3%B3n&#038;body=https:\/\/radiorevelacionfm.cl\/?p=24810' aria-hidden='false' data-av_icon='\ue805' data-av_iconfont='entypo-fontello' title='' data-avia-related-tooltip='Compartir por correo'><span class='avia_hidden_link_text'>Compartir por correo<\/span><\/a><\/li><\/ul><\/div><\/div>\n<div  style='height:50px' class='hr hr-invisible   avia-builder-el-8  el_after_av_social_share  el_before_av_comments_list '><span class='hr-inner ' ><span class='hr-inner-style'><\/span><\/span><\/div>\n<div  class='av-buildercomment  av-blog-meta-html-info-disabled av-blog-meta-tag-disabled  '><\/div>\n","protected":false},"excerpt":{"rendered":"","protected":false},"author":1,"featured_media":6641,"comment_status":"open","ping_status":"open","sticky":false,"template":"","format":"standard","meta":{"footnotes":""},"categories":[55],"tags":[],"class_list":["post-24810","post","type-post","status-publish","format-standard","has-post-thumbnail","hentry","category-justicia"],"jetpack_featured_media_url":"https:\/\/radiorevelacionfm.cl\/wp-content\/uploads\/2021\/07\/foto-01-corte-1_optimized.jpg","_links":{"self":[{"href":"https:\/\/radiorevelacionfm.cl\/index.php?rest_route=\/wp\/v2\/posts\/24810","targetHints":{"allow":["GET"]}}],"collection":[{"href":"https:\/\/radiorevelacionfm.cl\/index.php?rest_route=\/wp\/v2\/posts"}],"about":[{"href":"https:\/\/radiorevelacionfm.cl\/index.php?rest_route=\/wp\/v2\/types\/post"}],"author":[{"embeddable":true,"href":"https:\/\/radiorevelacionfm.cl\/index.php?rest_route=\/wp\/v2\/users\/1"}],"replies":[{"embeddable":true,"href":"https:\/\/radiorevelacionfm.cl\/index.php?rest_route=%2Fwp%2Fv2%2Fcomments&post=24810"}],"version-history":[{"count":2,"href":"https:\/\/radiorevelacionfm.cl\/index.php?rest_route=\/wp\/v2\/posts\/24810\/revisions"}],"predecessor-version":[{"id":24812,"href":"https:\/\/radiorevelacionfm.cl\/index.php?rest_route=\/wp\/v2\/posts\/24810\/revisions\/24812"}],"wp:featuredmedia":[{"embeddable":true,"href":"https:\/\/radiorevelacionfm.cl\/index.php?rest_route=\/wp\/v2\/media\/6641"}],"wp:attachment":[{"href":"https:\/\/radiorevelacionfm.cl\/index.php?rest_route=%2Fwp%2Fv2%2Fmedia&parent=24810"}],"wp:term":[{"taxonomy":"category","embeddable":true,"href":"https:\/\/radiorevelacionfm.cl\/index.php?rest_route=%2Fwp%2Fv2%2Fcategories&post=24810"},{"taxonomy":"post_tag","embeddable":true,"href":"https:\/\/radiorevelacionfm.cl\/index.php?rest_route=%2Fwp%2Fv2%2Ftags&post=24810"}],"curies":[{"name":"wp","href":"https:\/\/api.w.org\/{rel}","templated":true}]}}