{"id":24804,"date":"2022-11-29T17:33:18","date_gmt":"2022-11-29T20:33:18","guid":{"rendered":"https:\/\/radiorevelacionfm.cl\/?p=24804"},"modified":"2022-11-29T17:33:18","modified_gmt":"2022-11-29T20:33:18","slug":"cochrane-reactiva-sus-espacios-culturales-con-la-feria-de-intercambios-de-saberes-artisticos","status":"publish","type":"post","link":"https:\/\/radiorevelacionfm.cl\/?p=24804","title":{"rendered":"Cochrane reactiva sus espacios culturales con la \u201cFeria de intercambios de saberes art\u00edsticos\u201d"},"content":{"rendered":"<div class=\"flex_column av_one_full  flex_column_div av-zero-column-padding first  avia-builder-el-0  el_before_av_one_full  avia-builder-el-first  \" style='border-radius:0px; '><div  class='avia-image-container  av-styling-    avia-builder-el-1  avia-builder-el-no-sibling  avia-align-center '  itemprop=\"image\" itemscope=\"itemscope\" itemtype=\"https:\/\/schema.org\/ImageObject\"  ><div class='avia-image-container-inner'><div class='avia-image-overlay-wrap'><img decoding=\"async\" class='wp-image-24805 avia-img-lazy-loading-not-24805 avia_image' src=\"https:\/\/radiorevelacionfm.cl\/wp-content\/uploads\/2022\/11\/artesanas-flores-del-calafate-foto-1-1_optimized.jpg\" alt='' title='artesanas-flores-del-calafate---foto-1-(1)_optimized' height=\"600\" width=\"899\"  itemprop=\"thumbnailUrl\" srcset=\"https:\/\/radiorevelacionfm.cl\/wp-content\/uploads\/2022\/11\/artesanas-flores-del-calafate-foto-1-1_optimized.jpg 899w, https:\/\/radiorevelacionfm.cl\/wp-content\/uploads\/2022\/11\/artesanas-flores-del-calafate-foto-1-1_optimized-300x200.jpg 300w, https:\/\/radiorevelacionfm.cl\/wp-content\/uploads\/2022\/11\/artesanas-flores-del-calafate-foto-1-1_optimized-768x513.jpg 768w, https:\/\/radiorevelacionfm.cl\/wp-content\/uploads\/2022\/11\/artesanas-flores-del-calafate-foto-1-1_optimized-705x471.jpg 705w, https:\/\/radiorevelacionfm.cl\/wp-content\/uploads\/2022\/11\/artesanas-flores-del-calafate-foto-1-1_optimized-600x400.jpg 600w\" sizes=\"(max-width: 899px) 100vw, 899px\" \/><\/div><\/div><\/div><\/div><div class=\"flex_column av_one_full  flex_column_div av-zero-column-padding first  avia-builder-el-2  el_after_av_one_full  el_before_av_one_full  column-top-margin\" style='border-radius:0px; '><section class=\"av_textblock_section \"  itemscope=\"itemscope\" itemtype=\"https:\/\/schema.org\/BlogPosting\" itemprop=\"blogPost\" ><div class='avia_textblock  '   itemprop=\"text\" ><p style=\"text-align: center;\"><span style=\"font-size: 18pt;\"><b>Cochrane reactiva sus espacios culturales con la \u201cFeria de intercambios de saberes art\u00edsticos\u201d<\/b><b>\u00a0<\/b><\/span><\/p>\n<div id=\"gtx-trans\" style=\"position: absolute; left: -50px; top: 4.31534px;\">\n<div class=\"gtx-trans-icon\"><\/div>\n<\/div>\n<\/div><\/section><\/div><div class=\"flex_column av_one_full  flex_column_div av-zero-column-padding first  avia-builder-el-4  el_after_av_one_full  el_before_av_hr  column-top-margin\" style='border-radius:0px; '><section class=\"av_textblock_section \"  itemscope=\"itemscope\" itemtype=\"https:\/\/schema.org\/BlogPosting\" itemprop=\"blogPost\" ><div class='avia_textblock  '   itemprop=\"text\" ><p style=\"text-align: justify;\">Con la participaci\u00f3n de agrupaciones locales y un concurrido p\u00fablico, el s\u00e1bado 26 de noviembre despunt\u00f3 la \u201cFeria de intercambios de saberes art\u00edsticos\u201d en el frontis del Centro Cultural de Cochrane. La actividad que estuvo a cargo del Colectivo Cheelkenue logr\u00f3 reunir a familias, reactivar espacios p\u00fablicos y fortalecer la vida art\u00edstica en la comuna, luego de los coletazos acaecidos por la pandemia.<\/p>\n<p style=\"text-align: justify;\">Con el financiamiento de la Seremi de Culturas Ays\u00e9n, la colaboraci\u00f3n del Centro Cultural de Cochrane y la casa edilicia del lugar, vecinas y vecinos disfrutaron de las presentaciones de cuatro agrupaciones: Mateando entre Libros, Las Dos Hileras, Artesanas Flores del Calafate, y Alma y Sue\u00f1o, a las que se sum\u00f3 el concierto del d\u00fao Los Trapananda.<\/p>\n<p style=\"text-align: justify;\">Tarde marcada por los lenguajes teatrales, la m\u00fasica en vivo y la danza con un fuerte acento hacia la democratizaci\u00f3n de las creaciones comunitarias, en relaci\u00f3n a las expresiones tradicionales del zonal, as\u00ed como del fortalecimiento del tejido social mediante la participaci\u00f3n ciudadana, escenario posible gracias a las Iniciativas Culturales Asociativas (ICA) 2022, desarrolladas entre colectivos que durante el a\u00f1o establecieron una hoja de ruta en proyectos de diversa naturaleza.<\/p>\n<p style=\"text-align: justify;\">\u201cEstamos supercontentos de ver los resultados que se han podido desarrollar y manifestar a lo largo de estos a\u00f1os, en los cuales, los ICA tanto de Cochrane, Chile Chico, as\u00ed como el de otras comunas, est\u00e1n orientados a reactivar el sector cultural, en diversificar el espectro de gestores y agentes culturales que se encuentran desarrollando estas iniciativas y, lo que es m\u00e1s importante, instar a la asociatividad entre distintos agentes que habitan un territorio en com\u00fan\u201d, sostuvo el seremi de Culturas Ays\u00e9n, Felipe Quiroz.<\/p>\n<p style=\"text-align: justify;\">En tanto, desde la vereda de los organizadores, el Colectivo Cheelkenue, que estuvo trabajando junto a monitores una serie de talleres previo a la \u201cFeria de intercambios de saberes art\u00edsticos\u201d, tras el \u00e9xito de la convocatoria y el cierre del proceso formativo, manifest\u00f3 su conformidad frente a los resultados preliminares. \u201cCumplimos todas las expectativas y objetivos que eran agruparnos, poder utilizar el Centro Cultural. Se acercaron muchas personas, participaron las agrupaciones, as\u00ed que estamos muy felices\u201d, detall\u00f3 Lissette Espinoza, presidenta de la agrupaci\u00f3n cochranina, al evaluar las posibilidades de continuar un futuro proyecto en la misma l\u00ednea.<\/p>\n<p style=\"text-align: justify;\">Danilo Cruces, encargado del Centro Cultural de Cochrane, complement\u00f3 las palabras de Espinoza, al resaltar la buena recepci\u00f3n del p\u00fablico en las dependencias del recinto. \u201cEs muy gratificante ver c\u00f3mo se est\u00e1 utilizando el espacio, como la comunidad efectivamente lo requiere para realizar actividades\u201d, detall\u00f3, agregando que \u201cesta vez pudimos atender a la necesidad de la gente de tener acceso a la cultura y contribuir a su desarrollo\u201d, en el marco de la conectividad regional.<\/p>\n<p style=\"text-align: justify;\">En cuanto a los asistentes, sus expresiones de satisfacci\u00f3n no se hicieron esperar. \u201cEs una instancia donde nos pudimos reunir tanto en el tema de salud mental, que ha sido algo ca\u00f3tico en el tiempo de pandemia, como de poder compartir en familia y con los vecinos\u201d, expres\u00f3 Rachel Albornoz. Mientras que Soledad Marinado aclar\u00f3 que \u201cayuda mucho a conectarnos con las mismas actividades del territorio\u201d, resaltando la diversidad de edades. \u201cCreo que eso es algo importante porque no es solo para un p\u00fablico determinado, sino para la familia. Ayuda a volver a conectarnos con todas las actividades que hay en la comuna, aprovechando tambi\u00e9n los espacios como el Centro Cultural que es precioso\u201d, puntualiz\u00f3.<\/p>\n<p style=\"text-align: justify;\">Durante el presente a\u00f1o, la Unidad de Ciudadan\u00eda lleva en su agenda la realizaci\u00f3n de Iniciativas Culturales Asociativas en la Regi\u00f3n de Ays\u00e9n, ejecutadas por organizaciones territoriales, entre las que figuran \u201cManos que transmiten patrimonio\u201d, en Caleta Tortel; \u201cFlamenco conecta cultura\u201d, en Ays\u00e9n, \u201cLo que une el Chelenko\u201d, en Chile Chico; \u201cSaberes y ra\u00edces culturales de Guaitecas\u201d en la comuna hom\u00f3nima, \u201cTalleres de artesan\u00eda: vinculando saberes\u201d, en Ib\u00e1\u00f1ez; \u201cFabulario feminista\u201d, en Lago Verde; \u201cArte y cultura en el R\u00edo Mayer\u201d, en el sector de O\u2019Higgins; \u201cPrimer festival art\u00edstico-cultural: conociendo y valorando a trav\u00e9s del arte, nuestro patrimonio natural\u201d, en Cisnes; y \u201cReencuentro art\u00edstico, cultura y artesanos. Reflexi\u00f3n y asociatividad con Organizaciones Culturales Comunitarias de la comuna de Coyhaique\u201d.<\/p>\n<\/div><\/section><\/div><div  style='height:50px' class='hr hr-invisible   avia-builder-el-6  el_after_av_one_full  el_before_av_social_share '><span class='hr-inner ' ><span class='hr-inner-style'><\/span><\/span><\/div><\/p>\n<div  class='av-social-sharing-box  avia-builder-el-7  el_after_av_hr  el_before_av_hr  '><div class='av-share-box'><h5 class='av-share-link-description av-no-toc '>Compartir esta noticia<\/h5><ul class='av-share-box-list noLightbox'><li class='av-share-link av-social-link-facebook' ><a target=\"_blank\" aria-label=\"Compartir en Facebook\" href='https:\/\/www.facebook.com\/sharer.php?u=https:\/\/radiorevelacionfm.cl\/?p=24804&#038;t=Cochrane%20reactiva%20sus%20espacios%20culturales%20con%20la%20%E2%80%9CFeria%20de%20intercambios%20de%20saberes%20art%C3%ADsticos%E2%80%9D' aria-hidden='false' data-av_icon='\ue8f3' data-av_iconfont='entypo-fontello' title='' data-avia-related-tooltip='Compartir en Facebook' rel=\"noopener\"><span class='avia_hidden_link_text'>Compartir en Facebook<\/span><\/a><\/li><li class='av-share-link av-social-link-twitter' ><a target=\"_blank\" aria-label=\"Compartir en Twitter\" href='https:\/\/twitter.com\/share?text=Cochrane%20reactiva%20sus%20espacios%20culturales%20con%20la%20%E2%80%9CFeria%20de%20intercambios%20de%20saberes%20art%C3%ADsticos%E2%80%9D&#038;url=https:\/\/radiorevelacionfm.cl\/?p=24804' aria-hidden='false' data-av_icon='\ue8f1' data-av_iconfont='entypo-fontello' title='' data-avia-related-tooltip='Compartir en Twitter' rel=\"noopener\"><span class='avia_hidden_link_text'>Compartir en Twitter<\/span><\/a><\/li><li class='av-share-link av-social-link-whatsapp' ><a target=\"_blank\" aria-label=\"Compartir en Whatsapp\" href='https:\/\/api.whatsapp.com\/send?text=https:\/\/radiorevelacionfm.cl\/?p=24804' aria-hidden='false' data-av_icon='\uf232' data-av_iconfont='entypo-fontello' title='' data-avia-related-tooltip='Compartir en Whatsapp' rel=\"noopener\"><span class='avia_hidden_link_text'>Compartir en Whatsapp<\/span><\/a><\/li><li class='av-share-link av-social-link-linkedin' ><a target=\"_blank\" aria-label=\"Compartir en LinkedIn\" href='https:\/\/linkedin.com\/shareArticle?mini=true&#038;title=Cochrane%20reactiva%20sus%20espacios%20culturales%20con%20la%20%E2%80%9CFeria%20de%20intercambios%20de%20saberes%20art%C3%ADsticos%E2%80%9D&#038;url=https:\/\/radiorevelacionfm.cl\/?p=24804' aria-hidden='false' data-av_icon='\ue8fc' data-av_iconfont='entypo-fontello' title='' data-avia-related-tooltip='Compartir en LinkedIn' rel=\"noopener\"><span class='avia_hidden_link_text'>Compartir en LinkedIn<\/span><\/a><\/li><li class='av-share-link av-social-link-mail' ><a  aria-label=\"Compartir por correo\" href='mailto:?subject=Cochrane%20reactiva%20sus%20espacios%20culturales%20con%20la%20%E2%80%9CFeria%20de%20intercambios%20de%20saberes%20art%C3%ADsticos%E2%80%9D&#038;body=https:\/\/radiorevelacionfm.cl\/?p=24804' aria-hidden='false' data-av_icon='\ue805' data-av_iconfont='entypo-fontello' title='' data-avia-related-tooltip='Compartir por correo'><span class='avia_hidden_link_text'>Compartir por correo<\/span><\/a><\/li><\/ul><\/div><\/div>\n<div  style='height:50px' class='hr hr-invisible   avia-builder-el-8  el_after_av_social_share  el_before_av_comments_list '><span class='hr-inner ' ><span class='hr-inner-style'><\/span><\/span><\/div>\n<div  class='av-buildercomment  av-blog-meta-html-info-disabled av-blog-meta-tag-disabled  '><\/div>\n","protected":false},"excerpt":{"rendered":"","protected":false},"author":1,"featured_media":24805,"comment_status":"open","ping_status":"open","sticky":false,"template":"","format":"standard","meta":{"footnotes":""},"categories":[52],"tags":[],"class_list":["post-24804","post","type-post","status-publish","format-standard","has-post-thumbnail","hentry","category-cultura"],"jetpack_featured_media_url":"https:\/\/radiorevelacionfm.cl\/wp-content\/uploads\/2022\/11\/artesanas-flores-del-calafate-foto-1-1_optimized.jpg","_links":{"self":[{"href":"https:\/\/radiorevelacionfm.cl\/index.php?rest_route=\/wp\/v2\/posts\/24804","targetHints":{"allow":["GET"]}}],"collection":[{"href":"https:\/\/radiorevelacionfm.cl\/index.php?rest_route=\/wp\/v2\/posts"}],"about":[{"href":"https:\/\/radiorevelacionfm.cl\/index.php?rest_route=\/wp\/v2\/types\/post"}],"author":[{"embeddable":true,"href":"https:\/\/radiorevelacionfm.cl\/index.php?rest_route=\/wp\/v2\/users\/1"}],"replies":[{"embeddable":true,"href":"https:\/\/radiorevelacionfm.cl\/index.php?rest_route=%2Fwp%2Fv2%2Fcomments&post=24804"}],"version-history":[{"count":2,"href":"https:\/\/radiorevelacionfm.cl\/index.php?rest_route=\/wp\/v2\/posts\/24804\/revisions"}],"predecessor-version":[{"id":24807,"href":"https:\/\/radiorevelacionfm.cl\/index.php?rest_route=\/wp\/v2\/posts\/24804\/revisions\/24807"}],"wp:featuredmedia":[{"embeddable":true,"href":"https:\/\/radiorevelacionfm.cl\/index.php?rest_route=\/wp\/v2\/media\/24805"}],"wp:attachment":[{"href":"https:\/\/radiorevelacionfm.cl\/index.php?rest_route=%2Fwp%2Fv2%2Fmedia&parent=24804"}],"wp:term":[{"taxonomy":"category","embeddable":true,"href":"https:\/\/radiorevelacionfm.cl\/index.php?rest_route=%2Fwp%2Fv2%2Fcategories&post=24804"},{"taxonomy":"post_tag","embeddable":true,"href":"https:\/\/radiorevelacionfm.cl\/index.php?rest_route=%2Fwp%2Fv2%2Ftags&post=24804"}],"curies":[{"name":"wp","href":"https:\/\/api.w.org\/{rel}","templated":true}]}}