{"id":2480,"date":"2021-02-09T09:51:48","date_gmt":"2021-02-09T12:51:48","guid":{"rendered":"https:\/\/radiorevelacionfm.cl\/?p=2480"},"modified":"2021-02-09T09:51:48","modified_gmt":"2021-02-09T12:51:48","slug":"corfo-aysen-busca-fortalecer-industria-maderera-en-la-region","status":"publish","type":"post","link":"https:\/\/radiorevelacionfm.cl\/?p=2480","title":{"rendered":"Corfo Ays\u00e9n busca fortalecer industria maderera en la regi\u00f3n"},"content":{"rendered":"<div class=\"flex_column av_one_full  flex_column_div av-zero-column-padding first  avia-builder-el-0  el_before_av_one_full  avia-builder-el-first  \" style='border-radius:0px; '><div  class='avia-image-container  av-styling-    avia-builder-el-1  avia-builder-el-no-sibling  avia-align-center '  itemprop=\"image\" itemscope=\"itemscope\" itemtype=\"https:\/\/schema.org\/ImageObject\"  ><div class='avia-image-container-inner'><div class='avia-image-overlay-wrap'><img decoding=\"async\" class='wp-image-0 avia-img-lazy-loading-not-0 avia_image' src=\"https:\/\/radiorevelacionfm.cl\/wp-content\/uploads\/2021\/02\/forest-1768922_1920_optimized-1.jpg\" alt='' title=''   itemprop=\"thumbnailUrl\"  \/><\/div><\/div><\/div><\/div><div class=\"flex_column av_one_full  flex_column_div av-zero-column-padding first  avia-builder-el-2  el_after_av_one_full  el_before_av_one_full  column-top-margin\" style='border-radius:0px; '><section class=\"av_textblock_section \"  itemscope=\"itemscope\" itemtype=\"https:\/\/schema.org\/BlogPosting\" itemprop=\"blogPost\" ><div class='avia_textblock  '   itemprop=\"text\" ><p style=\"text-align: center;\"><span style=\"font-size: 18pt;\"><strong>Corfo Ays\u00e9n busca fortalecer industria maderera en la regi\u00f3n<\/strong><\/span><\/p>\n<div id=\"gtx-trans\" style=\"position: absolute; left: -50px; top: 4.31534px;\">\n<div class=\"gtx-trans-icon\"><\/div>\n<\/div>\n<\/div><\/section><\/div><div class=\"flex_column av_one_full  flex_column_div av-zero-column-padding first  avia-builder-el-4  el_after_av_one_full  el_before_av_hr  column-top-margin\" style='border-radius:0px; '><section class=\"av_textblock_section \"  itemscope=\"itemscope\" itemtype=\"https:\/\/schema.org\/BlogPosting\" itemprop=\"blogPost\" ><div class='avia_textblock  '   itemprop=\"text\" ><p style=\"font-weight: 400; text-align: justify;\"><em>El objetivo es elaborar un Modelo de Gesti\u00f3n Territorial, que considere un Plan de Trabajo de coordinaci\u00f3n y articulaci\u00f3n, una propuesta de organizaci\u00f3n y gobernanza que articule a los actores relevantes, socios estrat\u00e9gicos y las metas a lograr.<\/em><\/p>\n<p style=\"font-weight: 400; text-align: justify;\">Con el fin de implementar iniciativas que permitan el mejoramiento competitivo de la producci\u00f3n regional de la industria maderera, Corfo Ays\u00e9n implementar\u00e1 el Programa Territorial Integrado \u201cDesarrollo de la Industria del Aserr\u00edo en Ays\u00e9n\u00bb.<\/p>\n<p style=\"font-weight: 400; text-align: justify;\">El precio de la madera de \u201clenga aserrada de exportaci\u00f3n\u201d, registra un crecimiento sostenido desde el 2011, increment\u00e1ndose el valor en algunos a\u00f1os sobre el 10%, hasta llegar al 2017, en donde el precio, con peque\u00f1as variaciones, se mantiene estable hasta la fecha. Esto ha permitido que el mercado de la madera aserrada haya mejorado significativamente en la regi\u00f3n, produciendo un aumento de la demanda que mantiene a los aserraderos funcionando a plena capacidad, con la producci\u00f3n totalmente vendida.<\/p>\n<p style=\"font-weight: 400; text-align: justify;\">En este contexto, Omar Mu\u00f1oz Sierra, director de Corfo Ays\u00e9n, indic\u00f3 que \u201cimplementaremos este Programa Territorial Integrado con el prop\u00f3sito de dise\u00f1ar y validar un modelo de gesti\u00f3n para el desarrollo de empresas de la cadena de valor de la industria del aserr\u00edo, con el fin de implementar iniciativas que permitan el mejoramiento competitivo de la producci\u00f3n regional, la adopci\u00f3n de nuevas tecnolog\u00edas y el desarrollo del capital humano, basado en la participaci\u00f3n, colaboraci\u00f3n y asociatividad de actores p\u00fablicos-privados, con el prop\u00f3sito de generar un crecimiento sustentable de la producci\u00f3n maderera en la regi\u00f3n de Ays\u00e9n\u201d.<\/p>\n<p style=\"font-weight: 400; text-align: justify;\">Sin embargo, detall\u00f3 Mu\u00f1oz, existen una serie de situaciones que son necesarias resolver para fortalecer a este sector productivo. Por un lado, a\u00fan son bajos los niveles de producci\u00f3n, lo que impide, de manera individual, exportar o abastecer alguna industria o muebler\u00eda de mayor consumo. A esto se suma que la gesti\u00f3n empresarial es individual, faltando asociatividad para enfrentar unidos los poderes compradores o la demanda directa. Tambi\u00e9n ocurre que aun cuando los microempresarios dedicados a la producci\u00f3n de madera aserrada tienen mucha experiencia, falta capacitaci\u00f3n e inversi\u00f3n en innovaci\u00f3n tecnol\u00f3gica ya que los equipos utilizados se encuentran sobrepasados en su vida \u00fatil. Y finalmente, la sola existencia de bosques no asegura que est\u00e9n disponibles para ser usados en los procesos productivos, por lo que las empresas madereras invierten un importante porcentaje de recurso en la construcci\u00f3n de caminos.<\/p>\n<p style=\"font-weight: 400; text-align: justify;\">Al respecto, la autoridad de Corfo detall\u00f3 los alcances de esta iniciativa. \u201cEste programa permitir\u00e1 contar con una base consensuada por los actores principales de la industria tanto del mundo privado como p\u00fablico, y as\u00ed establecer las principales brechas que dificultan el crecimiento sostenido en todo el proceso productivo y la cadena de valor del rubro. Aprovechando la oportunidad de mercado que realza el aumento del precio en productos madereros, se buscar\u00e1 producir un mejoramiento en la competitividad del sector que permita enfocar la producci\u00f3n en la generaci\u00f3n de valor para la obtenci\u00f3n de mejores precios por calidad maderera. Estimamos que, con este trabajo, aumentar\u00e1 en un 10% aproximadamente la producci\u00f3n y comercializaci\u00f3n anual de material aserrado, generando empleabilidad en zonas extremas de la regi\u00f3n, nuevos negocios y diversificaci\u00f3n productiva de los agricultores del territorio\u201d.<\/p>\n<p style=\"font-weight: 400; text-align: justify;\">El programa, que se ejecutar\u00e1 en un plazo de tres a\u00f1os, est\u00e1 alineado a la Estrategia de Desarrollo Regional del Gobierno Regional de Ays\u00e9n que busca impulsar mecanismos\u00a0 en el desarrollo de encadenamientos que retengan valor para el territorio; y al Programa Estrat\u00e9gico Mesoregional Industria de la Madera de Alto Valor, que ejecuta Corfo, y que tiene como objetivo, desarrollar una industria secundaria maderera competitiva e inserta en mercados nacionales e internacionales, generando productos de maderas destinados a abastecer principalmente el mercado de la construcci\u00f3n, respectivamente.<\/p>\n<\/div><\/section><\/div><div  style='height:50px' class='hr hr-invisible   avia-builder-el-6  el_after_av_one_full  el_before_av_social_share '><span class='hr-inner ' ><span class='hr-inner-style'><\/span><\/span><\/div><\/p>\n<div  class='av-social-sharing-box  avia-builder-el-7  el_after_av_hr  el_before_av_hr  '><div class='av-share-box'><h5 class='av-share-link-description av-no-toc '>Compartir esta noticia<\/h5><ul class='av-share-box-list noLightbox'><li class='av-share-link av-social-link-facebook' ><a target=\"_blank\" aria-label=\"Compartir en Facebook\" href='https:\/\/www.facebook.com\/sharer.php?u=https:\/\/radiorevelacionfm.cl\/?p=2480&#038;t=Corfo%20Ays%C3%A9n%20busca%20fortalecer%20industria%20maderera%20en%20la%20regi%C3%B3n' aria-hidden='false' data-av_icon='\ue8f3' data-av_iconfont='entypo-fontello' title='' data-avia-related-tooltip='Compartir en Facebook' rel=\"noopener\"><span class='avia_hidden_link_text'>Compartir en Facebook<\/span><\/a><\/li><li class='av-share-link av-social-link-twitter' ><a target=\"_blank\" aria-label=\"Compartir en Twitter\" href='https:\/\/twitter.com\/share?text=Corfo%20Ays%C3%A9n%20busca%20fortalecer%20industria%20maderera%20en%20la%20regi%C3%B3n&#038;url=https:\/\/radiorevelacionfm.cl\/?p=2480' aria-hidden='false' data-av_icon='\ue8f1' data-av_iconfont='entypo-fontello' title='' data-avia-related-tooltip='Compartir en Twitter' rel=\"noopener\"><span class='avia_hidden_link_text'>Compartir en Twitter<\/span><\/a><\/li><li class='av-share-link av-social-link-whatsapp' ><a target=\"_blank\" aria-label=\"Compartir en Whatsapp\" href='https:\/\/api.whatsapp.com\/send?text=https:\/\/radiorevelacionfm.cl\/?p=2480' aria-hidden='false' data-av_icon='\uf232' data-av_iconfont='entypo-fontello' title='' data-avia-related-tooltip='Compartir en Whatsapp' rel=\"noopener\"><span class='avia_hidden_link_text'>Compartir en Whatsapp<\/span><\/a><\/li><li class='av-share-link av-social-link-linkedin' ><a target=\"_blank\" aria-label=\"Compartir en LinkedIn\" href='https:\/\/linkedin.com\/shareArticle?mini=true&#038;title=Corfo%20Ays%C3%A9n%20busca%20fortalecer%20industria%20maderera%20en%20la%20regi%C3%B3n&#038;url=https:\/\/radiorevelacionfm.cl\/?p=2480' aria-hidden='false' data-av_icon='\ue8fc' data-av_iconfont='entypo-fontello' title='' data-avia-related-tooltip='Compartir en LinkedIn' rel=\"noopener\"><span class='avia_hidden_link_text'>Compartir en LinkedIn<\/span><\/a><\/li><li class='av-share-link av-social-link-mail' ><a  aria-label=\"Compartir por correo\" href='mailto:?subject=Corfo%20Ays%C3%A9n%20busca%20fortalecer%20industria%20maderera%20en%20la%20regi%C3%B3n&#038;body=https:\/\/radiorevelacionfm.cl\/?p=2480' aria-hidden='false' data-av_icon='\ue805' data-av_iconfont='entypo-fontello' title='' data-avia-related-tooltip='Compartir por correo'><span class='avia_hidden_link_text'>Compartir por correo<\/span><\/a><\/li><\/ul><\/div><\/div>\n<div  style='height:50px' class='hr hr-invisible   avia-builder-el-8  el_after_av_social_share  el_before_av_comments_list '><span class='hr-inner ' ><span class='hr-inner-style'><\/span><\/span><\/div>\n<div  class='av-buildercomment  av-blog-meta-html-info-disabled av-blog-meta-tag-disabled  '><\/div>\n","protected":false},"excerpt":{"rendered":"","protected":false},"author":1,"featured_media":0,"comment_status":"open","ping_status":"open","sticky":false,"template":"","format":"standard","meta":{"footnotes":""},"categories":[38],"tags":[],"class_list":["post-2480","post","type-post","status-publish","format-standard","hentry","category-regional"],"jetpack_featured_media_url":"","_links":{"self":[{"href":"https:\/\/radiorevelacionfm.cl\/index.php?rest_route=\/wp\/v2\/posts\/2480","targetHints":{"allow":["GET"]}}],"collection":[{"href":"https:\/\/radiorevelacionfm.cl\/index.php?rest_route=\/wp\/v2\/posts"}],"about":[{"href":"https:\/\/radiorevelacionfm.cl\/index.php?rest_route=\/wp\/v2\/types\/post"}],"author":[{"embeddable":true,"href":"https:\/\/radiorevelacionfm.cl\/index.php?rest_route=\/wp\/v2\/users\/1"}],"replies":[{"embeddable":true,"href":"https:\/\/radiorevelacionfm.cl\/index.php?rest_route=%2Fwp%2Fv2%2Fcomments&post=2480"}],"version-history":[{"count":1,"href":"https:\/\/radiorevelacionfm.cl\/index.php?rest_route=\/wp\/v2\/posts\/2480\/revisions"}],"predecessor-version":[{"id":2482,"href":"https:\/\/radiorevelacionfm.cl\/index.php?rest_route=\/wp\/v2\/posts\/2480\/revisions\/2482"}],"wp:attachment":[{"href":"https:\/\/radiorevelacionfm.cl\/index.php?rest_route=%2Fwp%2Fv2%2Fmedia&parent=2480"}],"wp:term":[{"taxonomy":"category","embeddable":true,"href":"https:\/\/radiorevelacionfm.cl\/index.php?rest_route=%2Fwp%2Fv2%2Fcategories&post=2480"},{"taxonomy":"post_tag","embeddable":true,"href":"https:\/\/radiorevelacionfm.cl\/index.php?rest_route=%2Fwp%2Fv2%2Ftags&post=2480"}],"curies":[{"name":"wp","href":"https:\/\/api.w.org\/{rel}","templated":true}]}}