{"id":24787,"date":"2022-11-29T10:23:26","date_gmt":"2022-11-29T13:23:26","guid":{"rendered":"https:\/\/radiorevelacionfm.cl\/?p=24787"},"modified":"2022-11-29T10:23:26","modified_gmt":"2022-11-29T13:23:26","slug":"medio-ambiente-en-terreno-realizan-lanzamiento-regional-de-libro-de-cuentos-de-educacion-ambiental-desde-liceo-de-melinka","status":"publish","type":"post","link":"https:\/\/radiorevelacionfm.cl\/?p=24787","title":{"rendered":"Medio Ambiente en Terreno Realizan lanzamiento regional de libro de cuentos de Educaci\u00f3n Ambiental desde Liceo de Melinka"},"content":{"rendered":"<div class=\"flex_column av_one_full  flex_column_div av-zero-column-padding first  avia-builder-el-0  el_before_av_one_full  avia-builder-el-first  \" style='border-radius:0px; '><div  class='avia-image-container  av-styling-    avia-builder-el-1  avia-builder-el-no-sibling  avia-align-center '  itemprop=\"image\" itemscope=\"itemscope\" itemtype=\"https:\/\/schema.org\/ImageObject\"  ><div class='avia-image-container-inner'><div class='avia-image-overlay-wrap'><img decoding=\"async\" class='wp-image-24788 avia-img-lazy-loading-not-24788 avia_image' src=\"https:\/\/radiorevelacionfm.cl\/wp-content\/uploads\/2022\/11\/lanzamiento-libro-3-1_optimized.jpg\" alt='' title='lanzamiento-libro-3-(1)_optimized' height=\"600\" width=\"1068\"  itemprop=\"thumbnailUrl\" srcset=\"https:\/\/radiorevelacionfm.cl\/wp-content\/uploads\/2022\/11\/lanzamiento-libro-3-1_optimized.jpg 1068w, https:\/\/radiorevelacionfm.cl\/wp-content\/uploads\/2022\/11\/lanzamiento-libro-3-1_optimized-300x169.jpg 300w, https:\/\/radiorevelacionfm.cl\/wp-content\/uploads\/2022\/11\/lanzamiento-libro-3-1_optimized-1030x579.jpg 1030w, https:\/\/radiorevelacionfm.cl\/wp-content\/uploads\/2022\/11\/lanzamiento-libro-3-1_optimized-768x431.jpg 768w, https:\/\/radiorevelacionfm.cl\/wp-content\/uploads\/2022\/11\/lanzamiento-libro-3-1_optimized-705x396.jpg 705w, https:\/\/radiorevelacionfm.cl\/wp-content\/uploads\/2022\/11\/lanzamiento-libro-3-1_optimized-600x337.jpg 600w\" sizes=\"(max-width: 1068px) 100vw, 1068px\" \/><\/div><\/div><\/div><\/div><div class=\"flex_column av_one_full  flex_column_div av-zero-column-padding first  avia-builder-el-2  el_after_av_one_full  el_before_av_one_full  column-top-margin\" style='border-radius:0px; '><section class=\"av_textblock_section \"  itemscope=\"itemscope\" itemtype=\"https:\/\/schema.org\/BlogPosting\" itemprop=\"blogPost\" ><div class='avia_textblock  '   itemprop=\"text\" ><p style=\"text-align: center;\"><span style=\"font-size: 18pt;\"><strong>Medio Ambiente en Terreno: <\/strong><strong>Realizan lanzamiento regional de libro de cuentos de Educaci\u00f3n Ambiental desde Liceo de Melinka <\/strong><\/span><\/p>\n<div id=\"gtx-trans\" style=\"position: absolute; left: -50px; top: 4.31534px;\">\n<div class=\"gtx-trans-icon\"><\/div>\n<\/div>\n<\/div><\/section><\/div><div class=\"flex_column av_one_full  flex_column_div av-zero-column-padding first  avia-builder-el-4  el_after_av_one_full  el_before_av_hr  column-top-margin\" style='border-radius:0px; '><section class=\"av_textblock_section \"  itemscope=\"itemscope\" itemtype=\"https:\/\/schema.org\/BlogPosting\" itemprop=\"blogPost\" ><div class='avia_textblock  '   itemprop=\"text\" ><p style=\"text-align: justify;\">El terreno, que cont\u00f3 con diversas actividades dirigidas a los vecinos y vecinas de las localidades de Melinka y Repollal, logr\u00f3 reunir a funcionarios municipales, Comit\u00e9 Ambiental Comunal, juntas de vecinos, adultos mayores y establecimientos educacionales. Fue precisamente junto a ni\u00f1os, ni\u00f1as y j\u00f3venes del liceo de Melinka, que el SEREMI de Medio Ambiente, Juli\u00e1n C\u00e1rdenas, realiz\u00f3 el lanzamiento regional del libro \u201cCuentos de Calidad del Aire\u201d, compilado de cuentos con identidad local, creado especialmente como material de apoyo para el aula y para enriquecer el trabajo de escuelas, liceos y jardines infantiles en la tem\u00e1tica medioambiental.<\/p>\n<p style=\"text-align: justify;\">El Director Subrogante del Liceo de Melinka, Ivan \u00d1ancul, agradeci\u00f3 la actividad que permiti\u00f3 primero a las y los m\u00e1s peque\u00f1os, participar de la lectura y lanzamiento de los cuentos y luego a los y las alumnas de ense\u00f1anza media, participar de un conversatorio en materia ambiental <strong>\u201cNecesitamos que estas experiencias ambientales sigan replic\u00e1ndose aqu\u00ed en Guaitecas, agradecemos ser los privilegiados de este lanzamiento porque somos el \u00faltimo punto de la regi\u00f3n de Ays\u00e9n, entonces instancias como esta abren el debate, abren el di\u00e1logo y por sobre todo invitan a la reflexi\u00f3n en torno a la tem\u00e1tica socioambiental, donde debemos buscar soluciones porque nos afecta a todos y a todas\u201d<\/strong><\/p>\n<p style=\"text-align: justify;\">Por su parte, el SEREMI del Medio Ambiente destac\u00f3 la educaci\u00f3n ambiental como un pilar fundamental que permite transitar hacia una sociedad socioecol\u00f3gicamente justa, promoviendo valores como la solidaridad, respeto y austeridad, tendientes a movilizar a la ciudadan\u00eda hacia la acci\u00f3n clim\u00e1tica. El material dise\u00f1ado por la SEREMI tiene por objeto integrar de manera transversal e interdisciplinaria contenidos de \u00abEducaci\u00f3n Ambiental en Contaminaci\u00f3n Atmosf\u00e9rica\u00bb en planes y programas de estudios de cada nivel, considerando Conocimientos B\u00e1sicos sobre Educaci\u00f3n Ambiental, Caracter\u00edsticas y funciones del aire, y Problem\u00e1tica de Contaminaci\u00f3n Atmosf\u00e9rica con \u00e9nfasis regional. El libro consta de 5 Cuentos y est\u00e1 dirigido a ni\u00f1os y ni\u00f1as de hasta 9 a\u00f1os de edad, y va acompa\u00f1ado de 3 canciones, y adem\u00e1s se han preparado complementos audiovisuales (v\u00eddeos de hasta 60 segundos) para Educaci\u00f3n B\u00e1sica Primer Ciclo; Educaci\u00f3n B\u00e1sica Segundo Ciclo); y para Ense\u00f1anza Media.<\/p>\n<p style=\"text-align: justify;\">El Alcalde de la comuna de Guaitecas, Marcos Silva, que particip\u00f3 del lanzamiento agradeci\u00f3 la visita de la autoridad ambiental destacando la importancia de poder abordar un tema tan complejo como es la contaminaci\u00f3n en la isla, <strong>\u201cse habla muy poco de la contaminaci\u00f3n del aire, porque nos enfocamos tambi\u00e9n en manejo de residuos, pero este tema de difusi\u00f3n me parece no menor, y m\u00e1s all\u00e1 de hacer el trabajo con organizaciones, funcionarios\u00a0 y la comunidad, la relevancia es poder hacerlo con nuestros ni\u00f1os y liceo que son el futuro\u201d.<\/strong><\/p>\n<p style=\"text-align: justify;\"><strong>\u00a0<\/strong>Durante su despliegue por la zona, el SEREMI Juli\u00e1n C\u00e1rdenas tuvo la oportunidad adem\u00e1s de compartir con vecinos y vecinas los alcances de la nueva Ley Marco de Cambio Clim\u00e1tico y los desaf\u00edos que trae para la regi\u00f3n y cada comuna, as\u00ed como tambi\u00e9n recoger las inquietudes de la comunidad, que particip\u00f3 activamente de las reuniones convocadas, a trav\u00e9s de los medios locales e incluso en el transitar de los puerta a puerta \u201c<strong>este terreno nos permiti\u00f3 comunicarnos con vecinos y vecinas, llegar a la ciudadan\u00eda, y conversar de distintas tem\u00e1ticas, muchas ambientales y otras no tanto, pero que es tremendamente relevante rescatar, porque queremos ser un Gobierno en terreno, cercano y por supuesto que apunte hacia una transici\u00f3n socioecol\u00f3gica justa donde rescatemos lo mejor de nuestro pueblo y le demos lo mejor a nuestras comunidades m\u00e1s alejadas<\/strong>\u201d, concluy\u00f3.<\/p>\n<\/div><\/section><\/div><div  style='height:50px' class='hr hr-invisible   avia-builder-el-6  el_after_av_one_full  el_before_av_social_share '><span class='hr-inner ' ><span class='hr-inner-style'><\/span><\/span><\/div><\/p>\n<div  class='av-social-sharing-box  avia-builder-el-7  el_after_av_hr  el_before_av_hr  '><div class='av-share-box'><h5 class='av-share-link-description av-no-toc '>Compartir esta noticia<\/h5><ul class='av-share-box-list noLightbox'><li class='av-share-link av-social-link-facebook' ><a target=\"_blank\" aria-label=\"Compartir en Facebook\" href='https:\/\/www.facebook.com\/sharer.php?u=https:\/\/radiorevelacionfm.cl\/?p=24787&#038;t=Medio%20Ambiente%20en%20Terreno%20Realizan%20lanzamiento%20regional%20de%20libro%20de%20cuentos%20de%20Educaci%C3%B3n%20Ambiental%20desde%20Liceo%20de%20Melinka' aria-hidden='false' data-av_icon='\ue8f3' data-av_iconfont='entypo-fontello' title='' data-avia-related-tooltip='Compartir en Facebook' rel=\"noopener\"><span class='avia_hidden_link_text'>Compartir en Facebook<\/span><\/a><\/li><li class='av-share-link av-social-link-twitter' ><a target=\"_blank\" aria-label=\"Compartir en Twitter\" href='https:\/\/twitter.com\/share?text=Medio%20Ambiente%20en%20Terreno%20Realizan%20lanzamiento%20regional%20de%20libro%20de%20cuentos%20de%20Educaci%C3%B3n%20Ambiental%20desde%20Liceo%20de%20Melinka&#038;url=https:\/\/radiorevelacionfm.cl\/?p=24787' aria-hidden='false' data-av_icon='\ue8f1' data-av_iconfont='entypo-fontello' title='' data-avia-related-tooltip='Compartir en Twitter' rel=\"noopener\"><span class='avia_hidden_link_text'>Compartir en Twitter<\/span><\/a><\/li><li class='av-share-link av-social-link-whatsapp' ><a target=\"_blank\" aria-label=\"Compartir en Whatsapp\" href='https:\/\/api.whatsapp.com\/send?text=https:\/\/radiorevelacionfm.cl\/?p=24787' aria-hidden='false' data-av_icon='\uf232' data-av_iconfont='entypo-fontello' title='' data-avia-related-tooltip='Compartir en Whatsapp' rel=\"noopener\"><span class='avia_hidden_link_text'>Compartir en Whatsapp<\/span><\/a><\/li><li class='av-share-link av-social-link-linkedin' ><a target=\"_blank\" aria-label=\"Compartir en LinkedIn\" href='https:\/\/linkedin.com\/shareArticle?mini=true&#038;title=Medio%20Ambiente%20en%20Terreno%20Realizan%20lanzamiento%20regional%20de%20libro%20de%20cuentos%20de%20Educaci%C3%B3n%20Ambiental%20desde%20Liceo%20de%20Melinka&#038;url=https:\/\/radiorevelacionfm.cl\/?p=24787' aria-hidden='false' data-av_icon='\ue8fc' data-av_iconfont='entypo-fontello' title='' data-avia-related-tooltip='Compartir en LinkedIn' rel=\"noopener\"><span class='avia_hidden_link_text'>Compartir en LinkedIn<\/span><\/a><\/li><li class='av-share-link av-social-link-mail' ><a  aria-label=\"Compartir por correo\" href='mailto:?subject=Medio%20Ambiente%20en%20Terreno%20Realizan%20lanzamiento%20regional%20de%20libro%20de%20cuentos%20de%20Educaci%C3%B3n%20Ambiental%20desde%20Liceo%20de%20Melinka&#038;body=https:\/\/radiorevelacionfm.cl\/?p=24787' aria-hidden='false' data-av_icon='\ue805' data-av_iconfont='entypo-fontello' title='' data-avia-related-tooltip='Compartir por correo'><span class='avia_hidden_link_text'>Compartir por correo<\/span><\/a><\/li><\/ul><\/div><\/div>\n<div  style='height:50px' class='hr hr-invisible   avia-builder-el-8  el_after_av_social_share  el_before_av_comments_list '><span class='hr-inner ' ><span class='hr-inner-style'><\/span><\/span><\/div>\n<div  class='av-buildercomment  av-blog-meta-html-info-disabled av-blog-meta-tag-disabled  '><\/div>\n","protected":false},"excerpt":{"rendered":"","protected":false},"author":1,"featured_media":24788,"comment_status":"open","ping_status":"open","sticky":false,"template":"","format":"standard","meta":{"footnotes":""},"categories":[52,38],"tags":[],"class_list":["post-24787","post","type-post","status-publish","format-standard","has-post-thumbnail","hentry","category-cultura","category-regional"],"jetpack_featured_media_url":"https:\/\/radiorevelacionfm.cl\/wp-content\/uploads\/2022\/11\/lanzamiento-libro-3-1_optimized.jpg","_links":{"self":[{"href":"https:\/\/radiorevelacionfm.cl\/index.php?rest_route=\/wp\/v2\/posts\/24787","targetHints":{"allow":["GET"]}}],"collection":[{"href":"https:\/\/radiorevelacionfm.cl\/index.php?rest_route=\/wp\/v2\/posts"}],"about":[{"href":"https:\/\/radiorevelacionfm.cl\/index.php?rest_route=\/wp\/v2\/types\/post"}],"author":[{"embeddable":true,"href":"https:\/\/radiorevelacionfm.cl\/index.php?rest_route=\/wp\/v2\/users\/1"}],"replies":[{"embeddable":true,"href":"https:\/\/radiorevelacionfm.cl\/index.php?rest_route=%2Fwp%2Fv2%2Fcomments&post=24787"}],"version-history":[{"count":2,"href":"https:\/\/radiorevelacionfm.cl\/index.php?rest_route=\/wp\/v2\/posts\/24787\/revisions"}],"predecessor-version":[{"id":24790,"href":"https:\/\/radiorevelacionfm.cl\/index.php?rest_route=\/wp\/v2\/posts\/24787\/revisions\/24790"}],"wp:featuredmedia":[{"embeddable":true,"href":"https:\/\/radiorevelacionfm.cl\/index.php?rest_route=\/wp\/v2\/media\/24788"}],"wp:attachment":[{"href":"https:\/\/radiorevelacionfm.cl\/index.php?rest_route=%2Fwp%2Fv2%2Fmedia&parent=24787"}],"wp:term":[{"taxonomy":"category","embeddable":true,"href":"https:\/\/radiorevelacionfm.cl\/index.php?rest_route=%2Fwp%2Fv2%2Fcategories&post=24787"},{"taxonomy":"post_tag","embeddable":true,"href":"https:\/\/radiorevelacionfm.cl\/index.php?rest_route=%2Fwp%2Fv2%2Ftags&post=24787"}],"curies":[{"name":"wp","href":"https:\/\/api.w.org\/{rel}","templated":true}]}}