{"id":24767,"date":"2022-11-28T17:44:11","date_gmt":"2022-11-28T20:44:11","guid":{"rendered":"https:\/\/radiorevelacionfm.cl\/?p=24767"},"modified":"2022-11-28T17:44:11","modified_gmt":"2022-11-28T20:44:11","slug":"en-melinka-bienes-nacionales-municipio-armada-y-pobladores-fijan-objetivos-en-mesa-de-trabajo","status":"publish","type":"post","link":"https:\/\/radiorevelacionfm.cl\/?p=24767","title":{"rendered":"En Melinka Bienes Nacionales, Municipio, Armada y pobladores fijan objetivos en mesa de trabajo"},"content":{"rendered":"<div class=\"flex_column av_one_full  flex_column_div av-zero-column-padding first  avia-builder-el-0  el_before_av_one_full  avia-builder-el-first  \" style='border-radius:0px; '><div  class='avia-image-container  av-styling-    avia-builder-el-1  avia-builder-el-no-sibling  avia-align-center '  itemprop=\"image\" itemscope=\"itemscope\" itemtype=\"https:\/\/schema.org\/ImageObject\"  ><div class='avia-image-container-inner'><div class='avia-image-overlay-wrap'><img decoding=\"async\" class='wp-image-24768 avia-img-lazy-loading-not-24768 avia_image' src=\"https:\/\/radiorevelacionfm.cl\/wp-content\/uploads\/2022\/11\/14-6-1-1.jpg\" alt='' title='14 (6) (1) (1)' height=\"600\" width=\"899\"  itemprop=\"thumbnailUrl\" srcset=\"https:\/\/radiorevelacionfm.cl\/wp-content\/uploads\/2022\/11\/14-6-1-1.jpg 899w, https:\/\/radiorevelacionfm.cl\/wp-content\/uploads\/2022\/11\/14-6-1-1-300x200.jpg 300w, https:\/\/radiorevelacionfm.cl\/wp-content\/uploads\/2022\/11\/14-6-1-1-768x513.jpg 768w, https:\/\/radiorevelacionfm.cl\/wp-content\/uploads\/2022\/11\/14-6-1-1-705x471.jpg 705w, https:\/\/radiorevelacionfm.cl\/wp-content\/uploads\/2022\/11\/14-6-1-1-600x400.jpg 600w\" sizes=\"(max-width: 899px) 100vw, 899px\" \/><\/div><\/div><\/div><\/div><div class=\"flex_column av_one_full  flex_column_div av-zero-column-padding first  avia-builder-el-2  el_after_av_one_full  el_before_av_one_full  column-top-margin\" style='border-radius:0px; '><section class=\"av_textblock_section \"  itemscope=\"itemscope\" itemtype=\"https:\/\/schema.org\/BlogPosting\" itemprop=\"blogPost\" ><div class='avia_textblock  '   itemprop=\"text\" ><p style=\"text-align: center;\"><strong><span style=\"font-size: 18pt;\">En Melinka\u00a0Bienes Nacionales, Municipio, Armada y pobladores fijan objetivos\u00a0<\/span><\/strong><strong><span style=\"font-size: 18pt;\">en mesa de trabajo<\/span><\/strong><\/p>\n<div id=\"gtx-trans\" style=\"position: absolute; left: -50px; top: 4.31534px;\">\n<div class=\"gtx-trans-icon\"><\/div>\n<\/div>\n<\/div><\/section><\/div><div class=\"flex_column av_one_full  flex_column_div av-zero-column-padding first  avia-builder-el-4  el_after_av_one_full  el_before_av_hr  column-top-margin\" style='border-radius:0px; '><section class=\"av_textblock_section \"  itemscope=\"itemscope\" itemtype=\"https:\/\/schema.org\/BlogPosting\" itemprop=\"blogPost\" ><div class='avia_textblock  '   itemprop=\"text\" ><p style=\"text-align: justify;\">Recordemos que a principios de septiembre se dio a conocer que m\u00e1s de 20 vecinos de Melinka fueron notificados por la Armada de Chile como ocupantes ilegales del borde costero de la capital de la comuna de Guaitecas, los vecinos -muchos de ellos ocupantes hist\u00f3ricos de dicha zona- reaccionaron e hicieron ver a las autoridades su preocupaci\u00f3n frente a la posibilidad de ser desalojados.<\/p>\n<p style=\"text-align: justify;\">Es as\u00ed que, desde Bienes Nacionales la Seremi Irina Morend y un equipo de funcionarios se trasladaron el mismo mes para coordinar posibles soluciones a este conflicto, en dicha instancia se firm\u00f3 un protocolo de acuerdo para fijar una ruta de acciones, las que fueron abordadas en el \u00faltimo encuentro sostenido en el Municipio de Guaitecas este fin de semana.<\/p>\n<p style=\"text-align: justify;\"><strong><u>Los antecedentes <\/u><\/strong><\/p>\n<p style=\"text-align: justify;\">Actualmente Melinka cuenta con un Plan Seccional del a\u00f1o 1989, instrumento de planificaci\u00f3n territorial evidentemente desactualizado, que fija zonas de usos que no se condicen con la realidad de la ocupaci\u00f3n que ha tenido el territorio. En el caso espec\u00edfico de las ocupaciones del borde costero, las familias que fueron notificadas se encuentran en una zona denominada de Reserva de Puerto, sector que ha sido habitado por generaciones, siendo en la pr\u00e1ctica una zona habitacional y comercial.<\/p>\n<p style=\"text-align: justify;\">\u201cEn este \u00faltimo cometido y seg\u00fan los acuerdos tomados en septiembre establecimos tareas de corto y mediano plazo: por una parte la Armada se comprometi\u00f3 a apoyar a los vecinos para que ingresen solicitudes de Concesi\u00f3n Mar\u00edtima, con ello, evitan ser nuevamente notificados como ocupantes ilegales. En este caso, nuestra Unidad de Catastro realiz\u00f3 la medici\u00f3n de la l\u00ednea de m\u00e1s alta marea, informaci\u00f3n esencial para que puedan ingresar sus postulaciones, y en segundo t\u00e9rmino, el municipio se comprometi\u00f3 a buscar los financiamientos que le permitan trabajar en la actualizaci\u00f3n del instrumento de planificaci\u00f3n comunal, en este punto, nuestra tarea ser\u00e1 realizar las gestiones para articular a los servicios que tienen la facultad de financiar un proyecto de esta envergadura, soluci\u00f3n definitiva que permitir\u00eda que la zona de reserva para obras portuarias deje de tener esa calificaci\u00f3n\u201d, detall\u00f3 la Seremi Irina Morend.<\/p>\n<p style=\"text-align: justify;\">En la reuni\u00f3n los participantes fijaron una nueva sesi\u00f3n para el mes de marzo de 2023, donde se presentar\u00e1n los avances, tanto de las postulaciones a concesiones mar\u00edtimas, como las gestiones intersectoriales para ejecutar el proyecto de actualizaci\u00f3n del instrumento de planificaci\u00f3n.<\/p>\n<p style=\"text-align: justify;\"><strong><u>Labores de fiscalizaci\u00f3n <\/u><\/strong><\/p>\n<p style=\"text-align: justify;\">Adem\u00e1s de dar continuidad a la mesa de trabajo, en la misma jornada fiscalizadores de Bienes Nacionales recorrieron las zonas periurbanas de Melinka, donde pudieron verificar nuevos cierres de sitios y el levantamiento de construcciones. Ocupaciones que obstaculizan el desarrollo de la comuna, cuyo gobierno local busca ordenar su territorio actualizando su plan seccional. En ese contexto y como una acci\u00f3n disuasiva, los funcionarios instalaron carteles en los que se advierte que los terrenos ocupados son de propiedad fiscal, gr\u00e1ficas que adem\u00e1s indican que las personas que realicen instalaciones en terrenos fiscales se arriesgan a acciones penales y o civiles (Art\u00edculo 19-Decreto Ley 1939 de 1977).<\/p>\n<\/div><\/section><\/div><div  style='height:50px' class='hr hr-invisible   avia-builder-el-6  el_after_av_one_full  el_before_av_social_share '><span class='hr-inner ' ><span class='hr-inner-style'><\/span><\/span><\/div><\/p>\n<div  class='av-social-sharing-box  avia-builder-el-7  el_after_av_hr  el_before_av_hr  '><div class='av-share-box'><h5 class='av-share-link-description av-no-toc '>Compartir esta noticia<\/h5><ul class='av-share-box-list noLightbox'><li class='av-share-link av-social-link-facebook' ><a target=\"_blank\" aria-label=\"Compartir en Facebook\" href='https:\/\/www.facebook.com\/sharer.php?u=https:\/\/radiorevelacionfm.cl\/?p=24767&#038;t=En%20Melinka%20Bienes%20Nacionales%2C%20Municipio%2C%20Armada%20y%20pobladores%20fijan%20objetivos%20en%20mesa%20de%20trabajo' aria-hidden='false' data-av_icon='\ue8f3' data-av_iconfont='entypo-fontello' title='' data-avia-related-tooltip='Compartir en Facebook' rel=\"noopener\"><span class='avia_hidden_link_text'>Compartir en Facebook<\/span><\/a><\/li><li class='av-share-link av-social-link-twitter' ><a target=\"_blank\" aria-label=\"Compartir en Twitter\" href='https:\/\/twitter.com\/share?text=En%20Melinka%20Bienes%20Nacionales%2C%20Municipio%2C%20Armada%20y%20pobladores%20fijan%20objetivos%20en%20mesa%20de%20trabajo&#038;url=https:\/\/radiorevelacionfm.cl\/?p=24767' aria-hidden='false' data-av_icon='\ue8f1' data-av_iconfont='entypo-fontello' title='' data-avia-related-tooltip='Compartir en Twitter' rel=\"noopener\"><span class='avia_hidden_link_text'>Compartir en Twitter<\/span><\/a><\/li><li class='av-share-link av-social-link-whatsapp' ><a target=\"_blank\" aria-label=\"Compartir en Whatsapp\" href='https:\/\/api.whatsapp.com\/send?text=https:\/\/radiorevelacionfm.cl\/?p=24767' aria-hidden='false' data-av_icon='\uf232' data-av_iconfont='entypo-fontello' title='' data-avia-related-tooltip='Compartir en Whatsapp' rel=\"noopener\"><span class='avia_hidden_link_text'>Compartir en Whatsapp<\/span><\/a><\/li><li class='av-share-link av-social-link-linkedin' ><a target=\"_blank\" aria-label=\"Compartir en LinkedIn\" href='https:\/\/linkedin.com\/shareArticle?mini=true&#038;title=En%20Melinka%20Bienes%20Nacionales%2C%20Municipio%2C%20Armada%20y%20pobladores%20fijan%20objetivos%20en%20mesa%20de%20trabajo&#038;url=https:\/\/radiorevelacionfm.cl\/?p=24767' aria-hidden='false' data-av_icon='\ue8fc' data-av_iconfont='entypo-fontello' title='' data-avia-related-tooltip='Compartir en LinkedIn' rel=\"noopener\"><span class='avia_hidden_link_text'>Compartir en LinkedIn<\/span><\/a><\/li><li class='av-share-link av-social-link-mail' ><a  aria-label=\"Compartir por correo\" href='mailto:?subject=En%20Melinka%20Bienes%20Nacionales%2C%20Municipio%2C%20Armada%20y%20pobladores%20fijan%20objetivos%20en%20mesa%20de%20trabajo&#038;body=https:\/\/radiorevelacionfm.cl\/?p=24767' aria-hidden='false' data-av_icon='\ue805' data-av_iconfont='entypo-fontello' title='' data-avia-related-tooltip='Compartir por correo'><span class='avia_hidden_link_text'>Compartir por correo<\/span><\/a><\/li><\/ul><\/div><\/div>\n<div  style='height:50px' class='hr hr-invisible   avia-builder-el-8  el_after_av_social_share  el_before_av_comments_list '><span class='hr-inner ' ><span class='hr-inner-style'><\/span><\/span><\/div>\n<div  class='av-buildercomment  av-blog-meta-html-info-disabled av-blog-meta-tag-disabled  '><\/div>\n","protected":false},"excerpt":{"rendered":"","protected":false},"author":1,"featured_media":24768,"comment_status":"open","ping_status":"open","sticky":false,"template":"","format":"standard","meta":{"footnotes":""},"categories":[38],"tags":[],"class_list":["post-24767","post","type-post","status-publish","format-standard","has-post-thumbnail","hentry","category-regional"],"jetpack_featured_media_url":"https:\/\/radiorevelacionfm.cl\/wp-content\/uploads\/2022\/11\/14-6-1-1.jpg","_links":{"self":[{"href":"https:\/\/radiorevelacionfm.cl\/index.php?rest_route=\/wp\/v2\/posts\/24767","targetHints":{"allow":["GET"]}}],"collection":[{"href":"https:\/\/radiorevelacionfm.cl\/index.php?rest_route=\/wp\/v2\/posts"}],"about":[{"href":"https:\/\/radiorevelacionfm.cl\/index.php?rest_route=\/wp\/v2\/types\/post"}],"author":[{"embeddable":true,"href":"https:\/\/radiorevelacionfm.cl\/index.php?rest_route=\/wp\/v2\/users\/1"}],"replies":[{"embeddable":true,"href":"https:\/\/radiorevelacionfm.cl\/index.php?rest_route=%2Fwp%2Fv2%2Fcomments&post=24767"}],"version-history":[{"count":2,"href":"https:\/\/radiorevelacionfm.cl\/index.php?rest_route=\/wp\/v2\/posts\/24767\/revisions"}],"predecessor-version":[{"id":24776,"href":"https:\/\/radiorevelacionfm.cl\/index.php?rest_route=\/wp\/v2\/posts\/24767\/revisions\/24776"}],"wp:featuredmedia":[{"embeddable":true,"href":"https:\/\/radiorevelacionfm.cl\/index.php?rest_route=\/wp\/v2\/media\/24768"}],"wp:attachment":[{"href":"https:\/\/radiorevelacionfm.cl\/index.php?rest_route=%2Fwp%2Fv2%2Fmedia&parent=24767"}],"wp:term":[{"taxonomy":"category","embeddable":true,"href":"https:\/\/radiorevelacionfm.cl\/index.php?rest_route=%2Fwp%2Fv2%2Fcategories&post=24767"},{"taxonomy":"post_tag","embeddable":true,"href":"https:\/\/radiorevelacionfm.cl\/index.php?rest_route=%2Fwp%2Fv2%2Ftags&post=24767"}],"curies":[{"name":"wp","href":"https:\/\/api.w.org\/{rel}","templated":true}]}}