{"id":24764,"date":"2022-11-28T18:41:05","date_gmt":"2022-11-28T21:41:05","guid":{"rendered":"https:\/\/radiorevelacionfm.cl\/?p=24764"},"modified":"2022-11-28T18:41:05","modified_gmt":"2022-11-28T21:41:05","slug":"para-acercar-la-justicia-a-todos-y-todas-realizan-plaza-de-justicia-y-derechos-humanos-en-la-carcel-de-coyhaique","status":"publish","type":"post","link":"https:\/\/radiorevelacionfm.cl\/?p=24764","title":{"rendered":"Para acercar la Justicia a todos y todas: Realizan Plaza de Justicia y Derechos Humanos en la c\u00e1rcel de Coyhaique"},"content":{"rendered":"<div class=\"flex_column av_one_full  flex_column_div av-zero-column-padding first  avia-builder-el-0  el_before_av_one_full  avia-builder-el-first  \" style='border-radius:0px; '><div  class='avia-image-container  av-styling-    avia-builder-el-1  avia-builder-el-no-sibling  avia-align-center '  itemprop=\"image\" itemscope=\"itemscope\" itemtype=\"https:\/\/schema.org\/ImageObject\"  ><div class='avia-image-container-inner'><div class='avia-image-overlay-wrap'><img decoding=\"async\" class='wp-image-24765 avia-img-lazy-loading-not-24765 avia_image' src=\"https:\/\/radiorevelacionfm.cl\/wp-content\/uploads\/2022\/11\/plaza-carcel-1-1-1.jpg\" alt='' title='plaza carcel 1 (1) (1)' height=\"600\" width=\"727\"  itemprop=\"thumbnailUrl\" srcset=\"https:\/\/radiorevelacionfm.cl\/wp-content\/uploads\/2022\/11\/plaza-carcel-1-1-1.jpg 727w, https:\/\/radiorevelacionfm.cl\/wp-content\/uploads\/2022\/11\/plaza-carcel-1-1-1-300x248.jpg 300w, https:\/\/radiorevelacionfm.cl\/wp-content\/uploads\/2022\/11\/plaza-carcel-1-1-1-705x582.jpg 705w, https:\/\/radiorevelacionfm.cl\/wp-content\/uploads\/2022\/11\/plaza-carcel-1-1-1-600x495.jpg 600w\" sizes=\"(max-width: 727px) 100vw, 727px\" \/><\/div><\/div><\/div><\/div><div class=\"flex_column av_one_full  flex_column_div av-zero-column-padding first  avia-builder-el-2  el_after_av_one_full  el_before_av_one_full  column-top-margin\" style='border-radius:0px; '><section class=\"av_textblock_section \"  itemscope=\"itemscope\" itemtype=\"https:\/\/schema.org\/BlogPosting\" itemprop=\"blogPost\" ><div class='avia_textblock  '   itemprop=\"text\" ><p style=\"text-align: center;\"><span style=\"font-size: 18pt;\"><strong><em>Para acercar la Justicia a todos y todas:\u00a0<\/em><\/strong><strong>Realizan Plaza de Justicia y Derechos Humanos en la c\u00e1rcel de Coyhaique <\/strong><\/span><\/p>\n<div id=\"gtx-trans\" style=\"position: absolute; left: -50px; top: 4.31534px;\">\n<div class=\"gtx-trans-icon\"><\/div>\n<\/div>\n<\/div><\/section><\/div><div class=\"flex_column av_one_full  flex_column_div av-zero-column-padding first  avia-builder-el-4  el_after_av_one_full  el_before_av_hr  column-top-margin\" style='border-radius:0px; '><section class=\"av_textblock_section \"  itemscope=\"itemscope\" itemtype=\"https:\/\/schema.org\/BlogPosting\" itemprop=\"blogPost\" ><div class='avia_textblock  '   itemprop=\"text\" ><p style=\"text-align: justify;\">Una nueva jornada de Plaza de Justicia y Derechos Humanos se llev\u00f3 a cabo la semana reci\u00e9n pasada en dependencias del Centro de Cumplimiento Penitenciario de Coyhaique, instancia en la que internos e internas de este recinto penal pudieron realizar tr\u00e1mites y consultas a los distintos servicios p\u00fablicos que fueron parte de esta actividad.<\/p>\n<p style=\"text-align: justify;\">En esta oportunidad, estuvieron presente el Servicio de Registro Civil e Identificaci\u00f3n, Defensor\u00eda Penal P\u00fablica, Servicio M\u00e9dico Legal (SML), Corporaci\u00f3n de Asistencia Judicial (CAJ), el Instituto de Previsi\u00f3n Social (IPS), Servicio Nacional de Menores (SENAME), Unidad Ficha de Protecci\u00f3n Social del Ministerio de\u00a0 Desarrollo Social y Familia, el Notario Darwin Contreras, y el Fondo de Solidaridad e Inversi\u00f3n Social (FOSIS).<\/p>\n<p style=\"text-align: justify;\">El Seremi de Justicia y Derechos Humanos, Samuel Navarro Castro explic\u00f3 que \u201ctodos los servicios dependientes del sector Justicia se pudieron hacer presente en el Centro de Cumplimiento Penitenciario, el principal centro que tenemos en la regi\u00f3n, fueron tambi\u00e9n otros servicios p\u00fablicos relacionados que nos apoyan en este tipo de operativos y que nos permiten atender a esta poblaci\u00f3n que hoy d\u00eda esta recluida, hay que relevar que m\u00e1s que si bien estas personas est\u00e1n condenadas por la Justicia, su pena es estar privados de libertad, pero tienen beneficio y acceso a otros derechos, salvo las limitaciones que establece su propia condena, en este sentido el poder otorgar tambi\u00e9n esta bateria de\u00a0 servicios y programas contribuye que puedan desarrollarse en algunos casos puesan aportar a su grupo familiar, a su entorno que de alguna forma igual esta relacionado con ello\u201d.<\/p>\n<p style=\"text-align: justify;\">Finalmente y respecto al desarrollo de las Plazas de Justicia durante el presente a\u00f1o, el Seremi Navarro fue enf\u00e1tico en se\u00f1alar que \u201chemos hecho Plazas de Justicia en distintos sectores, localidades, Juntas de vecinos, clubes de adultos mayores y en esta oportunidad se realiz\u00f3 en este centro privativo de libertad, nos queda una \u00faltima plaza que esperamos desarrollarla en el mes de diciembre y como equipo de trabajo de la Seremi de Justicia, ya estamos planificando lo que va a ser el 2023, esperamos poder concretar una plaza en cada una de las comunas de la regi\u00f3n de Ays\u00e9n, y de esta forma poder llegar y estar en terreno como ha sido la instrucci\u00f3n de nuestro presidente, Gabriel Boric\u201dconcluy\u00f3.<\/p>\n<\/div><\/section><\/div><div  style='height:50px' class='hr hr-invisible   avia-builder-el-6  el_after_av_one_full  el_before_av_social_share '><span class='hr-inner ' ><span class='hr-inner-style'><\/span><\/span><\/div><\/p>\n<div  class='av-social-sharing-box  avia-builder-el-7  el_after_av_hr  el_before_av_hr  '><div class='av-share-box'><h5 class='av-share-link-description av-no-toc '>Compartir esta noticia<\/h5><ul class='av-share-box-list noLightbox'><li class='av-share-link av-social-link-facebook' ><a target=\"_blank\" aria-label=\"Compartir en Facebook\" href='https:\/\/www.facebook.com\/sharer.php?u=https:\/\/radiorevelacionfm.cl\/?p=24764&#038;t=Para%20acercar%20la%20Justicia%20a%20todos%20y%20todas%3A%20Realizan%20Plaza%20de%20Justicia%20y%20Derechos%20Humanos%20en%20la%20c%C3%A1rcel%20de%20Coyhaique' aria-hidden='false' data-av_icon='\ue8f3' data-av_iconfont='entypo-fontello' title='' data-avia-related-tooltip='Compartir en Facebook' rel=\"noopener\"><span class='avia_hidden_link_text'>Compartir en Facebook<\/span><\/a><\/li><li class='av-share-link av-social-link-twitter' ><a target=\"_blank\" aria-label=\"Compartir en Twitter\" href='https:\/\/twitter.com\/share?text=Para%20acercar%20la%20Justicia%20a%20todos%20y%20todas%3A%20Realizan%20Plaza%20de%20Justicia%20y%20Derechos%20Humanos%20en%20la%20c%C3%A1rcel%20de%20Coyhaique&#038;url=https:\/\/radiorevelacionfm.cl\/?p=24764' aria-hidden='false' data-av_icon='\ue8f1' data-av_iconfont='entypo-fontello' title='' data-avia-related-tooltip='Compartir en Twitter' rel=\"noopener\"><span class='avia_hidden_link_text'>Compartir en Twitter<\/span><\/a><\/li><li class='av-share-link av-social-link-whatsapp' ><a target=\"_blank\" aria-label=\"Compartir en Whatsapp\" href='https:\/\/api.whatsapp.com\/send?text=https:\/\/radiorevelacionfm.cl\/?p=24764' aria-hidden='false' data-av_icon='\uf232' data-av_iconfont='entypo-fontello' title='' data-avia-related-tooltip='Compartir en Whatsapp' rel=\"noopener\"><span class='avia_hidden_link_text'>Compartir en Whatsapp<\/span><\/a><\/li><li class='av-share-link av-social-link-linkedin' ><a target=\"_blank\" aria-label=\"Compartir en LinkedIn\" href='https:\/\/linkedin.com\/shareArticle?mini=true&#038;title=Para%20acercar%20la%20Justicia%20a%20todos%20y%20todas%3A%20Realizan%20Plaza%20de%20Justicia%20y%20Derechos%20Humanos%20en%20la%20c%C3%A1rcel%20de%20Coyhaique&#038;url=https:\/\/radiorevelacionfm.cl\/?p=24764' aria-hidden='false' data-av_icon='\ue8fc' data-av_iconfont='entypo-fontello' title='' data-avia-related-tooltip='Compartir en LinkedIn' rel=\"noopener\"><span class='avia_hidden_link_text'>Compartir en LinkedIn<\/span><\/a><\/li><li class='av-share-link av-social-link-mail' ><a  aria-label=\"Compartir por correo\" href='mailto:?subject=Para%20acercar%20la%20Justicia%20a%20todos%20y%20todas%3A%20Realizan%20Plaza%20de%20Justicia%20y%20Derechos%20Humanos%20en%20la%20c%C3%A1rcel%20de%20Coyhaique&#038;body=https:\/\/radiorevelacionfm.cl\/?p=24764' aria-hidden='false' data-av_icon='\ue805' data-av_iconfont='entypo-fontello' title='' data-avia-related-tooltip='Compartir por correo'><span class='avia_hidden_link_text'>Compartir por correo<\/span><\/a><\/li><\/ul><\/div><\/div>\n<div  style='height:50px' class='hr hr-invisible   avia-builder-el-8  el_after_av_social_share  el_before_av_comments_list '><span class='hr-inner ' ><span class='hr-inner-style'><\/span><\/span><\/div>\n<div  class='av-buildercomment  av-blog-meta-html-info-disabled av-blog-meta-tag-disabled  '><\/div>\n","protected":false},"excerpt":{"rendered":"","protected":false},"author":1,"featured_media":24765,"comment_status":"open","ping_status":"open","sticky":false,"template":"","format":"standard","meta":{"footnotes":""},"categories":[38],"tags":[],"class_list":["post-24764","post","type-post","status-publish","format-standard","has-post-thumbnail","hentry","category-regional"],"jetpack_featured_media_url":"https:\/\/radiorevelacionfm.cl\/wp-content\/uploads\/2022\/11\/plaza-carcel-1-1-1.jpg","_links":{"self":[{"href":"https:\/\/radiorevelacionfm.cl\/index.php?rest_route=\/wp\/v2\/posts\/24764","targetHints":{"allow":["GET"]}}],"collection":[{"href":"https:\/\/radiorevelacionfm.cl\/index.php?rest_route=\/wp\/v2\/posts"}],"about":[{"href":"https:\/\/radiorevelacionfm.cl\/index.php?rest_route=\/wp\/v2\/types\/post"}],"author":[{"embeddable":true,"href":"https:\/\/radiorevelacionfm.cl\/index.php?rest_route=\/wp\/v2\/users\/1"}],"replies":[{"embeddable":true,"href":"https:\/\/radiorevelacionfm.cl\/index.php?rest_route=%2Fwp%2Fv2%2Fcomments&post=24764"}],"version-history":[{"count":2,"href":"https:\/\/radiorevelacionfm.cl\/index.php?rest_route=\/wp\/v2\/posts\/24764\/revisions"}],"predecessor-version":[{"id":24777,"href":"https:\/\/radiorevelacionfm.cl\/index.php?rest_route=\/wp\/v2\/posts\/24764\/revisions\/24777"}],"wp:featuredmedia":[{"embeddable":true,"href":"https:\/\/radiorevelacionfm.cl\/index.php?rest_route=\/wp\/v2\/media\/24765"}],"wp:attachment":[{"href":"https:\/\/radiorevelacionfm.cl\/index.php?rest_route=%2Fwp%2Fv2%2Fmedia&parent=24764"}],"wp:term":[{"taxonomy":"category","embeddable":true,"href":"https:\/\/radiorevelacionfm.cl\/index.php?rest_route=%2Fwp%2Fv2%2Fcategories&post=24764"},{"taxonomy":"post_tag","embeddable":true,"href":"https:\/\/radiorevelacionfm.cl\/index.php?rest_route=%2Fwp%2Fv2%2Ftags&post=24764"}],"curies":[{"name":"wp","href":"https:\/\/api.w.org\/{rel}","templated":true}]}}