{"id":24759,"date":"2022-11-28T16:29:56","date_gmt":"2022-11-28T19:29:56","guid":{"rendered":"https:\/\/radiorevelacionfm.cl\/?p=24759"},"modified":"2022-11-28T16:29:56","modified_gmt":"2022-11-28T19:29:56","slug":"diputado-calisto-apoya-demanda-de-camioneros-de-aysen-y-anuncia-nuevo-proyecto-para-eliminar-el-impuesto-especifico-en-las-zonas-extremas","status":"publish","type":"post","link":"https:\/\/radiorevelacionfm.cl\/?p=24759","title":{"rendered":"Diputado Calisto apoya demanda de camioneros de Ays\u00e9n y anuncia nuevo proyecto para eliminar el impuesto espec\u00edfico en las zonas extremas"},"content":{"rendered":"<div class=\"flex_column av_one_full  flex_column_div av-zero-column-padding first  avia-builder-el-0  el_before_av_one_full  avia-builder-el-first  \" style='border-radius:0px; '><div  class='avia-image-container  av-styling-    avia-builder-el-1  avia-builder-el-no-sibling  avia-align-center '  itemprop=\"image\" itemscope=\"itemscope\" itemtype=\"https:\/\/schema.org\/ImageObject\"  ><div class='avia-image-container-inner'><div class='avia-image-overlay-wrap'><img decoding=\"async\" class='wp-image-24760 avia-img-lazy-loading-not-24760 avia_image' src=\"https:\/\/radiorevelacionfm.cl\/wp-content\/uploads\/2022\/11\/Calisto-FOTO-IMPUESTO-ESEPCIFICO-1-1.jpeg\" alt='' title='Calisto FOTO IMPUESTO ESEPC\u00cdFICO (1) (1)' height=\"600\" width=\"1268\"  itemprop=\"thumbnailUrl\" srcset=\"https:\/\/radiorevelacionfm.cl\/wp-content\/uploads\/2022\/11\/Calisto-FOTO-IMPUESTO-ESEPCIFICO-1-1.jpeg 1268w, https:\/\/radiorevelacionfm.cl\/wp-content\/uploads\/2022\/11\/Calisto-FOTO-IMPUESTO-ESEPCIFICO-1-1-300x142.jpeg 300w, https:\/\/radiorevelacionfm.cl\/wp-content\/uploads\/2022\/11\/Calisto-FOTO-IMPUESTO-ESEPCIFICO-1-1-1030x487.jpeg 1030w, https:\/\/radiorevelacionfm.cl\/wp-content\/uploads\/2022\/11\/Calisto-FOTO-IMPUESTO-ESEPCIFICO-1-1-768x363.jpeg 768w, https:\/\/radiorevelacionfm.cl\/wp-content\/uploads\/2022\/11\/Calisto-FOTO-IMPUESTO-ESEPCIFICO-1-1-705x334.jpeg 705w, https:\/\/radiorevelacionfm.cl\/wp-content\/uploads\/2022\/11\/Calisto-FOTO-IMPUESTO-ESEPCIFICO-1-1-600x284.jpeg 600w\" sizes=\"(max-width: 1268px) 100vw, 1268px\" \/><\/div><\/div><\/div><\/div><div class=\"flex_column av_one_full  flex_column_div av-zero-column-padding first  avia-builder-el-2  el_after_av_one_full  el_before_av_one_full  column-top-margin\" style='border-radius:0px; '><section class=\"av_textblock_section \"  itemscope=\"itemscope\" itemtype=\"https:\/\/schema.org\/BlogPosting\" itemprop=\"blogPost\" ><div class='avia_textblock  '   itemprop=\"text\" ><p style=\"text-align: center;\"><span style=\"font-size: 18pt;\"><strong>Diputado Calisto apoya demanda de camioneros de Ays\u00e9n y anuncia nuevo proyecto para eliminar el impuesto espec\u00edfico en las zonas extremas<\/strong><\/span><\/p>\n<div id=\"gtx-trans\" style=\"position: absolute; left: -50px; top: 4.31534px;\">\n<div class=\"gtx-trans-icon\"><\/div>\n<\/div>\n<\/div><\/section><\/div><div class=\"flex_column av_one_full  flex_column_div av-zero-column-padding first  avia-builder-el-4  el_after_av_one_full  el_before_av_hr  column-top-margin\" style='border-radius:0px; '><section class=\"av_textblock_section \"  itemscope=\"itemscope\" itemtype=\"https:\/\/schema.org\/BlogPosting\" itemprop=\"blogPost\" ><div class='avia_textblock  '   itemprop=\"text\" ><p style=\"text-align: justify;\">Ante la manifestaci\u00f3n de los gremios de transporte de la regi\u00f3n, quienes est\u00e1n movilizados por el alto precio de los combustibles, el diputado Miguel \u00c1ngel Calisto anunci\u00f3 que presentar\u00e1 un nuevo proyecto para eliminar el impuesto espec\u00edfico de los combustibles en las zonas extremas.<\/p>\n<p style=\"text-align: justify;\">Seg\u00fan el diputado Calisto, quien ya ha presentado proyectos en esta l\u00ednea, \u201crespaldamos el movimiento de los camioneros de Ays\u00e9n, los respaldamos y vamos a volver a insistir en un proyecto de ley para poder garantizar la rebaja del impuesto espec\u00edfico, al menos en las zonas extremas, que es donde m\u00e1s ha aumentado el costo de vida\u201d.<\/p>\n<p style=\"text-align: justify;\">\u201cNos reunimos con los gremios del transporte de la regi\u00f3n de Ays\u00e9n. Ellos est\u00e1n preocupados por el alza del precio de los combustibles, un tema que nos preocupa hace mucho tiempo. En mi caso, he presentado tres proyectos de ley para eliminar el impuesto espec\u00edfico en las zonas extremas, los que han sido rechazados o no han recibido el apoyo del ejecutivo, porque hay un sector pol\u00edtico que se niega a bajar este gravamen\u201d, afirm\u00f3.<\/p>\n<p style=\"text-align: justify;\">Finalmente, el diputado Calisto se\u00f1al\u00f3 que \u201cestos sectores dicen que una medida de este tipo es regresiva y que podr\u00eda aumentar la contaminaci\u00f3n al fomentar el uso del autom\u00f3vil. Esta es una visi\u00f3n muy centralista, porque en las zonas extremas como Ays\u00e9n, el costo de vida est\u00e1 excesivamente alto, y tenemos el precio m\u00e1s alto de los combustibles en Chile\u201d.<\/p>\n<\/div><\/section><\/div><div  style='height:50px' class='hr hr-invisible   avia-builder-el-6  el_after_av_one_full  el_before_av_social_share '><span class='hr-inner ' ><span class='hr-inner-style'><\/span><\/span><\/div><\/p>\n<div  class='av-social-sharing-box  avia-builder-el-7  el_after_av_hr  el_before_av_hr  '><div class='av-share-box'><h5 class='av-share-link-description av-no-toc '>Compartir esta noticia<\/h5><ul class='av-share-box-list noLightbox'><li class='av-share-link av-social-link-facebook' ><a target=\"_blank\" aria-label=\"Compartir en Facebook\" href='https:\/\/www.facebook.com\/sharer.php?u=https:\/\/radiorevelacionfm.cl\/?p=24759&#038;t=Diputado%20Calisto%20apoya%20demanda%20de%20camioneros%20de%20Ays%C3%A9n%20y%20anuncia%20nuevo%20proyecto%20para%20eliminar%20el%20impuesto%20espec%C3%ADfico%20en%20las%20zonas%20extremas' aria-hidden='false' data-av_icon='\ue8f3' data-av_iconfont='entypo-fontello' title='' data-avia-related-tooltip='Compartir en Facebook' rel=\"noopener\"><span class='avia_hidden_link_text'>Compartir en Facebook<\/span><\/a><\/li><li class='av-share-link av-social-link-twitter' ><a target=\"_blank\" aria-label=\"Compartir en Twitter\" href='https:\/\/twitter.com\/share?text=Diputado%20Calisto%20apoya%20demanda%20de%20camioneros%20de%20Ays%C3%A9n%20y%20anuncia%20nuevo%20proyecto%20para%20eliminar%20el%20impuesto%20espec%C3%ADfico%20en%20las%20zonas%20extremas&#038;url=https:\/\/radiorevelacionfm.cl\/?p=24759' aria-hidden='false' data-av_icon='\ue8f1' data-av_iconfont='entypo-fontello' title='' data-avia-related-tooltip='Compartir en Twitter' rel=\"noopener\"><span class='avia_hidden_link_text'>Compartir en Twitter<\/span><\/a><\/li><li class='av-share-link av-social-link-whatsapp' ><a target=\"_blank\" aria-label=\"Compartir en Whatsapp\" href='https:\/\/api.whatsapp.com\/send?text=https:\/\/radiorevelacionfm.cl\/?p=24759' aria-hidden='false' data-av_icon='\uf232' data-av_iconfont='entypo-fontello' title='' data-avia-related-tooltip='Compartir en Whatsapp' rel=\"noopener\"><span class='avia_hidden_link_text'>Compartir en Whatsapp<\/span><\/a><\/li><li class='av-share-link av-social-link-linkedin' ><a target=\"_blank\" aria-label=\"Compartir en LinkedIn\" href='https:\/\/linkedin.com\/shareArticle?mini=true&#038;title=Diputado%20Calisto%20apoya%20demanda%20de%20camioneros%20de%20Ays%C3%A9n%20y%20anuncia%20nuevo%20proyecto%20para%20eliminar%20el%20impuesto%20espec%C3%ADfico%20en%20las%20zonas%20extremas&#038;url=https:\/\/radiorevelacionfm.cl\/?p=24759' aria-hidden='false' data-av_icon='\ue8fc' data-av_iconfont='entypo-fontello' title='' data-avia-related-tooltip='Compartir en LinkedIn' rel=\"noopener\"><span class='avia_hidden_link_text'>Compartir en LinkedIn<\/span><\/a><\/li><li class='av-share-link av-social-link-mail' ><a  aria-label=\"Compartir por correo\" href='mailto:?subject=Diputado%20Calisto%20apoya%20demanda%20de%20camioneros%20de%20Ays%C3%A9n%20y%20anuncia%20nuevo%20proyecto%20para%20eliminar%20el%20impuesto%20espec%C3%ADfico%20en%20las%20zonas%20extremas&#038;body=https:\/\/radiorevelacionfm.cl\/?p=24759' aria-hidden='false' data-av_icon='\ue805' data-av_iconfont='entypo-fontello' title='' data-avia-related-tooltip='Compartir por correo'><span class='avia_hidden_link_text'>Compartir por correo<\/span><\/a><\/li><\/ul><\/div><\/div>\n<div  style='height:50px' class='hr hr-invisible   avia-builder-el-8  el_after_av_social_share  el_before_av_comments_list '><span class='hr-inner ' ><span class='hr-inner-style'><\/span><\/span><\/div>\n<div  class='av-buildercomment  av-blog-meta-html-info-disabled av-blog-meta-tag-disabled  '><\/div>\n","protected":false},"excerpt":{"rendered":"","protected":false},"author":1,"featured_media":24760,"comment_status":"open","ping_status":"open","sticky":false,"template":"","format":"standard","meta":{"footnotes":""},"categories":[35],"tags":[],"class_list":["post-24759","post","type-post","status-publish","format-standard","has-post-thumbnail","hentry","category-politica"],"jetpack_featured_media_url":"https:\/\/radiorevelacionfm.cl\/wp-content\/uploads\/2022\/11\/Calisto-FOTO-IMPUESTO-ESEPCIFICO-1-1.jpeg","_links":{"self":[{"href":"https:\/\/radiorevelacionfm.cl\/index.php?rest_route=\/wp\/v2\/posts\/24759","targetHints":{"allow":["GET"]}}],"collection":[{"href":"https:\/\/radiorevelacionfm.cl\/index.php?rest_route=\/wp\/v2\/posts"}],"about":[{"href":"https:\/\/radiorevelacionfm.cl\/index.php?rest_route=\/wp\/v2\/types\/post"}],"author":[{"embeddable":true,"href":"https:\/\/radiorevelacionfm.cl\/index.php?rest_route=\/wp\/v2\/users\/1"}],"replies":[{"embeddable":true,"href":"https:\/\/radiorevelacionfm.cl\/index.php?rest_route=%2Fwp%2Fv2%2Fcomments&post=24759"}],"version-history":[{"count":2,"href":"https:\/\/radiorevelacionfm.cl\/index.php?rest_route=\/wp\/v2\/posts\/24759\/revisions"}],"predecessor-version":[{"id":24762,"href":"https:\/\/radiorevelacionfm.cl\/index.php?rest_route=\/wp\/v2\/posts\/24759\/revisions\/24762"}],"wp:featuredmedia":[{"embeddable":true,"href":"https:\/\/radiorevelacionfm.cl\/index.php?rest_route=\/wp\/v2\/media\/24760"}],"wp:attachment":[{"href":"https:\/\/radiorevelacionfm.cl\/index.php?rest_route=%2Fwp%2Fv2%2Fmedia&parent=24759"}],"wp:term":[{"taxonomy":"category","embeddable":true,"href":"https:\/\/radiorevelacionfm.cl\/index.php?rest_route=%2Fwp%2Fv2%2Fcategories&post=24759"},{"taxonomy":"post_tag","embeddable":true,"href":"https:\/\/radiorevelacionfm.cl\/index.php?rest_route=%2Fwp%2Fv2%2Ftags&post=24759"}],"curies":[{"name":"wp","href":"https:\/\/api.w.org\/{rel}","templated":true}]}}