{"id":24755,"date":"2022-11-28T15:20:24","date_gmt":"2022-11-28T18:20:24","guid":{"rendered":"https:\/\/radiorevelacionfm.cl\/?p=24755"},"modified":"2022-11-28T15:20:24","modified_gmt":"2022-11-28T18:20:24","slug":"con-alegria-y-reflexion-se-desarrollo-en-coyhaique-encuentro-por-el-dia-de-la-eliminacion-de-la-violencia-contra-la-mujer","status":"publish","type":"post","link":"https:\/\/radiorevelacionfm.cl\/?p=24755","title":{"rendered":"Con alegr\u00eda y reflexi\u00f3n se desarroll\u00f3 en Coyhaique encuentro por el D\u00eda de la Eliminaci\u00f3n de la Violencia contra la Mujer"},"content":{"rendered":"<div class=\"flex_column av_one_full  flex_column_div av-zero-column-padding first  avia-builder-el-0  el_before_av_one_full  avia-builder-el-first  \" style='border-radius:0px; '><div  class='avia-image-container  av-styling-    avia-builder-el-1  avia-builder-el-no-sibling  avia-align-center '  itemprop=\"image\" itemscope=\"itemscope\" itemtype=\"https:\/\/schema.org\/ImageObject\"  ><div class='avia-image-container-inner'><div class='avia-image-overlay-wrap'><img decoding=\"async\" class='wp-image-24756 avia-img-lazy-loading-not-24756 avia_image' src=\"https:\/\/radiorevelacionfm.cl\/wp-content\/uploads\/2022\/11\/foto-grupo-participantes-jornada-elimnacion-violencia-contra-las-mujeres-1_optimized.jpg\" alt='' title='foto-grupo-participantes-jornada-elimnaci\u00f3n-violencia-contra-las-mujeres-(1)_optimized' height=\"600\" width=\"900\"  itemprop=\"thumbnailUrl\" srcset=\"https:\/\/radiorevelacionfm.cl\/wp-content\/uploads\/2022\/11\/foto-grupo-participantes-jornada-elimnacion-violencia-contra-las-mujeres-1_optimized.jpg 900w, https:\/\/radiorevelacionfm.cl\/wp-content\/uploads\/2022\/11\/foto-grupo-participantes-jornada-elimnacion-violencia-contra-las-mujeres-1_optimized-300x200.jpg 300w, https:\/\/radiorevelacionfm.cl\/wp-content\/uploads\/2022\/11\/foto-grupo-participantes-jornada-elimnacion-violencia-contra-las-mujeres-1_optimized-768x512.jpg 768w, https:\/\/radiorevelacionfm.cl\/wp-content\/uploads\/2022\/11\/foto-grupo-participantes-jornada-elimnacion-violencia-contra-las-mujeres-1_optimized-705x470.jpg 705w, https:\/\/radiorevelacionfm.cl\/wp-content\/uploads\/2022\/11\/foto-grupo-participantes-jornada-elimnacion-violencia-contra-las-mujeres-1_optimized-600x400.jpg 600w\" sizes=\"(max-width: 900px) 100vw, 900px\" \/><\/div><\/div><\/div><\/div><div class=\"flex_column av_one_full  flex_column_div av-zero-column-padding first  avia-builder-el-2  el_after_av_one_full  el_before_av_one_full  column-top-margin\" style='border-radius:0px; '><section class=\"av_textblock_section \"  itemscope=\"itemscope\" itemtype=\"https:\/\/schema.org\/BlogPosting\" itemprop=\"blogPost\" ><div class='avia_textblock  '   itemprop=\"text\" ><p style=\"text-align: center;\"><span style=\"font-size: 18pt;\"><strong>Con alegr\u00eda y reflexi\u00f3n se desarroll\u00f3 en Coyhaique encuentro por el D\u00eda de la Eliminaci\u00f3n de la Violencia contra la Mujer<\/strong><\/span><\/p>\n<div id=\"gtx-trans\" style=\"position: absolute; left: -50px; top: 4.31534px;\">\n<div class=\"gtx-trans-icon\"><\/div>\n<\/div>\n<\/div><\/section><\/div><div class=\"flex_column av_one_full  flex_column_div av-zero-column-padding first  avia-builder-el-4  el_after_av_one_full  el_before_av_hr  column-top-margin\" style='border-radius:0px; '><section class=\"av_textblock_section \"  itemscope=\"itemscope\" itemtype=\"https:\/\/schema.org\/BlogPosting\" itemprop=\"blogPost\" ><div class='avia_textblock  '   itemprop=\"text\" ><p style=\"text-align: justify;\">Con una entusiasta participaci\u00f3n de vecinos y vecinas del sector Villa Divisadero de Coyhaique se desarroll\u00f3 el pasado fin de semana el encuentro denominado \u201cComunidad Sin Violencia\u201d, actividad desarrollada en el marco del D\u00eda de la Eliminaci\u00f3n de la Violencia contra la Mujer, bajo la organizaci\u00f3n de la Seremi de Vivienda y Urbanismo, la Seremi de la Mujer y Equidad de G\u00e9nero, y el Serviu regi\u00f3n de Ays\u00e9n.<\/p>\n<p style=\"text-align: justify;\">La jornada consider\u00f3 diversas actividades al aire libre, destacando la zumba a cargo de la Seremi del Deporte, las pinta caritas a cargo de las t\u00edas de la Junji y presentaciones de danza que fueron compartidas con mucha alegr\u00eda y en forma especial por las mujeres del sector m\u00e1s algunas familias que viven en el campamento del sector Galp\u00f3n Municipal, aleda\u00f1o a la Villa Divisadero.<\/p>\n<p style=\"text-align: justify;\">Al finalizar la actividad la Seremi de Vivienda, Paulina Ruz, valor\u00f3 el trabajo desarrollado por los equipos profesionales, el que se enmarca adem\u00e1s en la pol\u00edtica de g\u00e9nero que impulsan con mucha fuerza el Ministerio de Vivienda y el Gobierno en general. \u201cQueremos agradecer a todos y todas los que nos apoyaron en esta instancia, sobre todo en este hito de connotaci\u00f3n social como es el D\u00eda de la eliminaci\u00f3n de la violencia contra la mujer, porque nosotros seguimos la campa\u00f1a Este s\u00ed es mi Problema, que no solo se relaciona con la Seremi de la Mujer, ya que la violencia de g\u00e9nero es un tema social que tenemos que abordar de parte de todos los ministerios y para eso vamos a trabajar a trav\u00e9s de distintas instancias, desde todas las carteras y por supuesto Vivienda y Urbanismo est\u00e1 presente\u201d, precis\u00f3.<\/p>\n<p style=\"text-align: justify;\">De igual forma la Seremi de la Mujer y Equidad de G\u00e9nero, Andrea M\u00e9ndez, destac\u00f3 las acciones conjuntas que se est\u00e1n llevando a cabo entre los diferentes sectores, todo orientado a mejorar la calidad de vida de nuestra gente de toda la regi\u00f3n. \u201cHemos procurado que sea una instancia de reflexi\u00f3n, de problematizaci\u00f3n, pero tambi\u00e9n de esparcimiento. Acabamos de tener un encuentro deportivo y de baile con mujeres de la comunidad y las vamos a dejar invitadas para un encuentro pr\u00f3ximo, donde vamos a realizar un taller de problematizaci\u00f3n y entrega de herramientas para poder intervenir comunitariamente la violencia contra las mujeres\u201d, asegur\u00f3.<\/p>\n<p style=\"text-align: justify;\">Edith Alarc\u00f3n Guzm\u00e1n, presidenta de la Junta de Vecinos de la Villa Divisadero, se mostr\u00f3 feliz de poder apoyar y ser parte de las acciones que se est\u00e1n desarrollando en su sector, donde existen familias con muchas carencias y dificultades. \u201cComo directiva y como Junta de vecinos estamos felices de poder cooperar con las Seremis de Vivienda, del Deporte y de la Mujer, tratando de hacer un trabajo conjunto con la gente de las tomas del Galp\u00f3n Municipal y del comit\u00e9 de vivienda Esperanza Patagona, que son aleda\u00f1as y est\u00e1n al alero de la Junta de Vecinos. As\u00ed que felices de poder ayudar a que resulte todo bien. Tambi\u00e9n se trata de motivar para que llegue m\u00e1s gente y lograr que se informen de todas las materias que est\u00e1n sucediendo y de las problem\u00e1ticas que se viven en la comuna\u201d, afirm\u00f3.<\/p>\n<p style=\"text-align: justify;\">Una de las j\u00f3venes participantes, Javiera Fuentes, tambi\u00e9n expres\u00f3 su parecer respecto del encuentro desarrollado en la ma\u00f1ana del s\u00e1bado. \u201cHermoso, porque creo que es un apoyo hacia las mujeres, d\u00e1ndonos a conocer cada tribu, cada creencia y cada motivaci\u00f3n que nos dan. Me sent\u00ed s\u00faper apoyada, cada una con sus colores, vestida de diferentes formas, que es algo que no ve la sociedad, solo se ve lo malo, pero yo vi eso, que cada una ten\u00eda su color y sus colores brillan y las mujeres brillamos\u201d, manifest\u00f3.<\/p>\n<p style=\"text-align: justify;\">Finalmente, las autoridades se comprometieron a continuar con las actividades y atenciones en terreno para este y otros sectores de Coyhaique y la regi\u00f3n, asumiendo que el mandato del Gobierno y el Minvu es estar con la gente para avanzar hacia la construcci\u00f3n de ciudades, barrios y territorios que promuevan la eliminaci\u00f3n de todas las formas de violencia hacia las mujeres.<\/p>\n<\/div><\/section><\/div><div  style='height:50px' class='hr hr-invisible   avia-builder-el-6  el_after_av_one_full  el_before_av_social_share '><span class='hr-inner ' ><span class='hr-inner-style'><\/span><\/span><\/div><\/p>\n<div  class='av-social-sharing-box  avia-builder-el-7  el_after_av_hr  el_before_av_hr  '><div class='av-share-box'><h5 class='av-share-link-description av-no-toc '>Compartir esta noticia<\/h5><ul class='av-share-box-list noLightbox'><li class='av-share-link av-social-link-facebook' ><a target=\"_blank\" aria-label=\"Compartir en Facebook\" href='https:\/\/www.facebook.com\/sharer.php?u=https:\/\/radiorevelacionfm.cl\/?p=24755&#038;t=Con%20alegr%C3%ADa%20y%20reflexi%C3%B3n%20se%20desarroll%C3%B3%20en%20Coyhaique%20encuentro%20por%20el%20D%C3%ADa%20de%20la%20Eliminaci%C3%B3n%20de%20la%20Violencia%20contra%20la%20Mujer' aria-hidden='false' data-av_icon='\ue8f3' data-av_iconfont='entypo-fontello' title='' data-avia-related-tooltip='Compartir en Facebook' rel=\"noopener\"><span class='avia_hidden_link_text'>Compartir en Facebook<\/span><\/a><\/li><li class='av-share-link av-social-link-twitter' ><a target=\"_blank\" aria-label=\"Compartir en Twitter\" href='https:\/\/twitter.com\/share?text=Con%20alegr%C3%ADa%20y%20reflexi%C3%B3n%20se%20desarroll%C3%B3%20en%20Coyhaique%20encuentro%20por%20el%20D%C3%ADa%20de%20la%20Eliminaci%C3%B3n%20de%20la%20Violencia%20contra%20la%20Mujer&#038;url=https:\/\/radiorevelacionfm.cl\/?p=24755' aria-hidden='false' data-av_icon='\ue8f1' data-av_iconfont='entypo-fontello' title='' data-avia-related-tooltip='Compartir en Twitter' rel=\"noopener\"><span class='avia_hidden_link_text'>Compartir en Twitter<\/span><\/a><\/li><li class='av-share-link av-social-link-whatsapp' ><a target=\"_blank\" aria-label=\"Compartir en Whatsapp\" href='https:\/\/api.whatsapp.com\/send?text=https:\/\/radiorevelacionfm.cl\/?p=24755' aria-hidden='false' data-av_icon='\uf232' data-av_iconfont='entypo-fontello' title='' data-avia-related-tooltip='Compartir en Whatsapp' rel=\"noopener\"><span class='avia_hidden_link_text'>Compartir en Whatsapp<\/span><\/a><\/li><li class='av-share-link av-social-link-linkedin' ><a target=\"_blank\" aria-label=\"Compartir en LinkedIn\" href='https:\/\/linkedin.com\/shareArticle?mini=true&#038;title=Con%20alegr%C3%ADa%20y%20reflexi%C3%B3n%20se%20desarroll%C3%B3%20en%20Coyhaique%20encuentro%20por%20el%20D%C3%ADa%20de%20la%20Eliminaci%C3%B3n%20de%20la%20Violencia%20contra%20la%20Mujer&#038;url=https:\/\/radiorevelacionfm.cl\/?p=24755' aria-hidden='false' data-av_icon='\ue8fc' data-av_iconfont='entypo-fontello' title='' data-avia-related-tooltip='Compartir en LinkedIn' rel=\"noopener\"><span class='avia_hidden_link_text'>Compartir en LinkedIn<\/span><\/a><\/li><li class='av-share-link av-social-link-mail' ><a  aria-label=\"Compartir por correo\" href='mailto:?subject=Con%20alegr%C3%ADa%20y%20reflexi%C3%B3n%20se%20desarroll%C3%B3%20en%20Coyhaique%20encuentro%20por%20el%20D%C3%ADa%20de%20la%20Eliminaci%C3%B3n%20de%20la%20Violencia%20contra%20la%20Mujer&#038;body=https:\/\/radiorevelacionfm.cl\/?p=24755' aria-hidden='false' data-av_icon='\ue805' data-av_iconfont='entypo-fontello' title='' data-avia-related-tooltip='Compartir por correo'><span class='avia_hidden_link_text'>Compartir por correo<\/span><\/a><\/li><\/ul><\/div><\/div>\n<div  style='height:50px' class='hr hr-invisible   avia-builder-el-8  el_after_av_social_share  el_before_av_comments_list '><span class='hr-inner ' ><span class='hr-inner-style'><\/span><\/span><\/div>\n<div  class='av-buildercomment  av-blog-meta-html-info-disabled av-blog-meta-tag-disabled  '><\/div>\n","protected":false},"excerpt":{"rendered":"","protected":false},"author":1,"featured_media":24756,"comment_status":"open","ping_status":"open","sticky":false,"template":"","format":"standard","meta":{"footnotes":""},"categories":[63],"tags":[],"class_list":["post-24755","post","type-post","status-publish","format-standard","has-post-thumbnail","hentry","category-mujer-y-genero"],"jetpack_featured_media_url":"https:\/\/radiorevelacionfm.cl\/wp-content\/uploads\/2022\/11\/foto-grupo-participantes-jornada-elimnacion-violencia-contra-las-mujeres-1_optimized.jpg","_links":{"self":[{"href":"https:\/\/radiorevelacionfm.cl\/index.php?rest_route=\/wp\/v2\/posts\/24755","targetHints":{"allow":["GET"]}}],"collection":[{"href":"https:\/\/radiorevelacionfm.cl\/index.php?rest_route=\/wp\/v2\/posts"}],"about":[{"href":"https:\/\/radiorevelacionfm.cl\/index.php?rest_route=\/wp\/v2\/types\/post"}],"author":[{"embeddable":true,"href":"https:\/\/radiorevelacionfm.cl\/index.php?rest_route=\/wp\/v2\/users\/1"}],"replies":[{"embeddable":true,"href":"https:\/\/radiorevelacionfm.cl\/index.php?rest_route=%2Fwp%2Fv2%2Fcomments&post=24755"}],"version-history":[{"count":2,"href":"https:\/\/radiorevelacionfm.cl\/index.php?rest_route=\/wp\/v2\/posts\/24755\/revisions"}],"predecessor-version":[{"id":24758,"href":"https:\/\/radiorevelacionfm.cl\/index.php?rest_route=\/wp\/v2\/posts\/24755\/revisions\/24758"}],"wp:featuredmedia":[{"embeddable":true,"href":"https:\/\/radiorevelacionfm.cl\/index.php?rest_route=\/wp\/v2\/media\/24756"}],"wp:attachment":[{"href":"https:\/\/radiorevelacionfm.cl\/index.php?rest_route=%2Fwp%2Fv2%2Fmedia&parent=24755"}],"wp:term":[{"taxonomy":"category","embeddable":true,"href":"https:\/\/radiorevelacionfm.cl\/index.php?rest_route=%2Fwp%2Fv2%2Fcategories&post=24755"},{"taxonomy":"post_tag","embeddable":true,"href":"https:\/\/radiorevelacionfm.cl\/index.php?rest_route=%2Fwp%2Fv2%2Ftags&post=24755"}],"curies":[{"name":"wp","href":"https:\/\/api.w.org\/{rel}","templated":true}]}}