{"id":24752,"date":"2022-11-28T16:54:19","date_gmt":"2022-11-28T19:54:19","guid":{"rendered":"https:\/\/radiorevelacionfm.cl\/?p=24752"},"modified":"2022-11-28T16:54:19","modified_gmt":"2022-11-28T19:54:19","slug":"senadis-organiza-actividades-para-conmemorar-el-dia-internacional-de-las-personas-con-discapacidad","status":"publish","type":"post","link":"https:\/\/radiorevelacionfm.cl\/?p=24752","title":{"rendered":"SENADIS organiza actividades para conmemorar el D\u00eda Internacional de las Personas con Discapacidad"},"content":{"rendered":"<div class=\"flex_column av_one_full  flex_column_div av-zero-column-padding first  avia-builder-el-0  el_before_av_one_full  avia-builder-el-first  \" style='border-radius:0px; '><div  class='avia-image-container  av-styling-    avia-builder-el-1  avia-builder-el-no-sibling  avia-align-center '  itemprop=\"image\" itemscope=\"itemscope\" itemtype=\"https:\/\/schema.org\/ImageObject\"  ><div class='avia-image-container-inner'><div class='avia-image-overlay-wrap'><img decoding=\"async\" class='wp-image-24753 avia-img-lazy-loading-not-24753 avia_image' src=\"https:\/\/radiorevelacionfm.cl\/wp-content\/uploads\/2022\/11\/3-96-1-1.jpg\" alt='' title='3 (96) (1) (1)' height=\"600\" width=\"1066\"  itemprop=\"thumbnailUrl\" srcset=\"https:\/\/radiorevelacionfm.cl\/wp-content\/uploads\/2022\/11\/3-96-1-1.jpg 1066w, https:\/\/radiorevelacionfm.cl\/wp-content\/uploads\/2022\/11\/3-96-1-1-300x169.jpg 300w, https:\/\/radiorevelacionfm.cl\/wp-content\/uploads\/2022\/11\/3-96-1-1-1030x580.jpg 1030w, https:\/\/radiorevelacionfm.cl\/wp-content\/uploads\/2022\/11\/3-96-1-1-768x432.jpg 768w, https:\/\/radiorevelacionfm.cl\/wp-content\/uploads\/2022\/11\/3-96-1-1-705x397.jpg 705w, https:\/\/radiorevelacionfm.cl\/wp-content\/uploads\/2022\/11\/3-96-1-1-600x338.jpg 600w\" sizes=\"(max-width: 1066px) 100vw, 1066px\" \/><\/div><\/div><\/div><\/div><div class=\"flex_column av_one_full  flex_column_div av-zero-column-padding first  avia-builder-el-2  el_after_av_one_full  el_before_av_one_full  column-top-margin\" style='border-radius:0px; '><section class=\"av_textblock_section \"  itemscope=\"itemscope\" itemtype=\"https:\/\/schema.org\/BlogPosting\" itemprop=\"blogPost\" ><div class='avia_textblock  '   itemprop=\"text\" ><p style=\"text-align: center;\"><span style=\"font-size: 18pt;\"><strong>SENADIS organiza actividades para conmemorar el D\u00eda Internacional de las Personas con Discapacidad<\/strong><\/span><\/p>\n<div id=\"gtx-trans\" style=\"position: absolute; left: -50px; top: 4.31534px;\">\n<div class=\"gtx-trans-icon\"><\/div>\n<\/div>\n<\/div><\/section><\/div><div class=\"flex_column av_one_full  flex_column_div av-zero-column-padding first  avia-builder-el-4  el_after_av_one_full  el_before_av_hr  column-top-margin\" style='border-radius:0px; '><section class=\"av_textblock_section \"  itemscope=\"itemscope\" itemtype=\"https:\/\/schema.org\/BlogPosting\" itemprop=\"blogPost\" ><div class='avia_textblock  '   itemprop=\"text\" ><p style=\"text-align: justify;\">En el marco del D\u00eda Internacional de las Personas con Discapacidad declarado en 1992 por la Asamblea de las Naciones Unidas y que se conmemora el 3 de diciembre de cada a\u00f1o, la Direcci\u00f3n Regional del Servicio Nacional de la Discapacidad (SENADIS),\u00a0 realizar\u00e1 durante esta semana diferentes actividades enfocadas a la reivindicaci\u00f3n de los derechos de las personas con discapacidad.<\/p>\n<p style=\"text-align: justify;\">La Seremi de Desarrollo Social y Familia, Karina Acevedo,\u00a0 se\u00f1al\u00f3 que \u201cpara nosotros como Gobierno esta fecha es muy importante, tenemos ejes tem\u00e1ticos los cuales ya estamos trabajando, por ejemplo el Plan Nacional de Accesibilidad Universal que de aqu\u00ed a los pr\u00f3ximos 10 a\u00f1os esperamos contar con todos los espacios p\u00fablicos con un acceso universal, el Sistema Nacional de Cuidados que est\u00e1 dentro de las prioridades del presidente y que nos permite coordinar toda la perspectiva feminista, intersectorial, comunitaria con los diferentes espacios y reconocer este trabajo, que principalmente lo hacen mujeres, pero reconocerlo como un derecho social, humano y de acceso universal. Del mismo modo el Sistema Nacional de Ayudas T\u00e9cnicas, elemento esencial para la vida con personas con discapacidad, y por supuesto, la Encuesta Nacional de Discapacidad y Dependencia permitir\u00e1 actualizar todos los datos estad\u00edsticos y sustentar la elaboraci\u00f3n de nuevas pol\u00edticas p\u00fablicas en esta materia\u201d.<\/p>\n<p style=\"text-align: justify;\">En tanto, la Directora Regional (s) de Senadis,\u00a0 Viviana Mu\u00f1oz, sostuvo que \u201cen el \u00a0marco de esta conmemoraci\u00f3n queremos relevar los derechos de las personas con discapacidad, as\u00ed como el importante rol que cumplen las organizaciones, las propias personas con discapacidad, sus familias y\u00a0 cuidadoras\u00a0 como agentes de cambio, para empujar el avance de nuestra sociedad hacia una m\u00e1s inclusiva y que le brinde oportunidades de desarrollo en igualdad de condiciones que las dem\u00e1s personas, es en este sentido que estaremos desarrollando diferentes actividades para promover el cambio cultural que se requiere, para construir una sociedad sin barreras, donde las personas con discapacidad efectivamente puedan participar y hacer realidad sus metas y sus prop\u00f3sitos\u201d.<\/p>\n<p style=\"text-align: justify;\">Una de las actividades que est\u00e1 considerada para esta semana, hoy lunes 28 de noviembre, es la capacitaci\u00f3n \u201cDerechos de las Personas con Discapacidad y atenci\u00f3n inclusiva\u201d, una actividad dirigida a funcionarios que atienden p\u00fablico y que desean capacitarse en la materia y que se desarrollar\u00e1 desde las 15:30 horas en el Sal\u00f3n Padre Antonio Ronchi del Gobierno Regional de Ays\u00e9n.<\/p>\n<p style=\"text-align: justify;\">Un d\u00eda despu\u00e9s, est\u00e1 el seminario Regional \u201cAvanzando hacia la inclusi\u00f3n: experiencias y desaf\u00edos organizacionales\u201d, organizado en el marco del Programa de Participaci\u00f3n Territorial Inclusiva del SENADIS, ejecutado por la Universidad de Magallanes, planificado para el martes 29 de noviembre de 2022, de 15:00 a\u00a0 18:00 horas, a trav\u00e9s de la plataforma Youtube, Link: <a href=\"https:\/\/youtu.be\/WrKsupeMBBA\">https:\/\/youtu.be\/WrKsupeMBBA<\/a><\/p>\n<p style=\"text-align: justify;\">M\u00e1s adelante, la Charla \u201cComunicaciones y Discapacidad\u201d, actividad dirigida a encargados de comunicaciones y\/o Periodistas de instituciones p\u00fablicas y municipalidades de la Regi\u00f3n de Ays\u00e9n. Esta se realizar\u00e1 jueves 01 de diciembre de 2022, 15:00 horas, online, a trav\u00e9s de la aplicaci\u00f3n Meet y que tiene como objetivo el tratamiento adecuando de contenidos y la comunicaci\u00f3n en materia de discapacidad.<\/p>\n<p style=\"text-align: justify;\">Finalmente, el viernes 02 de diciembre de 2022, a las 10:30 horas en la Plaza de Armas, frente al Paseo Horn se realizar\u00e1 una actividad de intervenci\u00f3n urbana \u201cPor los Derechos de las Personas con Discapacidad: la inclusi\u00f3n la hacemos todos\u201d, actividad dirigida a la comunidad en general y medios de comunicaci\u00f3n regional, en la que participar\u00e1n dirigentes y organizaciones de personas en situaci\u00f3n de discapacidad junto al Gabinete Regional.<\/p>\n<\/div><\/section><\/div><div  style='height:50px' class='hr hr-invisible   avia-builder-el-6  el_after_av_one_full  el_before_av_social_share '><span class='hr-inner ' ><span class='hr-inner-style'><\/span><\/span><\/div><\/p>\n<div  class='av-social-sharing-box  avia-builder-el-7  el_after_av_hr  el_before_av_hr  '><div class='av-share-box'><h5 class='av-share-link-description av-no-toc '>Compartir esta noticia<\/h5><ul class='av-share-box-list noLightbox'><li class='av-share-link av-social-link-facebook' ><a target=\"_blank\" aria-label=\"Compartir en Facebook\" href='https:\/\/www.facebook.com\/sharer.php?u=https:\/\/radiorevelacionfm.cl\/?p=24752&#038;t=SENADIS%20organiza%20actividades%20para%20conmemorar%20el%20D%C3%ADa%20Internacional%20de%20las%20Personas%20con%20Discapacidad' aria-hidden='false' data-av_icon='\ue8f3' data-av_iconfont='entypo-fontello' title='' data-avia-related-tooltip='Compartir en Facebook' rel=\"noopener\"><span class='avia_hidden_link_text'>Compartir en Facebook<\/span><\/a><\/li><li class='av-share-link av-social-link-twitter' ><a target=\"_blank\" aria-label=\"Compartir en Twitter\" href='https:\/\/twitter.com\/share?text=SENADIS%20organiza%20actividades%20para%20conmemorar%20el%20D%C3%ADa%20Internacional%20de%20las%20Personas%20con%20Discapacidad&#038;url=https:\/\/radiorevelacionfm.cl\/?p=24752' aria-hidden='false' data-av_icon='\ue8f1' data-av_iconfont='entypo-fontello' title='' data-avia-related-tooltip='Compartir en Twitter' rel=\"noopener\"><span class='avia_hidden_link_text'>Compartir en Twitter<\/span><\/a><\/li><li class='av-share-link av-social-link-whatsapp' ><a target=\"_blank\" aria-label=\"Compartir en Whatsapp\" href='https:\/\/api.whatsapp.com\/send?text=https:\/\/radiorevelacionfm.cl\/?p=24752' aria-hidden='false' data-av_icon='\uf232' data-av_iconfont='entypo-fontello' title='' data-avia-related-tooltip='Compartir en Whatsapp' rel=\"noopener\"><span class='avia_hidden_link_text'>Compartir en Whatsapp<\/span><\/a><\/li><li class='av-share-link av-social-link-linkedin' ><a target=\"_blank\" aria-label=\"Compartir en LinkedIn\" href='https:\/\/linkedin.com\/shareArticle?mini=true&#038;title=SENADIS%20organiza%20actividades%20para%20conmemorar%20el%20D%C3%ADa%20Internacional%20de%20las%20Personas%20con%20Discapacidad&#038;url=https:\/\/radiorevelacionfm.cl\/?p=24752' aria-hidden='false' data-av_icon='\ue8fc' data-av_iconfont='entypo-fontello' title='' data-avia-related-tooltip='Compartir en LinkedIn' rel=\"noopener\"><span class='avia_hidden_link_text'>Compartir en LinkedIn<\/span><\/a><\/li><li class='av-share-link av-social-link-mail' ><a  aria-label=\"Compartir por correo\" href='mailto:?subject=SENADIS%20organiza%20actividades%20para%20conmemorar%20el%20D%C3%ADa%20Internacional%20de%20las%20Personas%20con%20Discapacidad&#038;body=https:\/\/radiorevelacionfm.cl\/?p=24752' aria-hidden='false' data-av_icon='\ue805' data-av_iconfont='entypo-fontello' title='' data-avia-related-tooltip='Compartir por correo'><span class='avia_hidden_link_text'>Compartir por correo<\/span><\/a><\/li><\/ul><\/div><\/div>\n<div  style='height:50px' class='hr hr-invisible   avia-builder-el-8  el_after_av_social_share  el_before_av_comments_list '><span class='hr-inner ' ><span class='hr-inner-style'><\/span><\/span><\/div>\n<div  class='av-buildercomment  av-blog-meta-html-info-disabled av-blog-meta-tag-disabled  '><\/div>\n","protected":false},"excerpt":{"rendered":"","protected":false},"author":1,"featured_media":24753,"comment_status":"open","ping_status":"open","sticky":false,"template":"","format":"standard","meta":{"footnotes":""},"categories":[38],"tags":[],"class_list":["post-24752","post","type-post","status-publish","format-standard","has-post-thumbnail","hentry","category-regional"],"jetpack_featured_media_url":"https:\/\/radiorevelacionfm.cl\/wp-content\/uploads\/2022\/11\/3-96-1-1.jpg","_links":{"self":[{"href":"https:\/\/radiorevelacionfm.cl\/index.php?rest_route=\/wp\/v2\/posts\/24752","targetHints":{"allow":["GET"]}}],"collection":[{"href":"https:\/\/radiorevelacionfm.cl\/index.php?rest_route=\/wp\/v2\/posts"}],"about":[{"href":"https:\/\/radiorevelacionfm.cl\/index.php?rest_route=\/wp\/v2\/types\/post"}],"author":[{"embeddable":true,"href":"https:\/\/radiorevelacionfm.cl\/index.php?rest_route=\/wp\/v2\/users\/1"}],"replies":[{"embeddable":true,"href":"https:\/\/radiorevelacionfm.cl\/index.php?rest_route=%2Fwp%2Fv2%2Fcomments&post=24752"}],"version-history":[{"count":2,"href":"https:\/\/radiorevelacionfm.cl\/index.php?rest_route=\/wp\/v2\/posts\/24752\/revisions"}],"predecessor-version":[{"id":24763,"href":"https:\/\/radiorevelacionfm.cl\/index.php?rest_route=\/wp\/v2\/posts\/24752\/revisions\/24763"}],"wp:featuredmedia":[{"embeddable":true,"href":"https:\/\/radiorevelacionfm.cl\/index.php?rest_route=\/wp\/v2\/media\/24753"}],"wp:attachment":[{"href":"https:\/\/radiorevelacionfm.cl\/index.php?rest_route=%2Fwp%2Fv2%2Fmedia&parent=24752"}],"wp:term":[{"taxonomy":"category","embeddable":true,"href":"https:\/\/radiorevelacionfm.cl\/index.php?rest_route=%2Fwp%2Fv2%2Fcategories&post=24752"},{"taxonomy":"post_tag","embeddable":true,"href":"https:\/\/radiorevelacionfm.cl\/index.php?rest_route=%2Fwp%2Fv2%2Ftags&post=24752"}],"curies":[{"name":"wp","href":"https:\/\/api.w.org\/{rel}","templated":true}]}}