{"id":24745,"date":"2022-11-28T13:17:01","date_gmt":"2022-11-28T16:17:01","guid":{"rendered":"https:\/\/radiorevelacionfm.cl\/?p=24745"},"modified":"2022-11-28T13:17:01","modified_gmt":"2022-11-28T16:17:01","slug":"el-centro-cultural-coyhaique-fue-el-escenario-de-la-tercera-feria-literaria-seamos-comunidad","status":"publish","type":"post","link":"https:\/\/radiorevelacionfm.cl\/?p=24745","title":{"rendered":"El Centro Cultural Coyhaique fue el escenario de la tercera Feria Literaria Seamos Comunidad"},"content":{"rendered":"<div class=\"flex_column av_one_full  flex_column_div av-zero-column-padding first  avia-builder-el-0  el_before_av_one_full  avia-builder-el-first  \" style='border-radius:0px; '><div  class='avia-image-container  av-styling-    avia-builder-el-1  avia-builder-el-no-sibling  avia-align-center '  itemprop=\"image\" itemscope=\"itemscope\" itemtype=\"https:\/\/schema.org\/ImageObject\"  ><div class='avia-image-container-inner'><div class='avia-image-overlay-wrap'><img decoding=\"async\" class='wp-image-24746 avia-img-lazy-loading-not-24746 avia_image' src=\"https:\/\/radiorevelacionfm.cl\/wp-content\/uploads\/2022\/11\/Feria-Literaria-Coyhaique_01-1-1.jpg\" alt='' title='Feria Literaria Coyhaique_01 (1) (1)' height=\"600\" width=\"800\"  itemprop=\"thumbnailUrl\" srcset=\"https:\/\/radiorevelacionfm.cl\/wp-content\/uploads\/2022\/11\/Feria-Literaria-Coyhaique_01-1-1.jpg 800w, https:\/\/radiorevelacionfm.cl\/wp-content\/uploads\/2022\/11\/Feria-Literaria-Coyhaique_01-1-1-300x225.jpg 300w, https:\/\/radiorevelacionfm.cl\/wp-content\/uploads\/2022\/11\/Feria-Literaria-Coyhaique_01-1-1-768x576.jpg 768w, https:\/\/radiorevelacionfm.cl\/wp-content\/uploads\/2022\/11\/Feria-Literaria-Coyhaique_01-1-1-705x529.jpg 705w, https:\/\/radiorevelacionfm.cl\/wp-content\/uploads\/2022\/11\/Feria-Literaria-Coyhaique_01-1-1-600x450.jpg 600w\" sizes=\"(max-width: 800px) 100vw, 800px\" \/><\/div><\/div><\/div><\/div><div class=\"flex_column av_one_full  flex_column_div av-zero-column-padding first  avia-builder-el-2  el_after_av_one_full  el_before_av_one_full  column-top-margin\" style='border-radius:0px; '><section class=\"av_textblock_section \"  itemscope=\"itemscope\" itemtype=\"https:\/\/schema.org\/BlogPosting\" itemprop=\"blogPost\" ><div class='avia_textblock  '   itemprop=\"text\" ><p style=\"text-align: center;\"><strong><span style=\"font-size: 18pt;\">El Centro Cultural Coyhaique fue el escenario de la tercera Feria Literaria Seamos Comunidad<\/span><\/strong><\/p>\n<div id=\"gtx-trans\" style=\"position: absolute; left: -50px; top: 4.31534px;\">\n<div class=\"gtx-trans-icon\"><\/div>\n<\/div>\n<\/div><\/section><\/div><div class=\"flex_column av_one_full  flex_column_div av-zero-column-padding first  avia-builder-el-4  el_after_av_one_full  el_before_av_hr  column-top-margin\" style='border-radius:0px; '><section class=\"av_textblock_section \"  itemscope=\"itemscope\" itemtype=\"https:\/\/schema.org\/BlogPosting\" itemprop=\"blogPost\" ><div class='avia_textblock  '   itemprop=\"text\" ><p style=\"text-align: justify;\">El teatro, los cuenta cuentos, la premiaci\u00f3n de concurso Cuentos de Invierno y la presentaci\u00f3n de la Orquesta de la Escuela Pedro Quintana Mansilla marcaron los puntos altos de la tercera Feria Literaria Seamos Comunidad que se desarroll\u00f3 el s\u00e1bado 26 de noviembre y que tuvo como escenario el Centro Cultural Coyhaique de la capital regional.<\/p>\n<p style=\"text-align: justify;\">Desde la Plaza de Armas parti\u00f3 una alegre batucada convocando a los transe\u00fantes a sumarse a la feria. Ya en el Centro Cultural esperaban instalados los stands con las instituciones participantes:\u00a0Escuela Altamira, Liceo T\u00e9cnico Profesional Juan Pablo II, Escuela Pedro Quintana Mansilla, Colegio Trapananda, Jard\u00edn Mi Peque\u00f1a Estancia, Junji Ays\u00e9n, Fundaci\u00f3n Integra Ays\u00e9n, Editorial \u00d1ire Negro, Biblioteca Popular Trinchera Utop\u00eda, Biblioteca P\u00fablica Regional y Secreduc Ays\u00e9n.<\/p>\n<p style=\"text-align: justify;\">Inaugur\u00f3 la jornada convocada por el Mineduc la Seremi Isabel Garrido Casassa, quien record\u00f3 que esta es la tercera \u00a0de cuatro ferias literarias que se desarrollan en localidades de la cuatro provincias de la Regi\u00f3n de Ays\u00e9n y en ellas se efect\u00faan\u00a0 actividades participativas en torno a la experimentaci\u00f3n, la escritura y lectura creativas, la expresi\u00f3n corporal y la ecolog\u00eda para estudiantes y docentes, as\u00ed como talleres abiertos, procurando vincular las comunidades en distintos niveles: escolar, comunitario y territorial, integrando sus actores e instituciones en funci\u00f3n de promover la lectura y la escritura.<\/p>\n<p style=\"text-align: justify;\">Durante el desarrollo de la actividad las ni\u00f1as y ni\u00f1os m\u00e1s peque\u00f1os disfrutaron en la sala art\u00edstica del cuenta cuentos y relatos orales, y en el hall central se present\u00f3 el payador Jorge Contreras. Paralelamente, en la sala audiovisual se realiz\u00f3 la premiaci\u00f3n del concurso Cuentos de Invierno 2022 organizado por la Seremi de las Culturas Ays\u00e9n.<\/p>\n<p style=\"text-align: justify;\">En la \u00faltima parte de la feria el auditorio principal del Centro Cultural fue el escenario de la impecable presentaci\u00f3n de la Orquesta de la Escuela Pedro Quintana Mansilla y al cierre se presentaron las obras de teatro \u201cEl Cuento Selkman\u201d a cargo de la Compa\u00f1\u00eda Ramillete Clown y \u201cAtrapados\u201d de la Compa\u00f1\u00eda No M\u00e1s.<\/p>\n<p style=\"text-align: justify;\">Como en ocasiones anteriores, esta Tercera Feria Literaria Seamos Comunidad fue valorada como un valioso espacio para re conectar a la comunidad educativa con la literatura, el arte y la creatividad.<\/p>\n<p style=\"text-align: justify;\">El Payador Jorge Contreras coment\u00f3 que \u201cEstos son instancias importantes especialmente para los ni\u00f1os, y en estos tiempos donde la tecnolog\u00eda domina, se ve mucho pero se lee poco, y por eso hay que reforzar la lectura y la oralidad ya que una sociedad que se comunica bien, se desarrolla mejor. La invitaci\u00f3n es a las familias a participar en estas ferias y a incentivar a los ni\u00f1os y j\u00f3venes a dejar un rato el tel\u00e9fono y tomar un libro\u201d.<\/p>\n<p style=\"text-align: justify;\">Por su parte, el Jefe del DEPROVED Coyhaique Yoal D\u00edaz, record\u00f3 que \u201cEstas ferias se convocan en el marco de la Pol\u00edtica de Reactivaci\u00f3n Educativa Integral Seamos Comunidad impulsada por el Gobierno del Presidente Gabriel Boric y que por mandato del Ministro Marco Antonio \u00c1vila tienen un sello descentralizador. Destacamos la presencia de editoriales y artistas regionales, adem\u00e1s de la participaci\u00f3n de las Bibliotecas CRA de los colegios de la comuna lo que le da una tremenda pertinencia territorial a esta reactivaci\u00f3n educativa. Destacamos adem\u00e1s la una muy buena convocatoria que hemos tenido hoy\u201d.<\/p>\n<p style=\"text-align: justify;\">Al cierre, la Seremi de Educaci\u00f3n de Ays\u00e9n Isabel Garrido expres\u00f3: \u201cHacemos un balance muy positivo de esta tercera Feria Literaria Seamos Comunidad en Coyhaique. Nos alegra ver que en los asistentes y expositores hay mucho amor y gusto por la lectura y la escritura que es el prop\u00f3sito de este encuentro. Aprovecho de invitar a la cuarta y \u00faltima Feria Literaria Seamos Comunidad que se realizar\u00e1 el 6 de diciembre en la localidad de Puerto Ib\u00e1\u00f1ez. Sean todas y todos muy bienvenidas y bienvenidos\u201d.<\/p>\n<\/div><\/section><\/div><div  style='height:50px' class='hr hr-invisible   avia-builder-el-6  el_after_av_one_full  el_before_av_social_share '><span class='hr-inner ' ><span class='hr-inner-style'><\/span><\/span><\/div><\/p>\n<div  class='av-social-sharing-box  avia-builder-el-7  el_after_av_hr  el_before_av_hr  '><div class='av-share-box'><h5 class='av-share-link-description av-no-toc '>Compartir esta noticia<\/h5><ul class='av-share-box-list noLightbox'><li class='av-share-link av-social-link-facebook' ><a target=\"_blank\" aria-label=\"Compartir en Facebook\" href='https:\/\/www.facebook.com\/sharer.php?u=https:\/\/radiorevelacionfm.cl\/?p=24745&#038;t=El%20Centro%20Cultural%20Coyhaique%20fue%20el%20escenario%20de%20la%20tercera%20Feria%20Literaria%20Seamos%20Comunidad' aria-hidden='false' data-av_icon='\ue8f3' data-av_iconfont='entypo-fontello' title='' data-avia-related-tooltip='Compartir en Facebook' rel=\"noopener\"><span class='avia_hidden_link_text'>Compartir en Facebook<\/span><\/a><\/li><li class='av-share-link av-social-link-twitter' ><a target=\"_blank\" aria-label=\"Compartir en Twitter\" href='https:\/\/twitter.com\/share?text=El%20Centro%20Cultural%20Coyhaique%20fue%20el%20escenario%20de%20la%20tercera%20Feria%20Literaria%20Seamos%20Comunidad&#038;url=https:\/\/radiorevelacionfm.cl\/?p=24745' aria-hidden='false' data-av_icon='\ue8f1' data-av_iconfont='entypo-fontello' title='' data-avia-related-tooltip='Compartir en Twitter' rel=\"noopener\"><span class='avia_hidden_link_text'>Compartir en Twitter<\/span><\/a><\/li><li class='av-share-link av-social-link-whatsapp' ><a target=\"_blank\" aria-label=\"Compartir en Whatsapp\" href='https:\/\/api.whatsapp.com\/send?text=https:\/\/radiorevelacionfm.cl\/?p=24745' aria-hidden='false' data-av_icon='\uf232' data-av_iconfont='entypo-fontello' title='' data-avia-related-tooltip='Compartir en Whatsapp' rel=\"noopener\"><span class='avia_hidden_link_text'>Compartir en Whatsapp<\/span><\/a><\/li><li class='av-share-link av-social-link-linkedin' ><a target=\"_blank\" aria-label=\"Compartir en LinkedIn\" href='https:\/\/linkedin.com\/shareArticle?mini=true&#038;title=El%20Centro%20Cultural%20Coyhaique%20fue%20el%20escenario%20de%20la%20tercera%20Feria%20Literaria%20Seamos%20Comunidad&#038;url=https:\/\/radiorevelacionfm.cl\/?p=24745' aria-hidden='false' data-av_icon='\ue8fc' data-av_iconfont='entypo-fontello' title='' data-avia-related-tooltip='Compartir en LinkedIn' rel=\"noopener\"><span class='avia_hidden_link_text'>Compartir en LinkedIn<\/span><\/a><\/li><li class='av-share-link av-social-link-mail' ><a  aria-label=\"Compartir por correo\" href='mailto:?subject=El%20Centro%20Cultural%20Coyhaique%20fue%20el%20escenario%20de%20la%20tercera%20Feria%20Literaria%20Seamos%20Comunidad&#038;body=https:\/\/radiorevelacionfm.cl\/?p=24745' aria-hidden='false' data-av_icon='\ue805' data-av_iconfont='entypo-fontello' title='' data-avia-related-tooltip='Compartir por correo'><span class='avia_hidden_link_text'>Compartir por correo<\/span><\/a><\/li><\/ul><\/div><\/div>\n<div  style='height:50px' class='hr hr-invisible   avia-builder-el-8  el_after_av_social_share  el_before_av_comments_list '><span class='hr-inner ' ><span class='hr-inner-style'><\/span><\/span><\/div>\n<div  class='av-buildercomment  av-blog-meta-html-info-disabled av-blog-meta-tag-disabled  '><\/div>\n","protected":false},"excerpt":{"rendered":"","protected":false},"author":1,"featured_media":24746,"comment_status":"open","ping_status":"open","sticky":false,"template":"","format":"standard","meta":{"footnotes":""},"categories":[38],"tags":[],"class_list":["post-24745","post","type-post","status-publish","format-standard","has-post-thumbnail","hentry","category-regional"],"jetpack_featured_media_url":"https:\/\/radiorevelacionfm.cl\/wp-content\/uploads\/2022\/11\/Feria-Literaria-Coyhaique_01-1-1.jpg","_links":{"self":[{"href":"https:\/\/radiorevelacionfm.cl\/index.php?rest_route=\/wp\/v2\/posts\/24745","targetHints":{"allow":["GET"]}}],"collection":[{"href":"https:\/\/radiorevelacionfm.cl\/index.php?rest_route=\/wp\/v2\/posts"}],"about":[{"href":"https:\/\/radiorevelacionfm.cl\/index.php?rest_route=\/wp\/v2\/types\/post"}],"author":[{"embeddable":true,"href":"https:\/\/radiorevelacionfm.cl\/index.php?rest_route=\/wp\/v2\/users\/1"}],"replies":[{"embeddable":true,"href":"https:\/\/radiorevelacionfm.cl\/index.php?rest_route=%2Fwp%2Fv2%2Fcomments&post=24745"}],"version-history":[{"count":2,"href":"https:\/\/radiorevelacionfm.cl\/index.php?rest_route=\/wp\/v2\/posts\/24745\/revisions"}],"predecessor-version":[{"id":24748,"href":"https:\/\/radiorevelacionfm.cl\/index.php?rest_route=\/wp\/v2\/posts\/24745\/revisions\/24748"}],"wp:featuredmedia":[{"embeddable":true,"href":"https:\/\/radiorevelacionfm.cl\/index.php?rest_route=\/wp\/v2\/media\/24746"}],"wp:attachment":[{"href":"https:\/\/radiorevelacionfm.cl\/index.php?rest_route=%2Fwp%2Fv2%2Fmedia&parent=24745"}],"wp:term":[{"taxonomy":"category","embeddable":true,"href":"https:\/\/radiorevelacionfm.cl\/index.php?rest_route=%2Fwp%2Fv2%2Fcategories&post=24745"},{"taxonomy":"post_tag","embeddable":true,"href":"https:\/\/radiorevelacionfm.cl\/index.php?rest_route=%2Fwp%2Fv2%2Ftags&post=24745"}],"curies":[{"name":"wp","href":"https:\/\/api.w.org\/{rel}","templated":true}]}}