{"id":24742,"date":"2022-11-28T14:22:46","date_gmt":"2022-11-28T17:22:46","guid":{"rendered":"https:\/\/radiorevelacionfm.cl\/?p=24742"},"modified":"2022-11-28T14:22:46","modified_gmt":"2022-11-28T17:22:46","slug":"se-encuentran-abiertas-las-inscripciones-para-los-cursos-de-buzo-mariscador-intermedio-y-buzo-comercial","status":"publish","type":"post","link":"https:\/\/radiorevelacionfm.cl\/?p=24742","title":{"rendered":"Se encuentran abiertas las inscripciones para los cursos de buzo mariscador, intermedio y buzo comercial."},"content":{"rendered":"<div class=\"flex_column av_one_full  flex_column_div av-zero-column-padding first  avia-builder-el-0  el_before_av_one_full  avia-builder-el-first  \" style='border-radius:0px; '><div  class='avia-image-container  av-styling-    avia-builder-el-1  avia-builder-el-no-sibling  avia-align-center '  itemprop=\"image\" itemscope=\"itemscope\" itemtype=\"https:\/\/schema.org\/ImageObject\"  ><div class='avia-image-container-inner'><div class='avia-image-overlay-wrap'><img decoding=\"async\" class='wp-image-24743 avia-img-lazy-loading-not-24743 avia_image' src=\"https:\/\/radiorevelacionfm.cl\/wp-content\/uploads\/2022\/11\/dsc01763-1_optimized.jpg\" alt='' title='dsc01763-(1)_optimized' height=\"600\" width=\"800\"  itemprop=\"thumbnailUrl\" srcset=\"https:\/\/radiorevelacionfm.cl\/wp-content\/uploads\/2022\/11\/dsc01763-1_optimized.jpg 800w, https:\/\/radiorevelacionfm.cl\/wp-content\/uploads\/2022\/11\/dsc01763-1_optimized-300x225.jpg 300w, https:\/\/radiorevelacionfm.cl\/wp-content\/uploads\/2022\/11\/dsc01763-1_optimized-768x576.jpg 768w, https:\/\/radiorevelacionfm.cl\/wp-content\/uploads\/2022\/11\/dsc01763-1_optimized-705x529.jpg 705w, https:\/\/radiorevelacionfm.cl\/wp-content\/uploads\/2022\/11\/dsc01763-1_optimized-600x450.jpg 600w\" sizes=\"(max-width: 800px) 100vw, 800px\" \/><\/div><\/div><\/div><\/div><div class=\"flex_column av_one_full  flex_column_div av-zero-column-padding first  avia-builder-el-2  el_after_av_one_full  el_before_av_one_full  column-top-margin\" style='border-radius:0px; '><section class=\"av_textblock_section \"  itemscope=\"itemscope\" itemtype=\"https:\/\/schema.org\/BlogPosting\" itemprop=\"blogPost\" ><div class='avia_textblock  '   itemprop=\"text\" ><p style=\"text-align: center;\"><strong><span style=\"font-size: 18pt;\">Se encuentran abiertas las inscripciones para los cursos de buzo mariscador, intermedio y buzo comercial.<\/span><\/strong><\/p>\n<div id=\"gtx-trans\" style=\"position: absolute; left: -50px; top: 4.31534px;\">\n<div class=\"gtx-trans-icon\"><\/div>\n<\/div>\n<\/div><\/section><\/div><div class=\"flex_column av_one_full  flex_column_div av-zero-column-padding first  avia-builder-el-4  el_after_av_one_full  el_before_av_hr  column-top-margin\" style='border-radius:0px; '><section class=\"av_textblock_section \"  itemscope=\"itemscope\" itemtype=\"https:\/\/schema.org\/BlogPosting\" itemprop=\"blogPost\" ><div class='avia_textblock  '   itemprop=\"text\" ><p style=\"text-align: justify;\">Este 15 de diciembre se inicia un nuevo curso para la formaci\u00f3n de buzos mariscadores, intermedios y buzos comerciales que ser\u00e1 dictado por instructores profesionales, ingenieros y profesores universitarios con a\u00f1os de experiencia en el rubro; este curso tambi\u00e9n est\u00e1 dise\u00f1ado para preparar a los alumnos para rendir los ex\u00e1menes que requiere la autoridad mar\u00edtima al ejercer este oficio, para lo cual la instituci\u00f3n de capacitaci\u00f3n pone a disposici\u00f3n de los participantes los equipos necesarios para rendir estos ex\u00e1menes.<\/p>\n<p style=\"text-align: justify;\">La malla de formaci\u00f3n incluye clases de reforzamiento individual y horarios flexibles, para las clases te\u00f3ricas la modalidad es presencial u on-line en una plataforma de e-learning dise\u00f1ada para aquellos interesados que viven y\/o trabajan en zonas remotas o con mala se\u00f1al del internet.<\/p>\n<p style=\"text-align: justify;\">Al respecto, Victor Vergara, Instructor de Buzos comerciales de la instituci\u00f3n de capacitaci\u00f3n, nos coment\u00f3: \u201cE-Buceo es una empresa dedicada a la formaci\u00f3n y capacitaci\u00f3n de buzos mariscadores b\u00e1sicos e intermedios y buzos comerciales y este fin de a\u00f1o hemos decidido trasladarnos a Puerto Ays\u00e9n para presentar esta alternativa de formaci\u00f3n de un oficio muy demandando en la regi\u00f3n, contamos con un grupo humano de instructores y profesores con basta experiencia y con equipos disponibles para la ense\u00f1anza pr\u00e1ctica de la actividad de buceo\u201d, adem\u00e1s se\u00f1al\u00f3: \u201cLa actividad de formaci\u00f3n est\u00e1 pensada para desarrollarse en Puerto Ays\u00e9n, pero si existe un n\u00famero suficiente de interesados en otras localidades de la provincia, o incluso de la regi\u00f3n, perfectamente podemos explorar el desplazarnos hacia esas localidades, no obstante, contamos con una plataforma e-learning dise\u00f1ada para la entrega de los contenidos te\u00f3ricos de la formaci\u00f3n que posibilita incluso el acceso a los cursos de alumnos que se encuentren en zonas muy remotas o con mala se\u00f1al de internet\u201d.<\/p>\n<p style=\"text-align: justify;\">Preguntado respecto a los requisitos y la duraci\u00f3n de la formaci\u00f3n, Vergara se\u00f1al\u00f3: \u201cEste curso parte el 15 de diciembre y est\u00e1 dise\u00f1ado para que los alumnos puedan rendir los ex\u00e1menes que los habiliten ante la autoridad mar\u00edtima el pr\u00f3ximo mes de abril, la duraci\u00f3n del plan de ense\u00f1anza oscila entre 120 a 200 horas dependiendo del tipo de curso; como requisitos b\u00e1sicos: es necesario ser mayor de edad, saber nadar y tener salud compatible con las actividades al aire libre, se encuentra mayor informaci\u00f3n y tambien pueden registrarse en la web <a href=\"https:\/\/ebuceo.cl\/cursos\/\">https:\/\/ebuceo.cl\/cursos\/<\/a> o contactarse al celular +56 99 22 33 015\u201d.<\/p>\n<\/div><\/section><\/div><div  style='height:50px' class='hr hr-invisible   avia-builder-el-6  el_after_av_one_full  el_before_av_social_share '><span class='hr-inner ' ><span class='hr-inner-style'><\/span><\/span><\/div><\/p>\n<div  class='av-social-sharing-box  avia-builder-el-7  el_after_av_hr  el_before_av_hr  '><div class='av-share-box'><h5 class='av-share-link-description av-no-toc '>Compartir esta noticia<\/h5><ul class='av-share-box-list noLightbox'><li class='av-share-link av-social-link-facebook' ><a target=\"_blank\" aria-label=\"Compartir en Facebook\" href='https:\/\/www.facebook.com\/sharer.php?u=https:\/\/radiorevelacionfm.cl\/?p=24742&#038;t=Se%20encuentran%20abiertas%20las%20inscripciones%20para%20los%20cursos%20de%20buzo%20mariscador%2C%20intermedio%20y%20buzo%20comercial.' aria-hidden='false' data-av_icon='\ue8f3' data-av_iconfont='entypo-fontello' title='' data-avia-related-tooltip='Compartir en Facebook' rel=\"noopener\"><span class='avia_hidden_link_text'>Compartir en Facebook<\/span><\/a><\/li><li class='av-share-link av-social-link-twitter' ><a target=\"_blank\" aria-label=\"Compartir en Twitter\" href='https:\/\/twitter.com\/share?text=Se%20encuentran%20abiertas%20las%20inscripciones%20para%20los%20cursos%20de%20buzo%20mariscador%2C%20intermedio%20y%20buzo%20comercial.&#038;url=https:\/\/radiorevelacionfm.cl\/?p=24742' aria-hidden='false' data-av_icon='\ue8f1' data-av_iconfont='entypo-fontello' title='' data-avia-related-tooltip='Compartir en Twitter' rel=\"noopener\"><span class='avia_hidden_link_text'>Compartir en Twitter<\/span><\/a><\/li><li class='av-share-link av-social-link-whatsapp' ><a target=\"_blank\" aria-label=\"Compartir en Whatsapp\" href='https:\/\/api.whatsapp.com\/send?text=https:\/\/radiorevelacionfm.cl\/?p=24742' aria-hidden='false' data-av_icon='\uf232' data-av_iconfont='entypo-fontello' title='' data-avia-related-tooltip='Compartir en Whatsapp' rel=\"noopener\"><span class='avia_hidden_link_text'>Compartir en Whatsapp<\/span><\/a><\/li><li class='av-share-link av-social-link-linkedin' ><a target=\"_blank\" aria-label=\"Compartir en LinkedIn\" href='https:\/\/linkedin.com\/shareArticle?mini=true&#038;title=Se%20encuentran%20abiertas%20las%20inscripciones%20para%20los%20cursos%20de%20buzo%20mariscador%2C%20intermedio%20y%20buzo%20comercial.&#038;url=https:\/\/radiorevelacionfm.cl\/?p=24742' aria-hidden='false' data-av_icon='\ue8fc' data-av_iconfont='entypo-fontello' title='' data-avia-related-tooltip='Compartir en LinkedIn' rel=\"noopener\"><span class='avia_hidden_link_text'>Compartir en LinkedIn<\/span><\/a><\/li><li class='av-share-link av-social-link-mail' ><a  aria-label=\"Compartir por correo\" href='mailto:?subject=Se%20encuentran%20abiertas%20las%20inscripciones%20para%20los%20cursos%20de%20buzo%20mariscador%2C%20intermedio%20y%20buzo%20comercial.&#038;body=https:\/\/radiorevelacionfm.cl\/?p=24742' aria-hidden='false' data-av_icon='\ue805' data-av_iconfont='entypo-fontello' title='' data-avia-related-tooltip='Compartir por correo'><span class='avia_hidden_link_text'>Compartir por correo<\/span><\/a><\/li><\/ul><\/div><\/div>\n<div  style='height:50px' class='hr hr-invisible   avia-builder-el-8  el_after_av_social_share  el_before_av_comments_list '><span class='hr-inner ' ><span class='hr-inner-style'><\/span><\/span><\/div>\n<div  class='av-buildercomment  av-blog-meta-html-info-disabled av-blog-meta-tag-disabled  '><\/div>\n","protected":false},"excerpt":{"rendered":"","protected":false},"author":1,"featured_media":24743,"comment_status":"open","ping_status":"open","sticky":false,"template":"","format":"standard","meta":{"footnotes":""},"categories":[38],"tags":[],"class_list":["post-24742","post","type-post","status-publish","format-standard","has-post-thumbnail","hentry","category-regional"],"jetpack_featured_media_url":"https:\/\/radiorevelacionfm.cl\/wp-content\/uploads\/2022\/11\/dsc01763-1_optimized.jpg","_links":{"self":[{"href":"https:\/\/radiorevelacionfm.cl\/index.php?rest_route=\/wp\/v2\/posts\/24742","targetHints":{"allow":["GET"]}}],"collection":[{"href":"https:\/\/radiorevelacionfm.cl\/index.php?rest_route=\/wp\/v2\/posts"}],"about":[{"href":"https:\/\/radiorevelacionfm.cl\/index.php?rest_route=\/wp\/v2\/types\/post"}],"author":[{"embeddable":true,"href":"https:\/\/radiorevelacionfm.cl\/index.php?rest_route=\/wp\/v2\/users\/1"}],"replies":[{"embeddable":true,"href":"https:\/\/radiorevelacionfm.cl\/index.php?rest_route=%2Fwp%2Fv2%2Fcomments&post=24742"}],"version-history":[{"count":2,"href":"https:\/\/radiorevelacionfm.cl\/index.php?rest_route=\/wp\/v2\/posts\/24742\/revisions"}],"predecessor-version":[{"id":24751,"href":"https:\/\/radiorevelacionfm.cl\/index.php?rest_route=\/wp\/v2\/posts\/24742\/revisions\/24751"}],"wp:featuredmedia":[{"embeddable":true,"href":"https:\/\/radiorevelacionfm.cl\/index.php?rest_route=\/wp\/v2\/media\/24743"}],"wp:attachment":[{"href":"https:\/\/radiorevelacionfm.cl\/index.php?rest_route=%2Fwp%2Fv2%2Fmedia&parent=24742"}],"wp:term":[{"taxonomy":"category","embeddable":true,"href":"https:\/\/radiorevelacionfm.cl\/index.php?rest_route=%2Fwp%2Fv2%2Fcategories&post=24742"},{"taxonomy":"post_tag","embeddable":true,"href":"https:\/\/radiorevelacionfm.cl\/index.php?rest_route=%2Fwp%2Fv2%2Ftags&post=24742"}],"curies":[{"name":"wp","href":"https:\/\/api.w.org\/{rel}","templated":true}]}}