{"id":2474,"date":"2021-02-08T21:03:16","date_gmt":"2021-02-09T00:03:16","guid":{"rendered":"https:\/\/radiorevelacionfm.cl\/?p=2474"},"modified":"2021-02-08T21:03:16","modified_gmt":"2021-02-09T00:03:16","slug":"senador-sandoval-hoy-la-industria-salmonera-no-puede-estar-ajena-a-la-urgencia-de-las-necesidades-de-un-compromiso-colectivo-con-la-region-de-aysen","status":"publish","type":"post","link":"https:\/\/radiorevelacionfm.cl\/?p=2474","title":{"rendered":"Senador Sandoval: \u201cHoy la industria salmonera no puede estar ajena a la urgencia de las necesidades de un compromiso colectivo con la regi\u00f3n de Ays\u00e9n\u201d"},"content":{"rendered":"<div class=\"flex_column av_one_full  flex_column_div av-zero-column-padding first  avia-builder-el-0  el_before_av_one_full  avia-builder-el-first  \" style='border-radius:0px; '><div  class='avia-image-container  av-styling-    avia-builder-el-1  avia-builder-el-no-sibling  avia-align-center '  itemprop=\"image\" itemscope=\"itemscope\" itemtype=\"https:\/\/schema.org\/ImageObject\"  ><div class='avia-image-container-inner'><div class='avia-image-overlay-wrap'><img decoding=\"async\" class='wp-image-0 avia-img-lazy-loading-not-0 avia_image' src=\"https:\/\/radiorevelacionfm.cl\/wp-content\/uploads\/2021\/02\/Senador-Sandoval1.jpg\" alt='' title=''   itemprop=\"thumbnailUrl\"  \/><\/div><\/div><\/div><\/div><div class=\"flex_column av_one_full  flex_column_div av-zero-column-padding first  avia-builder-el-2  el_after_av_one_full  el_before_av_one_full  column-top-margin\" style='border-radius:0px; '><section class=\"av_textblock_section \"  itemscope=\"itemscope\" itemtype=\"https:\/\/schema.org\/BlogPosting\" itemprop=\"blogPost\" ><div class='avia_textblock  '   itemprop=\"text\" ><p style=\"text-align: center;\"><span style=\"font-size: 18pt;\"><strong>Senador Sandoval: \u201cHoy la industria salmonera no puede estar ajena a la urgencia de las necesidades de un compromiso colectivo con la regi\u00f3n de Ays\u00e9n\u201d<\/strong><\/span><\/p>\n<div id=\"gtx-trans\" style=\"position: absolute; left: -50px; top: 4.31534px;\">\n<div class=\"gtx-trans-icon\"><\/div>\n<\/div>\n<\/div><\/section><\/div><div class=\"flex_column av_one_full  flex_column_div av-zero-column-padding first  avia-builder-el-4  el_after_av_one_full  el_before_av_hr  column-top-margin\" style='border-radius:0px; '><section class=\"av_textblock_section \"  itemscope=\"itemscope\" itemtype=\"https:\/\/schema.org\/BlogPosting\" itemprop=\"blogPost\" ><div class='avia_textblock  '   itemprop=\"text\" ><p style=\"text-align: justify;\"><em>Parlamentario reiter\u00f3 la importancia que tiene la industria a nivel regional, se\u00f1alando que si bien ha sido afectada por la pandemia, sus efectos no son los mismos que han sufrido otros sectores, entre ellos, el turismo.<\/em><\/p>\n<p style=\"text-align: justify;\">\u201cLos salmoneros tienen una tremenda responsabilidad como industria, siendo la actividad econ\u00f3mica m\u00e1s relevante que se ejecuta en la zona austral y particularmente en la regi\u00f3n de Ays\u00e9n\u201d. As\u00ed lo afirm\u00f3 el senador David Sandoval al referirse a la importancia que tiene la industria para la zona, m\u00e1s a\u00fan considerando los efectos de la pandemia.<\/p>\n<p style=\"text-align: justify;\">A juicio de Sandoval, la actividad salmonera es una de las que genera mayor impacto econ\u00f3mico y si bien \u00e9sta ha estado afectada por los problemas de la pandemia, \u201cno deja de ser cierto que las afectaciones no han tenido el impacto como en otras actividades, entre ellas el turismo\u201d.<\/p>\n<p style=\"text-align: justify;\">En esa l\u00ednea, el parlamentario record\u00f3 que existe un protocolo suscrito por la propia industria, donde existe un compromiso con la regi\u00f3n, sumado a los esfuerzos que est\u00e1n haciendo los entes p\u00fablicos, entre ellos Corfo. \u201cHay que entender que hoy la industria no puede estar ajena a la urgencia de las necesidades de un compromiso colectivo con la regi\u00f3n de Ays\u00e9n\u201d, indic\u00f3.<\/p>\n<p style=\"text-align: justify;\">\u201cSon las crisis las que demuestran la verdadera dimensi\u00f3n y disposici\u00f3n de las empresas para una regi\u00f3n como Ays\u00e9n\u201d, agreg\u00f3.<\/p>\n<p style=\"text-align: justify;\">Para el legislador, lo que se busca es que la industria articule y genere todas las externalidades\u00a0posibles para incorporar masivamente a prestadores de servicios regionales hacia la salmonicultura.\u00a0\u201cNada justifica tener actividades de peque\u00f1os y mediano emprendedores sin una activaci\u00f3n econ\u00f3mica asociado a esta industria\u201d, puntualiz\u00f3.<\/p>\n<p style=\"text-align: justify;\">A juicio del senador Sandoval \u201cuna industria no comprometida con el desarrollo regional ni sus tem\u00e1ticas regionales, no se justifica\u201d, lo que se\u00f1ala \u201cser\u00eda un p\u00e9simo error de visi\u00f3n estrat\u00e9gica de no tener esta mirada de positiva complicidad con la regi\u00f3n y con sus prestadores regionales\u201d.<\/p>\n<p style=\"text-align: justify;\">Por \u00faltimo, el parlamentario recalc\u00f3 que existe una multiplicidad de alternativas a las que se pueden acceder, subrayando que \u201cnecesitamos una industria comprometida con la regi\u00f3n, con sus prestadores y siendo un motor en la articulaci\u00f3n de cada vez m\u00e1s crecientes actividades de prestadores regionales, con el desarrollo de la actividad en la zona austral\u201d.<\/p>\n<\/div><\/section><\/div><div  style='height:50px' class='hr hr-invisible   avia-builder-el-6  el_after_av_one_full  el_before_av_social_share '><span class='hr-inner ' ><span class='hr-inner-style'><\/span><\/span><\/div><\/p>\n<div  class='av-social-sharing-box  avia-builder-el-7  el_after_av_hr  el_before_av_hr  '><div class='av-share-box'><h5 class='av-share-link-description av-no-toc '>Compartir esta noticia<\/h5><ul class='av-share-box-list noLightbox'><li class='av-share-link av-social-link-facebook' ><a target=\"_blank\" aria-label=\"Compartir en Facebook\" href='https:\/\/www.facebook.com\/sharer.php?u=https:\/\/radiorevelacionfm.cl\/?p=2474&#038;t=Senador%20Sandoval%3A%20%E2%80%9CHoy%20la%20industria%20salmonera%20no%20puede%20estar%20ajena%20a%20la%20urgencia%20de%20las%20necesidades%20de%20un%20compromiso%20colectivo%20con%20la%20regi%C3%B3n%20de%20Ays%C3%A9n%E2%80%9D' aria-hidden='false' data-av_icon='\ue8f3' data-av_iconfont='entypo-fontello' title='' data-avia-related-tooltip='Compartir en Facebook' rel=\"noopener\"><span class='avia_hidden_link_text'>Compartir en Facebook<\/span><\/a><\/li><li class='av-share-link av-social-link-twitter' ><a target=\"_blank\" aria-label=\"Compartir en Twitter\" href='https:\/\/twitter.com\/share?text=Senador%20Sandoval%3A%20%E2%80%9CHoy%20la%20industria%20salmonera%20no%20puede%20estar%20ajena%20a%20la%20urgencia%20de%20las%20necesidades%20de%20un%20compromiso%20colectivo%20con%20la%20regi%C3%B3n%20de%20Ays%C3%A9n%E2%80%9D&#038;url=https:\/\/radiorevelacionfm.cl\/?p=2474' aria-hidden='false' data-av_icon='\ue8f1' data-av_iconfont='entypo-fontello' title='' data-avia-related-tooltip='Compartir en Twitter' rel=\"noopener\"><span class='avia_hidden_link_text'>Compartir en Twitter<\/span><\/a><\/li><li class='av-share-link av-social-link-whatsapp' ><a target=\"_blank\" aria-label=\"Compartir en Whatsapp\" href='https:\/\/api.whatsapp.com\/send?text=https:\/\/radiorevelacionfm.cl\/?p=2474' aria-hidden='false' data-av_icon='\uf232' data-av_iconfont='entypo-fontello' title='' data-avia-related-tooltip='Compartir en Whatsapp' rel=\"noopener\"><span class='avia_hidden_link_text'>Compartir en Whatsapp<\/span><\/a><\/li><li class='av-share-link av-social-link-linkedin' ><a target=\"_blank\" aria-label=\"Compartir en LinkedIn\" href='https:\/\/linkedin.com\/shareArticle?mini=true&#038;title=Senador%20Sandoval%3A%20%E2%80%9CHoy%20la%20industria%20salmonera%20no%20puede%20estar%20ajena%20a%20la%20urgencia%20de%20las%20necesidades%20de%20un%20compromiso%20colectivo%20con%20la%20regi%C3%B3n%20de%20Ays%C3%A9n%E2%80%9D&#038;url=https:\/\/radiorevelacionfm.cl\/?p=2474' aria-hidden='false' data-av_icon='\ue8fc' data-av_iconfont='entypo-fontello' title='' data-avia-related-tooltip='Compartir en LinkedIn' rel=\"noopener\"><span class='avia_hidden_link_text'>Compartir en LinkedIn<\/span><\/a><\/li><li class='av-share-link av-social-link-mail' ><a  aria-label=\"Compartir por correo\" href='mailto:?subject=Senador%20Sandoval%3A%20%E2%80%9CHoy%20la%20industria%20salmonera%20no%20puede%20estar%20ajena%20a%20la%20urgencia%20de%20las%20necesidades%20de%20un%20compromiso%20colectivo%20con%20la%20regi%C3%B3n%20de%20Ays%C3%A9n%E2%80%9D&#038;body=https:\/\/radiorevelacionfm.cl\/?p=2474' aria-hidden='false' data-av_icon='\ue805' data-av_iconfont='entypo-fontello' title='' data-avia-related-tooltip='Compartir por correo'><span class='avia_hidden_link_text'>Compartir por correo<\/span><\/a><\/li><\/ul><\/div><\/div>\n<div  style='height:50px' class='hr hr-invisible   avia-builder-el-8  el_after_av_social_share  el_before_av_comments_list '><span class='hr-inner ' ><span class='hr-inner-style'><\/span><\/span><\/div>\n<div  class='av-buildercomment  av-blog-meta-html-info-disabled av-blog-meta-tag-disabled  '><\/div>\n","protected":false},"excerpt":{"rendered":"","protected":false},"author":1,"featured_media":0,"comment_status":"open","ping_status":"open","sticky":false,"template":"","format":"standard","meta":{"footnotes":""},"categories":[35],"tags":[],"class_list":["post-2474","post","type-post","status-publish","format-standard","hentry","category-politica"],"jetpack_featured_media_url":"","_links":{"self":[{"href":"https:\/\/radiorevelacionfm.cl\/index.php?rest_route=\/wp\/v2\/posts\/2474","targetHints":{"allow":["GET"]}}],"collection":[{"href":"https:\/\/radiorevelacionfm.cl\/index.php?rest_route=\/wp\/v2\/posts"}],"about":[{"href":"https:\/\/radiorevelacionfm.cl\/index.php?rest_route=\/wp\/v2\/types\/post"}],"author":[{"embeddable":true,"href":"https:\/\/radiorevelacionfm.cl\/index.php?rest_route=\/wp\/v2\/users\/1"}],"replies":[{"embeddable":true,"href":"https:\/\/radiorevelacionfm.cl\/index.php?rest_route=%2Fwp%2Fv2%2Fcomments&post=2474"}],"version-history":[{"count":1,"href":"https:\/\/radiorevelacionfm.cl\/index.php?rest_route=\/wp\/v2\/posts\/2474\/revisions"}],"predecessor-version":[{"id":2476,"href":"https:\/\/radiorevelacionfm.cl\/index.php?rest_route=\/wp\/v2\/posts\/2474\/revisions\/2476"}],"wp:attachment":[{"href":"https:\/\/radiorevelacionfm.cl\/index.php?rest_route=%2Fwp%2Fv2%2Fmedia&parent=2474"}],"wp:term":[{"taxonomy":"category","embeddable":true,"href":"https:\/\/radiorevelacionfm.cl\/index.php?rest_route=%2Fwp%2Fv2%2Fcategories&post=2474"},{"taxonomy":"post_tag","embeddable":true,"href":"https:\/\/radiorevelacionfm.cl\/index.php?rest_route=%2Fwp%2Fv2%2Ftags&post=2474"}],"curies":[{"name":"wp","href":"https:\/\/api.w.org\/{rel}","templated":true}]}}