{"id":24728,"date":"2022-11-28T20:01:02","date_gmt":"2022-11-28T23:01:02","guid":{"rendered":"https:\/\/radiorevelacionfm.cl\/?p=24728"},"modified":"2022-11-28T20:01:02","modified_gmt":"2022-11-28T23:01:02","slug":"sumate-al-taller-de-formulacion-de-proyectos-de-injuv-y-la-dos","status":"publish","type":"post","link":"https:\/\/radiorevelacionfm.cl\/?p=24728","title":{"rendered":"S\u00famate al taller de formulaci\u00f3n de proyectos de INJUV y la DOS"},"content":{"rendered":"<div class=\"flex_column av_one_full  flex_column_div av-zero-column-padding first  avia-builder-el-0  el_before_av_one_full  avia-builder-el-first  \" style='border-radius:0px; '><div  class='avia-image-container  av-styling-    avia-builder-el-1  avia-builder-el-no-sibling  avia-align-center '  itemprop=\"image\" itemscope=\"itemscope\" itemtype=\"https:\/\/schema.org\/ImageObject\"  ><div class='avia-image-container-inner'><div class='avia-image-overlay-wrap'><img decoding=\"async\" class='wp-image-24729 avia-img-lazy-loading-not-24729 avia_image' src=\"https:\/\/radiorevelacionfm.cl\/wp-content\/uploads\/2022\/11\/FondosProyectos-2022-1-1.png\" alt='' title='FondosProyectos-2022 (1) (1)' height=\"600\" width=\"480\"  itemprop=\"thumbnailUrl\" srcset=\"https:\/\/radiorevelacionfm.cl\/wp-content\/uploads\/2022\/11\/FondosProyectos-2022-1-1.png 480w, https:\/\/radiorevelacionfm.cl\/wp-content\/uploads\/2022\/11\/FondosProyectos-2022-1-1-240x300.png 240w\" sizes=\"(max-width: 480px) 100vw, 480px\" \/><\/div><\/div><\/div><\/div><div class=\"flex_column av_one_full  flex_column_div av-zero-column-padding first  avia-builder-el-2  el_after_av_one_full  el_before_av_one_full  column-top-margin\" style='border-radius:0px; '><section class=\"av_textblock_section \"  itemscope=\"itemscope\" itemtype=\"https:\/\/schema.org\/BlogPosting\" itemprop=\"blogPost\" ><div class='avia_textblock  '   itemprop=\"text\" ><p style=\"text-align: center;\"><span style=\"font-size: 18pt;\"><strong>S\u00famate al taller de formulaci\u00f3n de proyectos de INJUV y la DOS<\/strong><\/span><\/p>\n<div id=\"gtx-trans\" style=\"position: absolute; left: -50px; top: 4.31534px;\">\n<div class=\"gtx-trans-icon\"><\/div>\n<\/div>\n<\/div><\/section><\/div><div class=\"flex_column av_one_full  flex_column_div av-zero-column-padding first  avia-builder-el-4  el_after_av_one_full  el_before_av_hr  column-top-margin\" style='border-radius:0px; '><section class=\"av_textblock_section \"  itemscope=\"itemscope\" itemtype=\"https:\/\/schema.org\/BlogPosting\" itemprop=\"blogPost\" ><div class='avia_textblock  '   itemprop=\"text\" ><p style=\"text-align: justify;\">Si perteneces a una organizaci\u00f3n sin fines de lucro y te gustar\u00eda formular un proyecto de intervenci\u00f3n social, pero te falta financiamiento y no tienes claro c\u00f3mo postular a fondos concursables, entonces este taller organizado por la Divisi\u00f3n de Organizaciones Sociales (DOS) y el Instituto Nacional de la Juventud (INJUV) es para ti.<\/p>\n<p style=\"text-align: justify;\">En el Curso Online de Formulaci\u00f3n de Proyectos 2022 conocer\u00e1s herramientas y estrategias para la formulaci\u00f3n de proyectos sociales. Esto, con el objetivo de facilitar las postulaciones a fondos concursables que te permitan llevar a cabo tus iniciativas sociales o las de la organizaci\u00f3n a la que perteneces.<\/p>\n<p style=\"text-align: justify;\">\u201cEl dise\u00f1o de proyectos sociales y las estrategias para llevarlos a cabo son clave para el \u00e9xito de una organizaci\u00f3n sin fines de lucro. Por eso nos parece muy importante poner a disposici\u00f3n de las juventudes este taller junto a la experiencia de la Divisi\u00f3n de Organizaciones Sociales\u201d, explica la directora regional\u00a0 (s) de INJUV, G\u00e9nesis Arias Fuentes.<\/p>\n<p style=\"text-align: justify;\">En tanto, la Seremi de Gobierno, Tatiana a Pl\u00e1, indic\u00f3 que \u201csi perteneces a una organizaci\u00f3n sin fines de lucro y te gustar\u00eda formular un proyecto de intervenci\u00f3n social pero te falta financiamiento y no tienes claro como postular a fondos concursables, entonces te invitamos desde la Divisi\u00f3n de Organizaciones Sociales en convenio con INJUV a informarte y participar de estos cursos online de formulaci\u00f3n de proyectos, conocer\u00e1s herramientas y estrategias para formular proyectos sociales\u201d.<\/p>\n<p style=\"text-align: justify;\"><strong>\u00bfC\u00f3mo participar?<\/strong><\/p>\n<p style=\"text-align: justify;\">Para acceder tienes que inscribirte en el formulario para una de las dos fechas en las que se llevar\u00e1 a cabo el curso:<\/p>\n<p style=\"text-align: justify;\">&#8211; Martes 06 de Diciembre a las 18:30 horas.<\/p>\n<p style=\"text-align: justify;\">&#8211; Mi\u00e9rcoles 07 de Diciembre a las 18:30 horas.<\/p>\n<p style=\"text-align: justify;\">Accede al formulario a trav\u00e9s de este link: <a href=\"https:\/\/extranet.injuv.gob.cl\/taller_formulacion_proyectos\/\">https:\/\/extranet.injuv.gob.cl\/taller_formulacion_proyectos\/<\/a><\/p>\n<\/div><\/section><\/div><div  style='height:50px' class='hr hr-invisible   avia-builder-el-6  el_after_av_one_full  el_before_av_social_share '><span class='hr-inner ' ><span class='hr-inner-style'><\/span><\/span><\/div><\/p>\n<div  class='av-social-sharing-box  avia-builder-el-7  el_after_av_hr  el_before_av_hr  '><div class='av-share-box'><h5 class='av-share-link-description av-no-toc '>Compartir esta noticia<\/h5><ul class='av-share-box-list noLightbox'><li class='av-share-link av-social-link-facebook' ><a target=\"_blank\" aria-label=\"Compartir en Facebook\" href='https:\/\/www.facebook.com\/sharer.php?u=https:\/\/radiorevelacionfm.cl\/?p=24728&#038;t=S%C3%BAmate%20al%20taller%20de%20formulaci%C3%B3n%20de%20proyectos%20de%20INJUV%20y%20la%20DOS' aria-hidden='false' data-av_icon='\ue8f3' data-av_iconfont='entypo-fontello' title='' data-avia-related-tooltip='Compartir en Facebook' rel=\"noopener\"><span class='avia_hidden_link_text'>Compartir en Facebook<\/span><\/a><\/li><li class='av-share-link av-social-link-twitter' ><a target=\"_blank\" aria-label=\"Compartir en Twitter\" href='https:\/\/twitter.com\/share?text=S%C3%BAmate%20al%20taller%20de%20formulaci%C3%B3n%20de%20proyectos%20de%20INJUV%20y%20la%20DOS&#038;url=https:\/\/radiorevelacionfm.cl\/?p=24728' aria-hidden='false' data-av_icon='\ue8f1' data-av_iconfont='entypo-fontello' title='' data-avia-related-tooltip='Compartir en Twitter' rel=\"noopener\"><span class='avia_hidden_link_text'>Compartir en Twitter<\/span><\/a><\/li><li class='av-share-link av-social-link-whatsapp' ><a target=\"_blank\" aria-label=\"Compartir en Whatsapp\" href='https:\/\/api.whatsapp.com\/send?text=https:\/\/radiorevelacionfm.cl\/?p=24728' aria-hidden='false' data-av_icon='\uf232' data-av_iconfont='entypo-fontello' title='' data-avia-related-tooltip='Compartir en Whatsapp' rel=\"noopener\"><span class='avia_hidden_link_text'>Compartir en Whatsapp<\/span><\/a><\/li><li class='av-share-link av-social-link-linkedin' ><a target=\"_blank\" aria-label=\"Compartir en LinkedIn\" href='https:\/\/linkedin.com\/shareArticle?mini=true&#038;title=S%C3%BAmate%20al%20taller%20de%20formulaci%C3%B3n%20de%20proyectos%20de%20INJUV%20y%20la%20DOS&#038;url=https:\/\/radiorevelacionfm.cl\/?p=24728' aria-hidden='false' data-av_icon='\ue8fc' data-av_iconfont='entypo-fontello' title='' data-avia-related-tooltip='Compartir en LinkedIn' rel=\"noopener\"><span class='avia_hidden_link_text'>Compartir en LinkedIn<\/span><\/a><\/li><li class='av-share-link av-social-link-mail' ><a  aria-label=\"Compartir por correo\" href='mailto:?subject=S%C3%BAmate%20al%20taller%20de%20formulaci%C3%B3n%20de%20proyectos%20de%20INJUV%20y%20la%20DOS&#038;body=https:\/\/radiorevelacionfm.cl\/?p=24728' aria-hidden='false' data-av_icon='\ue805' data-av_iconfont='entypo-fontello' title='' data-avia-related-tooltip='Compartir por correo'><span class='avia_hidden_link_text'>Compartir por correo<\/span><\/a><\/li><\/ul><\/div><\/div>\n<div  style='height:50px' class='hr hr-invisible   avia-builder-el-8  el_after_av_social_share  el_before_av_comments_list '><span class='hr-inner ' ><span class='hr-inner-style'><\/span><\/span><\/div>\n<div  class='av-buildercomment  av-blog-meta-html-info-disabled av-blog-meta-tag-disabled  '><\/div>\n","protected":false},"excerpt":{"rendered":"","protected":false},"author":1,"featured_media":24729,"comment_status":"open","ping_status":"open","sticky":false,"template":"","format":"standard","meta":{"footnotes":""},"categories":[38],"tags":[],"class_list":["post-24728","post","type-post","status-publish","format-standard","has-post-thumbnail","hentry","category-regional"],"jetpack_featured_media_url":"https:\/\/radiorevelacionfm.cl\/wp-content\/uploads\/2022\/11\/FondosProyectos-2022-1-1.png","_links":{"self":[{"href":"https:\/\/radiorevelacionfm.cl\/index.php?rest_route=\/wp\/v2\/posts\/24728","targetHints":{"allow":["GET"]}}],"collection":[{"href":"https:\/\/radiorevelacionfm.cl\/index.php?rest_route=\/wp\/v2\/posts"}],"about":[{"href":"https:\/\/radiorevelacionfm.cl\/index.php?rest_route=\/wp\/v2\/types\/post"}],"author":[{"embeddable":true,"href":"https:\/\/radiorevelacionfm.cl\/index.php?rest_route=\/wp\/v2\/users\/1"}],"replies":[{"embeddable":true,"href":"https:\/\/radiorevelacionfm.cl\/index.php?rest_route=%2Fwp%2Fv2%2Fcomments&post=24728"}],"version-history":[{"count":2,"href":"https:\/\/radiorevelacionfm.cl\/index.php?rest_route=\/wp\/v2\/posts\/24728\/revisions"}],"predecessor-version":[{"id":24782,"href":"https:\/\/radiorevelacionfm.cl\/index.php?rest_route=\/wp\/v2\/posts\/24728\/revisions\/24782"}],"wp:featuredmedia":[{"embeddable":true,"href":"https:\/\/radiorevelacionfm.cl\/index.php?rest_route=\/wp\/v2\/media\/24729"}],"wp:attachment":[{"href":"https:\/\/radiorevelacionfm.cl\/index.php?rest_route=%2Fwp%2Fv2%2Fmedia&parent=24728"}],"wp:term":[{"taxonomy":"category","embeddable":true,"href":"https:\/\/radiorevelacionfm.cl\/index.php?rest_route=%2Fwp%2Fv2%2Fcategories&post=24728"},{"taxonomy":"post_tag","embeddable":true,"href":"https:\/\/radiorevelacionfm.cl\/index.php?rest_route=%2Fwp%2Fv2%2Ftags&post=24728"}],"curies":[{"name":"wp","href":"https:\/\/api.w.org\/{rel}","templated":true}]}}