{"id":24724,"date":"2022-11-28T10:58:30","date_gmt":"2022-11-28T13:58:30","guid":{"rendered":"https:\/\/radiorevelacionfm.cl\/?p=24724"},"modified":"2022-11-28T10:58:30","modified_gmt":"2022-11-28T13:58:30","slug":"mineduc-y-demre-entregan-datos-y-consejos-para-la-primera-rendicion-de-la-paes","status":"publish","type":"post","link":"https:\/\/radiorevelacionfm.cl\/?p=24724","title":{"rendered":"Mineduc y DEMRE entregan datos y consejos para la primera rendici\u00f3n de la PAES"},"content":{"rendered":"<div class=\"flex_column av_one_full  flex_column_div av-zero-column-padding first  avia-builder-el-0  el_before_av_one_full  avia-builder-el-first  \" style='border-radius:0px; '><div  class='avia-image-container  av-styling-    avia-builder-el-1  avia-builder-el-no-sibling  avia-align-center '  itemprop=\"image\" itemscope=\"itemscope\" itemtype=\"https:\/\/schema.org\/ImageObject\"  ><div class='avia-image-container-inner'><div class='avia-image-overlay-wrap'><img decoding=\"async\" class='wp-image-24725 avia-img-lazy-loading-not-24725 avia_image' src=\"https:\/\/radiorevelacionfm.cl\/wp-content\/uploads\/2022\/11\/seremi-PAES-1-1.jpg\" alt='' title='seremi PAES (1) (1)' height=\"600\" width=\"1067\"  itemprop=\"thumbnailUrl\" srcset=\"https:\/\/radiorevelacionfm.cl\/wp-content\/uploads\/2022\/11\/seremi-PAES-1-1.jpg 1067w, https:\/\/radiorevelacionfm.cl\/wp-content\/uploads\/2022\/11\/seremi-PAES-1-1-300x169.jpg 300w, https:\/\/radiorevelacionfm.cl\/wp-content\/uploads\/2022\/11\/seremi-PAES-1-1-1030x579.jpg 1030w, https:\/\/radiorevelacionfm.cl\/wp-content\/uploads\/2022\/11\/seremi-PAES-1-1-768x432.jpg 768w, https:\/\/radiorevelacionfm.cl\/wp-content\/uploads\/2022\/11\/seremi-PAES-1-1-705x396.jpg 705w, https:\/\/radiorevelacionfm.cl\/wp-content\/uploads\/2022\/11\/seremi-PAES-1-1-600x337.jpg 600w\" sizes=\"(max-width: 1067px) 100vw, 1067px\" \/><\/div><\/div><\/div><\/div><div class=\"flex_column av_one_full  flex_column_div av-zero-column-padding first  avia-builder-el-2  el_after_av_one_full  el_before_av_one_full  column-top-margin\" style='border-radius:0px; '><section class=\"av_textblock_section \"  itemscope=\"itemscope\" itemtype=\"https:\/\/schema.org\/BlogPosting\" itemprop=\"blogPost\" ><div class='avia_textblock  '   itemprop=\"text\" ><p style=\"text-align: center;\"><span style=\"font-size: 18pt;\"><b>Mineduc y DEMRE entregan datos y consejos para la primera rendici\u00f3n de la PAES<\/b><\/span><\/p>\n<div id=\"gtx-trans\" style=\"position: absolute; left: -50px; top: 4.31534px;\">\n<div class=\"gtx-trans-icon\"><\/div>\n<\/div>\n<\/div><\/section><\/div><div class=\"flex_column av_one_full  flex_column_div av-zero-column-padding first  avia-builder-el-4  el_after_av_one_full  el_before_av_hr  column-top-margin\" style='border-radius:0px; '><section class=\"av_textblock_section \"  itemscope=\"itemscope\" itemtype=\"https:\/\/schema.org\/BlogPosting\" itemprop=\"blogPost\" ><div class='avia_textblock  '   itemprop=\"text\" ><p style=\"text-align: justify;\">El lunes 28, martes 29 y mi\u00e9rcoles 30 de noviembre se aplicar\u00e1, por primera vez, la nueva Prueba de Acceso a la Educaci\u00f3n Superior (PAES), que reemplazar\u00e1 de forma definitiva a la antigua PSU y a la PDT transitoria. Este nuevo instrumento evaluar\u00e1 las competencias de quienes la rinden, integrando habilidades y conocimientos necesarios para el \u00e9xito en la formaci\u00f3n universitaria. Asimismo, contempla temarios acordes a la priorizaci\u00f3n curricular que realiz\u00f3 el Mineduc y que considera los efectos educacionales de la pandemia.<\/p>\n<p style=\"text-align: justify;\">La Seremi de Educaci\u00f3n de Ays\u00e9n Isabel Garrido Casassa inform\u00f3 que en la regi\u00f3n hay 1.826 personas inscritas para rendir prueba de acceso a la educaci\u00f3n superior y hay 13 locales de rendici\u00f3n de la prueba incluido el Centro de Cumplimiento Penitenciario de Coyhaique.<\/p>\n<p style=\"text-align: justify;\">\u201cNuestro llamado a las comunidades educativas, estudiantes, profesores, apoderados y familias, es que las y los estudiantes puedan rendir la prueba tranquilos y sin mayores problemas. Pese a las adversidades socioemocionales y los diversos contextos que dej\u00f3 la pandemia, las y los alumnos finalizaron sus estudios escolares y buscar\u00e1n con este proceso seguir avanzando a trav\u00e9s de la educaci\u00f3n, abriendo un nuevo camino para desarrollarse en m\u00e1s aspectos de sus vidas. Este proceso de admisi\u00f3n tiene importantes modificaciones, que son parte del cambio de paradigma de la educaci\u00f3n que estamos impulsando desde el MINEDUC\u201d, se\u00f1al\u00f3 la autoridad sectorial regional.<\/p>\n<p style=\"text-align: justify;\">El\u00a0<b>ministro de Educaci\u00f3n, Marco Antonio \u00c1vila<\/b>, destac\u00f3 que \u00abeste a\u00f1o por primera vez se rendir\u00e1n las nuevas Pruebas de Acceso a la Educaci\u00f3n Superior (PAES), las que son fruto de un esfuerzo de varios a\u00f1os por avanzar hacia un\u00a0<b>sistema de admisi\u00f3n m\u00e1s justo a la educaci\u00f3n superior<\/b>\u00ab.<\/p>\n<p style=\"text-align: justify;\">\u00abEstas pruebas est\u00e1n enfocadas en la\u00a0<b>evaluaci\u00f3n de competencias, es decir, de aquellas habilidades fundamentales que permiten a las personas integrar y utilizar los conocimientos<\/b>\u00a0en diversos contextos\u00bb, a\u00f1adi\u00f3 el secretario de Estado.<\/p>\n<p style=\"text-align: justify;\">\u00abQuisiera invitar a estos 275 mil estudiantes a\u00a0<b>rendir esta prueba con tranquilidad<\/b>, a llegar 15 minutos antes, a conocer el trayecto a su local de rendici\u00f3n, a llevar su c\u00e9dula o pasaporte,\u00a0 l\u00e1piz grafito N\u00b02, goma de borrar y su tarjeta de identificaci\u00f3n impresa\u00bb, sentenci\u00f3 el ministro \u00c1vila.<\/p>\n<p style=\"text-align: justify;\">Del mismo modo, la\u00a0<b>subsecretaria de Educaci\u00f3n Superior, Ver\u00f3nica Figueroa Huencho<\/b>, explica que \u201cestas pruebas son el resultado de un trabajo realizado en conjunto con el Comit\u00e9 T\u00e9cnico de Acceso al Subsistema Universitario con el prop\u00f3sito de transitar hacia un\u00a0<b>sistema de acceso m\u00e1s equitativo y justo, que pone al centro a las y los postulantes<\/b>\u00a0y que, adem\u00e1s, reconoce la diversidad de sus talentos\u201d.<\/p>\n<p style=\"text-align: justify;\">Por su parte, la\u00a0<b>directora de DEMRE, Leonor Varas<\/b>, enfatiza en que \u201clo principal en estos d\u00edas previos a la rendici\u00f3n de la PAES es que las y los j\u00f3venes compartan con sus amigos, con sus compa\u00f1eros, que practiquen si quieren, pero que tambi\u00e9n se distraigan, descansen y se alimenten bien. La prueba es importante, pero no se va la vida en ella. Hay m\u00e1s oportunidades y opciones, y la vida da muchas vueltas\u201d.<\/p>\n<p style=\"text-align: justify;\">M\u00e1s de 275.000 personas est\u00e1n inscritas para rendir esta primera versi\u00f3n de la PAES. El s\u00e1bado 26 de noviembre, a partir de las 09:00 horas, podr\u00e1n descargar su Tarjeta de Identificaci\u00f3n desde\u00a0<a href=\"http:\/\/acceso.mineduc.cl\/\" target=\"_blank\" rel=\"noopener\" data-saferedirecturl=\"https:\/\/www.google.com\/url?q=http:\/\/acceso.mineduc.cl\/&amp;source=gmail&amp;ust=1669729644383000&amp;usg=AOvVaw29pkRhyzEyfr9gCedL_yH6\">acceso.mineduc.cl<\/a>\u00a0y\u00a0<a href=\"http:\/\/www.demre.cl\/\" target=\"_blank\" rel=\"noopener\" data-saferedirecturl=\"https:\/\/www.google.com\/url?q=http:\/\/www.demre.cl\/&amp;source=gmail&amp;ust=1669729644383000&amp;usg=AOvVaw2woEvKJ6VT80XHEAu4AcLk\">www.<wbr \/>demre.cl<\/a>, donde se detallar\u00e1 el local y la sala de rendici\u00f3n. Cada postulante debe descargarla, imprimirla y llevarla el d\u00eda de la aplicaci\u00f3n.<\/p>\n<p style=\"text-align: justify;\"><b>Recomendaciones para la PAES<\/b><\/p>\n<p style=\"text-align: justify;\">Este a\u00f1o, se incluye una nueva prueba de Matem\u00e1tica, por lo tanto, la rendici\u00f3n se llevar\u00e1 a cabo durante tres d\u00edas. El orden de rendici\u00f3n de las pruebas ya no ser\u00e1 el que tradicionalmente se utilizaba, por lo tanto, es importante que las y los postulantes tengan muy claro el d\u00eda y la hora en que se aplicar\u00e1 cada examen:<\/p>\n<table style=\"width: 100%;\" border=\"0\" width=\"707\" cellspacing=\"0\" cellpadding=\"0\">\n<tbody>\n<tr>\n<td style=\"width: 14.1236%;\" valign=\"top\" width=\"88\"><\/td>\n<td style=\"width: 23.7074%;\" valign=\"top\" width=\"166\"><b>Lunes 28 de noviembre<\/b><\/td>\n<td style=\"width: 30.3909%;\" valign=\"top\" width=\"211\"><b>Martes 29 de noviembre<\/b><\/td>\n<td style=\"width: 31.5259%;\" valign=\"top\" width=\"241\"><b>Mi\u00e9rcoles 30 de noviembre<\/b><\/td>\n<\/tr>\n<tr>\n<td style=\"width: 14.1236%;\" valign=\"top\" width=\"88\"><b>09.00 horas<\/b><\/td>\n<td style=\"width: 23.7074%;\" valign=\"top\" width=\"166\"><\/td>\n<td style=\"width: 30.3909%;\" valign=\"top\" width=\"211\">Prueba de Competencia Lectora<\/td>\n<td style=\"width: 31.5259%;\" valign=\"top\" width=\"241\">Prueba de Competencia Matem\u00e1tica 1<\/td>\n<\/tr>\n<tr>\n<td style=\"width: 14.1236%;\" valign=\"top\" width=\"88\"><b>15.00 horas<\/b><\/td>\n<td style=\"width: 23.7074%;\" valign=\"top\" width=\"166\">Prueba electiva de Ciencias<\/td>\n<td style=\"width: 30.3909%;\" valign=\"top\" width=\"211\">Prueba de Competencia Matem\u00e1tica 2<\/td>\n<td style=\"width: 31.5259%;\" valign=\"top\" width=\"241\">Prueba electiva de Historia y Ciencias Sociales<\/td>\n<\/tr>\n<\/tbody>\n<\/table>\n<p><b>Algunos consejos:<\/b><\/p>\n<p style=\"text-align: justify;\">\u25cf\u00a0\u00a0\u00a0\u00a0\u00a0\u00a0\u00a0Dado que por primera vez en dos a\u00f1os no hay restricciones sanitarias, el llamado es a que las y los postulantes cuiden su salud en los d\u00edas previos. El uso de mascarilla es opcional y tanto las entradas como las salidas de locales estar\u00e1n separadas y se\u00f1alizadas.<\/p>\n<p style=\"text-align: justify;\">\u25cf\u00a0\u00a0\u00a0\u00a0\u00a0\u00a0\u00a0No est\u00e1 permitido ingerir alimentos durante la rendici\u00f3n ni compartir art\u00edculos personales.<\/p>\n<p style=\"text-align: justify;\">\u25cf\u00a0\u00a0\u00a0\u00a0\u00a0\u00a0\u00a0Se recomienda llegar 15 minutos antes del inicio de la aplicaci\u00f3n y se sugiere que las y los estudiantes conozcan bien el trayecto hacia el local para que planifiquen su viaje con antelaci\u00f3n.<\/p>\n<p style=\"text-align: justify;\">\u25cf\u00a0\u00a0\u00a0\u00a0\u00a0\u00a0\u00a0Cada postulante debe llevar su c\u00e9dula de identidad chilena o pasaporte, seg\u00fan corresponda, l\u00e1piz grafito N\u00b02 o portaminas HB, goma de borrar y su tarjeta de identificaci\u00f3n impresa.<\/p>\n<p style=\"text-align: justify;\">\u25cf\u00a0\u00a0\u00a0\u00a0\u00a0\u00a0\u00a0No se permitir\u00e1 el ingreso con aparatos electr\u00f3nicos como celulares, tablets, calculadoras, m\u00e1quinas fotogr\u00e1ficas y relojes inteligentes, entre otros.<\/p>\n<p style=\"text-align: justify;\">\u25cf\u00a0\u00a0\u00a0\u00a0\u00a0\u00a0\u00a0Tampoco podr\u00e1n entrar con carteras, bolsos, mochilas o cualquier elemento que no sea necesario durante la prueba.<\/p>\n<\/div><\/section><\/div><div  style='height:50px' class='hr hr-invisible   avia-builder-el-6  el_after_av_one_full  el_before_av_social_share '><span class='hr-inner ' ><span class='hr-inner-style'><\/span><\/span><\/div><\/p>\n<div  class='av-social-sharing-box  avia-builder-el-7  el_after_av_hr  el_before_av_hr  '><div class='av-share-box'><h5 class='av-share-link-description av-no-toc '>Compartir esta noticia<\/h5><ul class='av-share-box-list noLightbox'><li class='av-share-link av-social-link-facebook' ><a target=\"_blank\" aria-label=\"Compartir en Facebook\" href='https:\/\/www.facebook.com\/sharer.php?u=https:\/\/radiorevelacionfm.cl\/?p=24724&#038;t=Mineduc%20y%20DEMRE%20entregan%20datos%20y%20consejos%20para%20la%20primera%20rendici%C3%B3n%20de%20la%20PAES' aria-hidden='false' data-av_icon='\ue8f3' data-av_iconfont='entypo-fontello' title='' data-avia-related-tooltip='Compartir en Facebook' rel=\"noopener\"><span class='avia_hidden_link_text'>Compartir en Facebook<\/span><\/a><\/li><li class='av-share-link av-social-link-twitter' ><a target=\"_blank\" aria-label=\"Compartir en Twitter\" href='https:\/\/twitter.com\/share?text=Mineduc%20y%20DEMRE%20entregan%20datos%20y%20consejos%20para%20la%20primera%20rendici%C3%B3n%20de%20la%20PAES&#038;url=https:\/\/radiorevelacionfm.cl\/?p=24724' aria-hidden='false' data-av_icon='\ue8f1' data-av_iconfont='entypo-fontello' title='' data-avia-related-tooltip='Compartir en Twitter' rel=\"noopener\"><span class='avia_hidden_link_text'>Compartir en Twitter<\/span><\/a><\/li><li class='av-share-link av-social-link-whatsapp' ><a target=\"_blank\" aria-label=\"Compartir en Whatsapp\" href='https:\/\/api.whatsapp.com\/send?text=https:\/\/radiorevelacionfm.cl\/?p=24724' aria-hidden='false' data-av_icon='\uf232' data-av_iconfont='entypo-fontello' title='' data-avia-related-tooltip='Compartir en Whatsapp' rel=\"noopener\"><span class='avia_hidden_link_text'>Compartir en Whatsapp<\/span><\/a><\/li><li class='av-share-link av-social-link-linkedin' ><a target=\"_blank\" aria-label=\"Compartir en LinkedIn\" href='https:\/\/linkedin.com\/shareArticle?mini=true&#038;title=Mineduc%20y%20DEMRE%20entregan%20datos%20y%20consejos%20para%20la%20primera%20rendici%C3%B3n%20de%20la%20PAES&#038;url=https:\/\/radiorevelacionfm.cl\/?p=24724' aria-hidden='false' data-av_icon='\ue8fc' data-av_iconfont='entypo-fontello' title='' data-avia-related-tooltip='Compartir en LinkedIn' rel=\"noopener\"><span class='avia_hidden_link_text'>Compartir en LinkedIn<\/span><\/a><\/li><li class='av-share-link av-social-link-mail' ><a  aria-label=\"Compartir por correo\" href='mailto:?subject=Mineduc%20y%20DEMRE%20entregan%20datos%20y%20consejos%20para%20la%20primera%20rendici%C3%B3n%20de%20la%20PAES&#038;body=https:\/\/radiorevelacionfm.cl\/?p=24724' aria-hidden='false' data-av_icon='\ue805' data-av_iconfont='entypo-fontello' title='' data-avia-related-tooltip='Compartir por correo'><span class='avia_hidden_link_text'>Compartir por correo<\/span><\/a><\/li><\/ul><\/div><\/div>\n<div  style='height:50px' class='hr hr-invisible   avia-builder-el-8  el_after_av_social_share  el_before_av_comments_list '><span class='hr-inner ' ><span class='hr-inner-style'><\/span><\/span><\/div>\n<div  class='av-buildercomment  av-blog-meta-html-info-disabled av-blog-meta-tag-disabled  '><\/div>\n","protected":false},"excerpt":{"rendered":"","protected":false},"author":1,"featured_media":24725,"comment_status":"open","ping_status":"open","sticky":false,"template":"","format":"standard","meta":{"footnotes":""},"categories":[49,38],"tags":[],"class_list":["post-24724","post","type-post","status-publish","format-standard","has-post-thumbnail","hentry","category-educacion","category-regional"],"jetpack_featured_media_url":"https:\/\/radiorevelacionfm.cl\/wp-content\/uploads\/2022\/11\/seremi-PAES-1-1.jpg","_links":{"self":[{"href":"https:\/\/radiorevelacionfm.cl\/index.php?rest_route=\/wp\/v2\/posts\/24724","targetHints":{"allow":["GET"]}}],"collection":[{"href":"https:\/\/radiorevelacionfm.cl\/index.php?rest_route=\/wp\/v2\/posts"}],"about":[{"href":"https:\/\/radiorevelacionfm.cl\/index.php?rest_route=\/wp\/v2\/types\/post"}],"author":[{"embeddable":true,"href":"https:\/\/radiorevelacionfm.cl\/index.php?rest_route=\/wp\/v2\/users\/1"}],"replies":[{"embeddable":true,"href":"https:\/\/radiorevelacionfm.cl\/index.php?rest_route=%2Fwp%2Fv2%2Fcomments&post=24724"}],"version-history":[{"count":2,"href":"https:\/\/radiorevelacionfm.cl\/index.php?rest_route=\/wp\/v2\/posts\/24724\/revisions"}],"predecessor-version":[{"id":24727,"href":"https:\/\/radiorevelacionfm.cl\/index.php?rest_route=\/wp\/v2\/posts\/24724\/revisions\/24727"}],"wp:featuredmedia":[{"embeddable":true,"href":"https:\/\/radiorevelacionfm.cl\/index.php?rest_route=\/wp\/v2\/media\/24725"}],"wp:attachment":[{"href":"https:\/\/radiorevelacionfm.cl\/index.php?rest_route=%2Fwp%2Fv2%2Fmedia&parent=24724"}],"wp:term":[{"taxonomy":"category","embeddable":true,"href":"https:\/\/radiorevelacionfm.cl\/index.php?rest_route=%2Fwp%2Fv2%2Fcategories&post=24724"},{"taxonomy":"post_tag","embeddable":true,"href":"https:\/\/radiorevelacionfm.cl\/index.php?rest_route=%2Fwp%2Fv2%2Ftags&post=24724"}],"curies":[{"name":"wp","href":"https:\/\/api.w.org\/{rel}","templated":true}]}}