{"id":24718,"date":"2022-11-27T20:21:54","date_gmt":"2022-11-27T23:21:54","guid":{"rendered":"https:\/\/radiorevelacionfm.cl\/?p=24718"},"modified":"2022-11-27T20:21:54","modified_gmt":"2022-11-27T23:21:54","slug":"parte-proyecto-de-riego-para-comunidad-indigena-marinir-de-villa-ortega","status":"publish","type":"post","link":"https:\/\/radiorevelacionfm.cl\/?p=24718","title":{"rendered":"Parte proyecto de riego para comunidad Ind\u00edgena Mari\u00f1ir de Villa Ortega"},"content":{"rendered":"<div class=\"flex_column av_one_full  flex_column_div av-zero-column-padding first  avia-builder-el-0  el_before_av_one_full  avia-builder-el-first  \" style='border-radius:0px; '><div  class='avia-image-container  av-styling-    avia-builder-el-1  avia-builder-el-no-sibling  avia-align-center '  itemprop=\"image\" itemscope=\"itemscope\" itemtype=\"https:\/\/schema.org\/ImageObject\"  ><div class='avia-image-container-inner'><div class='avia-image-overlay-wrap'><img decoding=\"async\" class='wp-image-24719 avia-img-lazy-loading-not-24719 avia_image' src=\"https:\/\/radiorevelacionfm.cl\/wp-content\/uploads\/2022\/11\/WhatsApp-Image-2022-11-24-at-17.37.38-1-1.jpeg\" alt='' title='WhatsApp Image 2022-11-24 at 17.37.38 (1) (1)' height=\"600\" width=\"900\"  itemprop=\"thumbnailUrl\" srcset=\"https:\/\/radiorevelacionfm.cl\/wp-content\/uploads\/2022\/11\/WhatsApp-Image-2022-11-24-at-17.37.38-1-1.jpeg 900w, https:\/\/radiorevelacionfm.cl\/wp-content\/uploads\/2022\/11\/WhatsApp-Image-2022-11-24-at-17.37.38-1-1-300x200.jpeg 300w, https:\/\/radiorevelacionfm.cl\/wp-content\/uploads\/2022\/11\/WhatsApp-Image-2022-11-24-at-17.37.38-1-1-768x512.jpeg 768w, https:\/\/radiorevelacionfm.cl\/wp-content\/uploads\/2022\/11\/WhatsApp-Image-2022-11-24-at-17.37.38-1-1-705x470.jpeg 705w, https:\/\/radiorevelacionfm.cl\/wp-content\/uploads\/2022\/11\/WhatsApp-Image-2022-11-24-at-17.37.38-1-1-600x400.jpeg 600w\" sizes=\"(max-width: 900px) 100vw, 900px\" \/><\/div><\/div><\/div><\/div><div class=\"flex_column av_one_full  flex_column_div av-zero-column-padding first  avia-builder-el-2  el_after_av_one_full  el_before_av_one_full  column-top-margin\" style='border-radius:0px; '><section class=\"av_textblock_section \"  itemscope=\"itemscope\" itemtype=\"https:\/\/schema.org\/BlogPosting\" itemprop=\"blogPost\" ><div class='avia_textblock  '   itemprop=\"text\" ><p style=\"text-align: center;\"><strong><span style=\"font-size: 18pt;\">Parte proyecto de riego para comunidad Ind\u00edgena Mari\u00f1ir de Villa Ortega<\/span><\/strong><\/p>\n<div id=\"gtx-trans\" style=\"position: absolute; left: -50px; top: 4.31534px;\">\n<div class=\"gtx-trans-icon\"><\/div>\n<\/div>\n<\/div><\/section><\/div><\/p>\n<div class=\"flex_column av_one_full  flex_column_div av-zero-column-padding first  avia-builder-el-4  el_after_av_one_full  el_before_av_hr  column-top-margin\" style='border-radius:0px; '><section class=\"av_textblock_section \"  itemscope=\"itemscope\" itemtype=\"https:\/\/schema.org\/BlogPosting\" itemprop=\"blogPost\" ><div class='avia_textblock  '   itemprop=\"text\" ><div style=\"text-align: justify;\">Con la firma de un acta de entrega de terreno, se puso en marcha el proyecto \u201cConstrucci\u00f3n Red de Aducci\u00f3n y Acumulador, Comunidad de Mari\u00f1ir\u201d, enclave productivo comunitario que une a seis familias ind\u00edgenas del sector de Villa Ortega, comuna de Coyhaique.<\/div>\n<div style=\"text-align: justify;\">El proyecto es impulsado por la secretar\u00eda regional ministerial de Agricultura, a trav\u00e9s de la Comisi\u00f3n Nacional de Riego (CNR) y CONADI, m\u00e1s el apoyo del Gobierno Regional de Ays\u00e9n.<\/div>\n<div style=\"text-align: justify;\">\u201cMuy contentos estamos todos con este gran logro, ya que tuvimos muchas dificultades, hubo algunas piedras en el camino, porque parece que no nos quer\u00edan financiar este proyecto. Realmente las autoridades de ahora se la jugaron\u201d, se\u00f1al\u00f3 Mar\u00eda Anti\u00f1irre Ruiz, representante de la comunidad.<\/div>\n<div style=\"text-align: justify;\">La infraestructura de riego y drenaje considera 1.128 metros lineales junto con un acumulador de 30.000 litros de agua, apoyando el potencial productivo hort\u00edcola de la comunidad, a trav\u00e9s del uso eficiente del recurso h\u00eddrico.<\/div>\n<div style=\"text-align: justify;\">\u201cEstamos celebrando un importante hito, la primera obra de riego para la comunidad ind\u00edgena. Gracias al trabajo colectivo que hemos realizado con distintas instituciones, con el Ministerio de Desarrollo Social, con Conadi, Gobierno Regional y con el encargado de la Comisi\u00f3n Nacional de Riego que trabaja con nuestra Seremi. El d\u00eda en que asumimos, nos pudimos reunir con la comunidad, estaban esperando esta buena noticia y hoy d\u00eda podemos hacer la entrega formal del terreno\u201d, se\u00f1al\u00f3 el Seremi de Agricultura, Alan Espinoza Ortiz.<\/div>\n<div style=\"text-align: justify;\">El proyecto implic\u00f3 generar un dise\u00f1o e ingenier\u00eda de detalles, financiado por el Gobierno Regional de Ays\u00e9n.<\/div>\n<div style=\"text-align: justify;\">\u201cEs la primera obra de esta naturaleza que se construye en esta regi\u00f3n y que va muy de la l\u00ednea y muy de la mano, con lo que nuestra gesti\u00f3n como Gobierno Regional se ha propuesto levantar. Por cierto, que tiende a la autonom\u00eda de los territorios, a mejorar el vivir en la zona, en las zonas rurales\u201d, indic\u00f3 Oscar Del Solar Navarrete, Jefe de Divisi\u00f3n de Infraestructura y Transporte.<\/div>\n<div style=\"text-align: justify;\">El convenio de colaboraci\u00f3n suscrito entre la Seremi de Agricultura y la Corporaci\u00f3n Nacional de Desarrollo Ind\u00edgena (CONADI), Regi\u00f3n de Los Lagos, permiti\u00f3 contar con recursos econ\u00f3micos para la ejecuci\u00f3n del proyecto.<\/div>\n<div style=\"text-align: justify;\">\u201cLogramos en conjunto con el Seremi de Agricultura y su equipo y la comunidad Mari\u00f1ir, empujar este gran proyecto que permite a esta comunidad, en este territorio, tener riego y acceder a la tierra y a los productos que generosamente ella nos puede entregar. Damos cumplimiento a un mandato que nos pide el Presidente, de estar en el territorio, de escuchar a las comunidades y dar respuestas concretas\u201d, subray\u00f3 la Seremi de Desarrollo Social y Familia, Karina Acevedo Auad.<\/div>\n<div style=\"text-align: justify;\">La obra riego ha sido gestionada desde hace siete a\u00f1os por esta comunidad ind\u00edgena, para reforzar su labor productiva y mejorar la calidad de vida de sus 32 integrantes.<\/div>\n<\/div><\/section><\/div>\n<div  style='height:50px' class='hr hr-invisible   avia-builder-el-6  el_after_av_one_full  el_before_av_social_share '><span class='hr-inner ' ><span class='hr-inner-style'><\/span><\/span><\/div>\n<div  class='av-social-sharing-box  avia-builder-el-7  el_after_av_hr  el_before_av_hr  '><div class='av-share-box'><h5 class='av-share-link-description av-no-toc '>Compartir esta noticia<\/h5><ul class='av-share-box-list noLightbox'><li class='av-share-link av-social-link-facebook' ><a target=\"_blank\" aria-label=\"Compartir en Facebook\" href='https:\/\/www.facebook.com\/sharer.php?u=https:\/\/radiorevelacionfm.cl\/?p=24718&#038;t=Parte%20proyecto%20de%20riego%20para%20comunidad%20Ind%C3%ADgena%20Mari%C3%B1ir%20de%20Villa%20Ortega' aria-hidden='false' data-av_icon='\ue8f3' data-av_iconfont='entypo-fontello' title='' data-avia-related-tooltip='Compartir en Facebook' rel=\"noopener\"><span class='avia_hidden_link_text'>Compartir en Facebook<\/span><\/a><\/li><li class='av-share-link av-social-link-twitter' ><a target=\"_blank\" aria-label=\"Compartir en Twitter\" href='https:\/\/twitter.com\/share?text=Parte%20proyecto%20de%20riego%20para%20comunidad%20Ind%C3%ADgena%20Mari%C3%B1ir%20de%20Villa%20Ortega&#038;url=https:\/\/radiorevelacionfm.cl\/?p=24718' aria-hidden='false' data-av_icon='\ue8f1' data-av_iconfont='entypo-fontello' title='' data-avia-related-tooltip='Compartir en Twitter' rel=\"noopener\"><span class='avia_hidden_link_text'>Compartir en Twitter<\/span><\/a><\/li><li class='av-share-link av-social-link-whatsapp' ><a target=\"_blank\" aria-label=\"Compartir en Whatsapp\" href='https:\/\/api.whatsapp.com\/send?text=https:\/\/radiorevelacionfm.cl\/?p=24718' aria-hidden='false' data-av_icon='\uf232' data-av_iconfont='entypo-fontello' title='' data-avia-related-tooltip='Compartir en Whatsapp' rel=\"noopener\"><span class='avia_hidden_link_text'>Compartir en Whatsapp<\/span><\/a><\/li><li class='av-share-link av-social-link-linkedin' ><a target=\"_blank\" aria-label=\"Compartir en LinkedIn\" href='https:\/\/linkedin.com\/shareArticle?mini=true&#038;title=Parte%20proyecto%20de%20riego%20para%20comunidad%20Ind%C3%ADgena%20Mari%C3%B1ir%20de%20Villa%20Ortega&#038;url=https:\/\/radiorevelacionfm.cl\/?p=24718' aria-hidden='false' data-av_icon='\ue8fc' data-av_iconfont='entypo-fontello' title='' data-avia-related-tooltip='Compartir en LinkedIn' rel=\"noopener\"><span class='avia_hidden_link_text'>Compartir en LinkedIn<\/span><\/a><\/li><li class='av-share-link av-social-link-mail' ><a  aria-label=\"Compartir por correo\" href='mailto:?subject=Parte%20proyecto%20de%20riego%20para%20comunidad%20Ind%C3%ADgena%20Mari%C3%B1ir%20de%20Villa%20Ortega&#038;body=https:\/\/radiorevelacionfm.cl\/?p=24718' aria-hidden='false' data-av_icon='\ue805' data-av_iconfont='entypo-fontello' title='' data-avia-related-tooltip='Compartir por correo'><span class='avia_hidden_link_text'>Compartir por correo<\/span><\/a><\/li><\/ul><\/div><\/div>\n<div  style='height:50px' class='hr hr-invisible   avia-builder-el-8  el_after_av_social_share  el_before_av_comments_list '><span class='hr-inner ' ><span class='hr-inner-style'><\/span><\/span><\/div>\n<div  class='av-buildercomment  av-blog-meta-html-info-disabled av-blog-meta-tag-disabled  '><\/div>\n","protected":false},"excerpt":{"rendered":"","protected":false},"author":1,"featured_media":24721,"comment_status":"open","ping_status":"open","sticky":false,"template":"","format":"standard","meta":{"footnotes":""},"categories":[1],"tags":[],"class_list":["post-24718","post","type-post","status-publish","format-standard","has-post-thumbnail","hentry","category-sin-categoria"],"jetpack_featured_media_url":"https:\/\/radiorevelacionfm.cl\/wp-content\/uploads\/2022\/11\/WhatsApp-Image-2022-11-24-at-17.37.38-1-1-1.jpeg","_links":{"self":[{"href":"https:\/\/radiorevelacionfm.cl\/index.php?rest_route=\/wp\/v2\/posts\/24718","targetHints":{"allow":["GET"]}}],"collection":[{"href":"https:\/\/radiorevelacionfm.cl\/index.php?rest_route=\/wp\/v2\/posts"}],"about":[{"href":"https:\/\/radiorevelacionfm.cl\/index.php?rest_route=\/wp\/v2\/types\/post"}],"author":[{"embeddable":true,"href":"https:\/\/radiorevelacionfm.cl\/index.php?rest_route=\/wp\/v2\/users\/1"}],"replies":[{"embeddable":true,"href":"https:\/\/radiorevelacionfm.cl\/index.php?rest_route=%2Fwp%2Fv2%2Fcomments&post=24718"}],"version-history":[{"count":2,"href":"https:\/\/radiorevelacionfm.cl\/index.php?rest_route=\/wp\/v2\/posts\/24718\/revisions"}],"predecessor-version":[{"id":24723,"href":"https:\/\/radiorevelacionfm.cl\/index.php?rest_route=\/wp\/v2\/posts\/24718\/revisions\/24723"}],"wp:featuredmedia":[{"embeddable":true,"href":"https:\/\/radiorevelacionfm.cl\/index.php?rest_route=\/wp\/v2\/media\/24721"}],"wp:attachment":[{"href":"https:\/\/radiorevelacionfm.cl\/index.php?rest_route=%2Fwp%2Fv2%2Fmedia&parent=24718"}],"wp:term":[{"taxonomy":"category","embeddable":true,"href":"https:\/\/radiorevelacionfm.cl\/index.php?rest_route=%2Fwp%2Fv2%2Fcategories&post=24718"},{"taxonomy":"post_tag","embeddable":true,"href":"https:\/\/radiorevelacionfm.cl\/index.php?rest_route=%2Fwp%2Fv2%2Ftags&post=24718"}],"curies":[{"name":"wp","href":"https:\/\/api.w.org\/{rel}","templated":true}]}}