{"id":24714,"date":"2022-11-27T17:42:44","date_gmt":"2022-11-27T20:42:44","guid":{"rendered":"https:\/\/radiorevelacionfm.cl\/?p=24714"},"modified":"2022-11-27T17:42:44","modified_gmt":"2022-11-27T20:42:44","slug":"gobierno-refuerza-campana-para-eliminacion-de-la-violencia-contra-las-mujeres","status":"publish","type":"post","link":"https:\/\/radiorevelacionfm.cl\/?p=24714","title":{"rendered":"Gobierno refuerza campa\u00f1a para eliminaci\u00f3n  de la violencia contra las mujeres"},"content":{"rendered":"<div class=\"flex_column av_one_full  flex_column_div av-zero-column-padding first  avia-builder-el-0  el_before_av_one_full  avia-builder-el-first  \" style='border-radius:0px; '><div  class='avia-image-container  av-styling-    avia-builder-el-1  avia-builder-el-no-sibling  avia-align-center '  itemprop=\"image\" itemscope=\"itemscope\" itemtype=\"https:\/\/schema.org\/ImageObject\"  ><div class='avia-image-container-inner'><div class='avia-image-overlay-wrap'><img decoding=\"async\" class='wp-image-24715 avia-img-lazy-loading-not-24715 avia_image' src=\"https:\/\/radiorevelacionfm.cl\/wp-content\/uploads\/2022\/11\/IMG_6969-1-1.jpg\" alt='' title='IMG_6969 (1) (1)' height=\"600\" width=\"970\"  itemprop=\"thumbnailUrl\" srcset=\"https:\/\/radiorevelacionfm.cl\/wp-content\/uploads\/2022\/11\/IMG_6969-1-1.jpg 970w, https:\/\/radiorevelacionfm.cl\/wp-content\/uploads\/2022\/11\/IMG_6969-1-1-300x186.jpg 300w, https:\/\/radiorevelacionfm.cl\/wp-content\/uploads\/2022\/11\/IMG_6969-1-1-768x475.jpg 768w, https:\/\/radiorevelacionfm.cl\/wp-content\/uploads\/2022\/11\/IMG_6969-1-1-705x436.jpg 705w, https:\/\/radiorevelacionfm.cl\/wp-content\/uploads\/2022\/11\/IMG_6969-1-1-600x371.jpg 600w\" sizes=\"(max-width: 970px) 100vw, 970px\" \/><\/div><\/div><\/div><\/div><div class=\"flex_column av_one_full  flex_column_div av-zero-column-padding first  avia-builder-el-2  el_after_av_one_full  el_before_av_one_full  column-top-margin\" style='border-radius:0px; '><section class=\"av_textblock_section \"  itemscope=\"itemscope\" itemtype=\"https:\/\/schema.org\/BlogPosting\" itemprop=\"blogPost\" ><div class='avia_textblock  '   itemprop=\"text\" ><p style=\"font-weight: 400; text-align: center;\"><span style=\"font-size: 18pt;\"><strong>Gobierno refuerza campa\u00f1a para eliminaci\u00f3n\u00a0<\/strong><strong>de la violencia contra las mujeres<\/strong><\/span><\/p>\n<div id=\"gtx-trans\" style=\"position: absolute; left: -50px; top: 4.31534px;\">\n<div class=\"gtx-trans-icon\"><\/div>\n<\/div>\n<\/div><\/section><\/div><div class=\"flex_column av_one_full  flex_column_div av-zero-column-padding first  avia-builder-el-4  el_after_av_one_full  el_before_av_hr  column-top-margin\" style='border-radius:0px; '><section class=\"av_textblock_section \"  itemscope=\"itemscope\" itemtype=\"https:\/\/schema.org\/BlogPosting\" itemprop=\"blogPost\" ><div class='avia_textblock  '   itemprop=\"text\" ><p style=\"font-weight: 400; text-align: justify;\">A la participaci\u00f3n activa, con acciones concretas de todos los sectores de la sociedad, ha convocado el gobierno en el pa\u00eds y en la Regi\u00f3n de Ays\u00e9n en el marco de la campa\u00f1a de prevenci\u00f3n de la violencia contra las mujeres 2022, que lidera el Ministerio de la Mujer y la Equidad de G\u00e9nero (MinMujeryEG).<\/p>\n<p style=\"font-weight: 400; text-align: justify;\">Con el mensaje S\u00ed Es Mi Problema se habla a la comunidad, especialmente a los hombres, a ser parte de la soluci\u00f3n, a frenar la violencia contra las mujeres, a no guardar silencio ni permanecer inm\u00f3viles ante las agresiones; y a abordar diferentes tipos de violencia, no solo la f\u00edsica ni dom\u00e9stica, tampoco \u00fanicamente la que se da dentro de las relaciones afectivas.<\/p>\n<p style=\"font-weight: 400; text-align: justify;\">Tras el acto central que se realiz\u00f3 el pasado viernes en Coyhaique, como parte del programa de actividades masivas y grupales que se realizan a nivel regional, el Delegado Presidencial Regional, Rodrigo Araya, subray\u00f3 la importancia de que instituciones, organizaciones y personas sumen acciones espec\u00edficas para reducir la violencia de g\u00e9nero en Ays\u00e9n.<\/p>\n<p style=\"font-weight: 400; text-align: justify;\">\u201cHa habido una evoluci\u00f3n important\u00edsima en relaci\u00f3n a c\u00f3mo abordar esta problem\u00e1tica, pero siempre ha estado muy focalizada en las v\u00edctimas y este es un problema de toda la sociedad. El lema de esta campa\u00f1a es S\u00ed es mi Problema, invitando a la comunidad, en general, a ver esta problem\u00e1tica como un tema de conducta, de aprendizaje permanente, desde la infancia hasta las personas mayores, y no focalizarse solo en las mujeres v\u00edctimas de violencia\u201d, expres\u00f3.<\/p>\n<p style=\"font-weight: 400; text-align: justify;\">Macarena Silva, de Parirnos Chile, particip\u00f3 en el encuentro realizado en la Regi\u00f3n de Ays\u00e9n asociado al dise\u00f1o de la campa\u00f1a junto a m\u00e1s de cien organizaciones vinculadas a tem\u00e1ticas de violencia de g\u00e9nero, m\u00e1s asesoras de g\u00e9nero ministeriales y funcionarias del Ministerio de la Mujer y la Equidad de G\u00e9nero (MinMujeryEG) y del Servicio Nacional de la Mujer y la Equidad de G\u00e9nero (SernamEG).<\/p>\n<p style=\"font-weight: 400; text-align: justify;\">\u201cLa violencia de g\u00e9nero la sufren las mujeres a nivel nacional, pero las expresiones de violencia de g\u00e9nero toman distintos matices en los distintos territorios, tienen distintas consecuencias, interact\u00faan distinto con otras problem\u00e1ticas que tienen los territorios y, en ese sentido, valoramos mucho que la autoridad haya convocado a las organizaciones sociales, a las organizaciones feministas, para amplificar la voz de las mujeres sobrevivientes de violencia de g\u00e9nero y la mirada de organizaciones que trabajan con mujeres v\u00edctimas de violencia todos los d\u00edas\u201d, afirm\u00f3.<\/p>\n<p style=\"font-weight: 400; text-align: justify;\"><strong>Medidas para la prevenci\u00f3n<\/strong><\/p>\n<p style=\"font-weight: 400; text-align: justify;\">La seremi de la Mujer y Equidad de G\u00e9nero, Andrea M\u00e9ndez, agreg\u00f3 que la campa\u00f1a acent\u00faa la necesidad de fortalecer la participaci\u00f3n social en la prevenci\u00f3n de la violencia de g\u00e9nero.<\/p>\n<p style=\"font-weight: 400; text-align: justify;\">\u201cEs el resultado de encuentros de mujeres a nivel nacional, en donde se les pregunt\u00f3 c\u00f3mo quer\u00edan que se abordara el tema de la violencia contra las mujeres. Hubo consenso en que no se quer\u00eda focalizar en la mujer v\u00edctima ni en im\u00e1genes de violencia, sino hacer un discurso comunitario, que involucrara a distintos actores de la sociedad civil y que diera cuenta de las diversas expresiones que habitan en nuestra cotidianeidad, reproductoras de violencia. La violencia m\u00e1s cruda, f\u00edsica, que comunicacionalmente le damos mayor cobertura, es antecedida por un conjunto de pr\u00e1cticas que est\u00e1n altamente normalizadas en nuestra cotidianeidad\u201d, se\u00f1al\u00f3.<\/p>\n<p style=\"font-weight: 400; text-align: justify;\">Cabe se\u00f1alar que la Violencia Intrafamiliar y Violencia de G\u00e9nero es uno de los cinco problemas de seguridad prioritarios dentro del Plan de Seguridad P\u00fablica de la Regi\u00f3n de Ays\u00e9n.<\/p>\n<p style=\"font-weight: 400; text-align: justify;\">De acuerdo a cifras de Carabineros, de los casos de Violencia Intrafamiliar registrados este a\u00f1o, un 80 por ciento afecta a mujeres, adem\u00e1s de dos femicidios frustrados.<\/p>\n<p style=\"font-weight: 400; text-align: justify;\">Dentro de las medidas, el gobierno est\u00e1 actualizando el Plan Nacional de Acci\u00f3n Contra la Violencia hacia las Mujeres 2018-2030, que articula la acci\u00f3n conjunta del Estado y de la sociedad civil, para una respuesta integral y de calidad que promueva el derecho a una vida libre de violencias para todas las mujeres.<\/p>\n<p style=\"font-weight: 400; text-align: justify;\">Como agenda legislativa, se reactiv\u00f3 la discusi\u00f3n del proyecto de ley por el derecho de las mujeres a una vida libre de violencia, incorpor\u00e1ndole indicaciones para, entre otras cosas, realzar el rol preventivo del Estado en la erradicaci\u00f3n de la violencia contra las mujeres e incorporar a ni\u00f1as y ni\u00f1os como v\u00edctimas de la violencia que viven sus madres y\/o cuidadoras.<\/p>\n<p style=\"font-weight: 400; text-align: justify;\">Otra acci\u00f3n legislativa, referida a la violencia econ\u00f3mica, es la ley de Responsabilidad Parental y Pago Efectivo de Deudas por Pensiones de Alimentos, propuesta por el MinMujeryEG y aprobada por el Congreso en agosto de 2022 para comenzar a ser implementada en mayo de 2023.<\/p>\n<p style=\"font-weight: 400; text-align: justify;\">Toda la informaci\u00f3n disponible en\u00a0<a href=\"http:\/\/www.siesmiproblema.cl\/\" data-saferedirecturl=\"https:\/\/www.google.com\/url?q=http:\/\/www.siesmiproblema.cl&amp;source=gmail&amp;ust=1669667264776000&amp;usg=AOvVaw1n_XN9rsKBBZUZDvG2VKMO\">www.siesmiproblema.cl<\/a><\/p>\n<\/div><\/section><\/div><div  style='height:50px' class='hr hr-invisible   avia-builder-el-6  el_after_av_one_full  el_before_av_social_share '><span class='hr-inner ' ><span class='hr-inner-style'><\/span><\/span><\/div><\/p>\n<div  class='av-social-sharing-box  avia-builder-el-7  el_after_av_hr  el_before_av_hr  '><div class='av-share-box'><h5 class='av-share-link-description av-no-toc '>Compartir esta noticia<\/h5><ul class='av-share-box-list noLightbox'><li class='av-share-link av-social-link-facebook' ><a target=\"_blank\" aria-label=\"Compartir en Facebook\" href='https:\/\/www.facebook.com\/sharer.php?u=https:\/\/radiorevelacionfm.cl\/?p=24714&#038;t=Gobierno%20refuerza%20campa%C3%B1a%20para%20eliminaci%C3%B3n%20%20de%20la%20violencia%20contra%20las%20mujeres' aria-hidden='false' data-av_icon='\ue8f3' data-av_iconfont='entypo-fontello' title='' data-avia-related-tooltip='Compartir en Facebook' rel=\"noopener\"><span class='avia_hidden_link_text'>Compartir en Facebook<\/span><\/a><\/li><li class='av-share-link av-social-link-twitter' ><a target=\"_blank\" aria-label=\"Compartir en Twitter\" href='https:\/\/twitter.com\/share?text=Gobierno%20refuerza%20campa%C3%B1a%20para%20eliminaci%C3%B3n%20%20de%20la%20violencia%20contra%20las%20mujeres&#038;url=https:\/\/radiorevelacionfm.cl\/?p=24714' aria-hidden='false' data-av_icon='\ue8f1' data-av_iconfont='entypo-fontello' title='' data-avia-related-tooltip='Compartir en Twitter' rel=\"noopener\"><span class='avia_hidden_link_text'>Compartir en Twitter<\/span><\/a><\/li><li class='av-share-link av-social-link-whatsapp' ><a target=\"_blank\" aria-label=\"Compartir en Whatsapp\" href='https:\/\/api.whatsapp.com\/send?text=https:\/\/radiorevelacionfm.cl\/?p=24714' aria-hidden='false' data-av_icon='\uf232' data-av_iconfont='entypo-fontello' title='' data-avia-related-tooltip='Compartir en Whatsapp' rel=\"noopener\"><span class='avia_hidden_link_text'>Compartir en Whatsapp<\/span><\/a><\/li><li class='av-share-link av-social-link-linkedin' ><a target=\"_blank\" aria-label=\"Compartir en LinkedIn\" href='https:\/\/linkedin.com\/shareArticle?mini=true&#038;title=Gobierno%20refuerza%20campa%C3%B1a%20para%20eliminaci%C3%B3n%20%20de%20la%20violencia%20contra%20las%20mujeres&#038;url=https:\/\/radiorevelacionfm.cl\/?p=24714' aria-hidden='false' data-av_icon='\ue8fc' data-av_iconfont='entypo-fontello' title='' data-avia-related-tooltip='Compartir en LinkedIn' rel=\"noopener\"><span class='avia_hidden_link_text'>Compartir en LinkedIn<\/span><\/a><\/li><li class='av-share-link av-social-link-mail' ><a  aria-label=\"Compartir por correo\" href='mailto:?subject=Gobierno%20refuerza%20campa%C3%B1a%20para%20eliminaci%C3%B3n%20%20de%20la%20violencia%20contra%20las%20mujeres&#038;body=https:\/\/radiorevelacionfm.cl\/?p=24714' aria-hidden='false' data-av_icon='\ue805' data-av_iconfont='entypo-fontello' title='' data-avia-related-tooltip='Compartir por correo'><span class='avia_hidden_link_text'>Compartir por correo<\/span><\/a><\/li><\/ul><\/div><\/div>\n<div  style='height:50px' class='hr hr-invisible   avia-builder-el-8  el_after_av_social_share  el_before_av_comments_list '><span class='hr-inner ' ><span class='hr-inner-style'><\/span><\/span><\/div>\n<div  class='av-buildercomment  av-blog-meta-html-info-disabled av-blog-meta-tag-disabled  '><\/div>\n","protected":false},"excerpt":{"rendered":"","protected":false},"author":1,"featured_media":24715,"comment_status":"open","ping_status":"open","sticky":false,"template":"","format":"standard","meta":{"footnotes":""},"categories":[63,38],"tags":[],"class_list":["post-24714","post","type-post","status-publish","format-standard","has-post-thumbnail","hentry","category-mujer-y-genero","category-regional"],"jetpack_featured_media_url":"https:\/\/radiorevelacionfm.cl\/wp-content\/uploads\/2022\/11\/IMG_6969-1-1.jpg","_links":{"self":[{"href":"https:\/\/radiorevelacionfm.cl\/index.php?rest_route=\/wp\/v2\/posts\/24714","targetHints":{"allow":["GET"]}}],"collection":[{"href":"https:\/\/radiorevelacionfm.cl\/index.php?rest_route=\/wp\/v2\/posts"}],"about":[{"href":"https:\/\/radiorevelacionfm.cl\/index.php?rest_route=\/wp\/v2\/types\/post"}],"author":[{"embeddable":true,"href":"https:\/\/radiorevelacionfm.cl\/index.php?rest_route=\/wp\/v2\/users\/1"}],"replies":[{"embeddable":true,"href":"https:\/\/radiorevelacionfm.cl\/index.php?rest_route=%2Fwp%2Fv2%2Fcomments&post=24714"}],"version-history":[{"count":2,"href":"https:\/\/radiorevelacionfm.cl\/index.php?rest_route=\/wp\/v2\/posts\/24714\/revisions"}],"predecessor-version":[{"id":24717,"href":"https:\/\/radiorevelacionfm.cl\/index.php?rest_route=\/wp\/v2\/posts\/24714\/revisions\/24717"}],"wp:featuredmedia":[{"embeddable":true,"href":"https:\/\/radiorevelacionfm.cl\/index.php?rest_route=\/wp\/v2\/media\/24715"}],"wp:attachment":[{"href":"https:\/\/radiorevelacionfm.cl\/index.php?rest_route=%2Fwp%2Fv2%2Fmedia&parent=24714"}],"wp:term":[{"taxonomy":"category","embeddable":true,"href":"https:\/\/radiorevelacionfm.cl\/index.php?rest_route=%2Fwp%2Fv2%2Fcategories&post=24714"},{"taxonomy":"post_tag","embeddable":true,"href":"https:\/\/radiorevelacionfm.cl\/index.php?rest_route=%2Fwp%2Fv2%2Ftags&post=24714"}],"curies":[{"name":"wp","href":"https:\/\/api.w.org\/{rel}","templated":true}]}}