{"id":24710,"date":"2022-11-27T17:33:38","date_gmt":"2022-11-27T20:33:38","guid":{"rendered":"https:\/\/radiorevelacionfm.cl\/?p=24710"},"modified":"2022-11-27T17:33:38","modified_gmt":"2022-11-27T20:33:38","slug":"alcalde-francisco-roncagliolo-apoya-petitorio-de-camioneros-de-la-region-que-llegara-al-ministerio-del-interior","status":"publish","type":"post","link":"https:\/\/radiorevelacionfm.cl\/?p=24710","title":{"rendered":"Alcalde Francisco Roncagliolo apoya petitorio de camioneros de la regi\u00f3n que llegar\u00e1 al Ministerio del Interior"},"content":{"rendered":"<div class=\"flex_column av_one_full  flex_column_div av-zero-column-padding first  avia-builder-el-0  el_before_av_one_full  avia-builder-el-first  \" style='border-radius:0px; '><div  class='avia-image-container  av-styling-    avia-builder-el-1  avia-builder-el-no-sibling  avia-align-center '  itemprop=\"image\" itemscope=\"itemscope\" itemtype=\"https:\/\/schema.org\/ImageObject\"  ><div class='avia-image-container-inner'><div class='avia-image-overlay-wrap'><img decoding=\"async\" class='wp-image-24711 avia-img-lazy-loading-not-24711 avia_image' src=\"https:\/\/radiorevelacionfm.cl\/wp-content\/uploads\/2022\/11\/ALCALDE-CAMIONEROS-3-1-1.jpeg\" alt='' title='ALCALDE CAMIONEROS 3 (1) (1)' height=\"600\" width=\"1117\"  itemprop=\"thumbnailUrl\" srcset=\"https:\/\/radiorevelacionfm.cl\/wp-content\/uploads\/2022\/11\/ALCALDE-CAMIONEROS-3-1-1.jpeg 1117w, https:\/\/radiorevelacionfm.cl\/wp-content\/uploads\/2022\/11\/ALCALDE-CAMIONEROS-3-1-1-300x161.jpeg 300w, https:\/\/radiorevelacionfm.cl\/wp-content\/uploads\/2022\/11\/ALCALDE-CAMIONEROS-3-1-1-1030x553.jpeg 1030w, https:\/\/radiorevelacionfm.cl\/wp-content\/uploads\/2022\/11\/ALCALDE-CAMIONEROS-3-1-1-768x413.jpeg 768w, https:\/\/radiorevelacionfm.cl\/wp-content\/uploads\/2022\/11\/ALCALDE-CAMIONEROS-3-1-1-705x379.jpeg 705w, https:\/\/radiorevelacionfm.cl\/wp-content\/uploads\/2022\/11\/ALCALDE-CAMIONEROS-3-1-1-600x322.jpeg 600w\" sizes=\"(max-width: 1117px) 100vw, 1117px\" \/><\/div><\/div><\/div><\/div><div class=\"flex_column av_one_full  flex_column_div av-zero-column-padding first  avia-builder-el-2  el_after_av_one_full  el_before_av_one_full  column-top-margin\" style='border-radius:0px; '><section class=\"av_textblock_section \"  itemscope=\"itemscope\" itemtype=\"https:\/\/schema.org\/BlogPosting\" itemprop=\"blogPost\" ><div class='avia_textblock  '   itemprop=\"text\" ><p style=\"text-align: center;\"><strong><span style=\"font-size: 18pt;\">Alcalde Francisco Roncagliolo apoya petitorio de camioneros de la regi\u00f3n que llegar\u00e1 al Ministerio del Interior<\/span><\/strong><\/p>\n<div id=\"gtx-trans\" style=\"position: absolute; left: -50px; top: 4.31534px;\">\n<div class=\"gtx-trans-icon\"><\/div>\n<\/div>\n<\/div><\/section><\/div><div class=\"flex_column av_one_full  flex_column_div av-zero-column-padding first  avia-builder-el-4  el_after_av_one_full  el_before_av_hr  column-top-margin\" style='border-radius:0px; '><section class=\"av_textblock_section \"  itemscope=\"itemscope\" itemtype=\"https:\/\/schema.org\/BlogPosting\" itemprop=\"blogPost\" ><div class='avia_textblock  '   itemprop=\"text\" ><p style=\"text-align: justify;\">El alcalde de la comuna de Cisnes, Francisco Roncagliolo Lepio, lleg\u00f3 hasta el kil\u00f3metro 20 de la ruta Ays\u00e9n \u2013 Coyhaique, lugar donde pac\u00edficamente se manifestaron los camioneros, gremios de taxis y de transporte del territorio, para ser parte de una reuni\u00f3n donde fueron convocadas otras autoridades de nuestra regi\u00f3n.<\/p>\n<p style=\"text-align: justify;\">En este encuentro el punto central y expuesto por todos los dirigentes fue, la necesidad de un proyecto que elimine el impuesto espec\u00edfico en nuestra regi\u00f3n, petitorio que se har\u00e1 llegar al Presidente a trav\u00e9s del Delegado Presidencial, Rodrigo Araya, planteamiento que fue respaldado por el edil.<\/p>\n<p style=\"text-align: justify;\">El alcalde Francisco Roncagliolo, destac\u00f3 la importancia de buscar una soluci\u00f3n que beneficie al rubro de camioneros, porque a su vez tambi\u00e9n beneficiar\u00e1 a todos los consumidores de la regi\u00f3n, que, en estos momentos por temas de log\u00edstica, se ven afectados con valores a\u00fan mayores de los productos.<\/p>\n<p style=\"text-align: justify;\">\u201cEste es un tema transversal, nosotros somos la comuna de Cisnes, somos la puerta de entrada a la regi\u00f3n de Ays\u00e9n en la zona norte, tanto en forma mar\u00edtima como terrestre y efectivamente nos vemos afectados con el aumento de costos y tambi\u00e9n las implicancias que eso tiene con el transporte local. Nosotros somos dependientes de Puerto Montt, somos dependientes de Coyhaique en mucho de lo que significa el abastecimiento y eso se traslada a trav\u00e9s de camiones. Hay una log\u00edstica establecida, que hoy d\u00eda abastece a toda esta isla grande que se llama regi\u00f3n de Ays\u00e9n y por lo mismo el respaldo est\u00e1 en que debemos buscar una soluci\u00f3n, que beneficie al rubro camionero, porque directamente tambi\u00e9n beneficia a todos los que son consumidores\u201d.<\/p>\n<p style=\"text-align: justify;\">Roncagliolo, a\u00f1adi\u00f3 que, cada vez se reciente a\u00fan m\u00e1s el presupuesto de la comunidad, \u201cen la casa de nuestros vecinos se nota la inflaci\u00f3n, se notan los costos, de repente hay variaciones de precios, de productos, que ac\u00e1 en la regi\u00f3n se ven incrementados por lo que significa la log\u00edstica. En muchos aspectos, la log\u00edstica ha aumentado un 30, un 40% en su precio y eso ha afectado tambi\u00e9n las construcciones, construcciones que de una u otra manera dan empleo, entonces, es toda una cadena que est\u00e1 siendo afectada por esta situaci\u00f3n espec\u00edfica del precio de los combustibles\u201d.<\/p>\n<p style=\"text-align: justify;\">El Alcalde de la comuna de Cisnes, tambi\u00e9n fue claro en claro en se\u00f1alar que, el concepto de zona extrema, reconocido por el Estado, debe traducirse en beneficios mayores para nuestra gente, la regi\u00f3n y su desarrollo.<\/p>\n<p style=\"text-align: justify;\">\u201cTenemos que trabajar en c\u00f3mo fortalecer el concepto de zona extrema con beneficios mayores para la regi\u00f3n, pensando en que no estamos pidiendo que nos regalen nada, solamente estamos pidiendo que se nos d\u00e9 la oportunidad de desarrollo, que se nos d\u00e9 la oportunidad de crecimiento y que nos permita vivir mejor, de esa forma, contribuir mejor al pa\u00eds. Si podemos mejorar y desarrollar la regi\u00f3n de Ays\u00e9n, creo yo que, vamos a tener muchos m\u00e1s r\u00e9ditos para el resto del pa\u00eds, muchos m\u00e1s beneficios tambi\u00e9n para el resto del pa\u00eds y as\u00ed mejorar calidad de vida para nuestra gente\u201d.<\/p>\n<p style=\"text-align: justify;\">En la reuni\u00f3n sostenida en el kil\u00f3metro 20 de la ruta Ays\u00e9n \u2013 Coyhaique, AGRECACH levant\u00f3 un petitorio firmado por los asistentes, que se har\u00e1 llegar al Ministerio del Interior, con la finalidad de buscar soluciones a este problema que hoy afecta a toda nuestra regi\u00f3n, principalmente por el alto costo de los combustibles.<\/p>\n<\/div><\/section><\/div><div  style='height:50px' class='hr hr-invisible   avia-builder-el-6  el_after_av_one_full  el_before_av_social_share '><span class='hr-inner ' ><span class='hr-inner-style'><\/span><\/span><\/div><\/p>\n<div  class='av-social-sharing-box  avia-builder-el-7  el_after_av_hr  el_before_av_hr  '><div class='av-share-box'><h5 class='av-share-link-description av-no-toc '>Compartir esta noticia<\/h5><ul class='av-share-box-list noLightbox'><li class='av-share-link av-social-link-facebook' ><a target=\"_blank\" aria-label=\"Compartir en Facebook\" href='https:\/\/www.facebook.com\/sharer.php?u=https:\/\/radiorevelacionfm.cl\/?p=24710&#038;t=Alcalde%20Francisco%20Roncagliolo%20apoya%20petitorio%20de%20camioneros%20de%20la%20regi%C3%B3n%20que%20llegar%C3%A1%20al%20Ministerio%20del%20Interior' aria-hidden='false' data-av_icon='\ue8f3' data-av_iconfont='entypo-fontello' title='' data-avia-related-tooltip='Compartir en Facebook' rel=\"noopener\"><span class='avia_hidden_link_text'>Compartir en Facebook<\/span><\/a><\/li><li class='av-share-link av-social-link-twitter' ><a target=\"_blank\" aria-label=\"Compartir en Twitter\" href='https:\/\/twitter.com\/share?text=Alcalde%20Francisco%20Roncagliolo%20apoya%20petitorio%20de%20camioneros%20de%20la%20regi%C3%B3n%20que%20llegar%C3%A1%20al%20Ministerio%20del%20Interior&#038;url=https:\/\/radiorevelacionfm.cl\/?p=24710' aria-hidden='false' data-av_icon='\ue8f1' data-av_iconfont='entypo-fontello' title='' data-avia-related-tooltip='Compartir en Twitter' rel=\"noopener\"><span class='avia_hidden_link_text'>Compartir en Twitter<\/span><\/a><\/li><li class='av-share-link av-social-link-whatsapp' ><a target=\"_blank\" aria-label=\"Compartir en Whatsapp\" href='https:\/\/api.whatsapp.com\/send?text=https:\/\/radiorevelacionfm.cl\/?p=24710' aria-hidden='false' data-av_icon='\uf232' data-av_iconfont='entypo-fontello' title='' data-avia-related-tooltip='Compartir en Whatsapp' rel=\"noopener\"><span class='avia_hidden_link_text'>Compartir en Whatsapp<\/span><\/a><\/li><li class='av-share-link av-social-link-linkedin' ><a target=\"_blank\" aria-label=\"Compartir en LinkedIn\" href='https:\/\/linkedin.com\/shareArticle?mini=true&#038;title=Alcalde%20Francisco%20Roncagliolo%20apoya%20petitorio%20de%20camioneros%20de%20la%20regi%C3%B3n%20que%20llegar%C3%A1%20al%20Ministerio%20del%20Interior&#038;url=https:\/\/radiorevelacionfm.cl\/?p=24710' aria-hidden='false' data-av_icon='\ue8fc' data-av_iconfont='entypo-fontello' title='' data-avia-related-tooltip='Compartir en LinkedIn' rel=\"noopener\"><span class='avia_hidden_link_text'>Compartir en LinkedIn<\/span><\/a><\/li><li class='av-share-link av-social-link-mail' ><a  aria-label=\"Compartir por correo\" href='mailto:?subject=Alcalde%20Francisco%20Roncagliolo%20apoya%20petitorio%20de%20camioneros%20de%20la%20regi%C3%B3n%20que%20llegar%C3%A1%20al%20Ministerio%20del%20Interior&#038;body=https:\/\/radiorevelacionfm.cl\/?p=24710' aria-hidden='false' data-av_icon='\ue805' data-av_iconfont='entypo-fontello' title='' data-avia-related-tooltip='Compartir por correo'><span class='avia_hidden_link_text'>Compartir por correo<\/span><\/a><\/li><\/ul><\/div><\/div>\n<div  style='height:50px' class='hr hr-invisible   avia-builder-el-8  el_after_av_social_share  el_before_av_comments_list '><span class='hr-inner ' ><span class='hr-inner-style'><\/span><\/span><\/div>\n<div  class='av-buildercomment  av-blog-meta-html-info-disabled av-blog-meta-tag-disabled  '><\/div>\n","protected":false},"excerpt":{"rendered":"","protected":false},"author":1,"featured_media":24711,"comment_status":"open","ping_status":"open","sticky":false,"template":"","format":"standard","meta":{"footnotes":""},"categories":[38],"tags":[],"class_list":["post-24710","post","type-post","status-publish","format-standard","has-post-thumbnail","hentry","category-regional"],"jetpack_featured_media_url":"https:\/\/radiorevelacionfm.cl\/wp-content\/uploads\/2022\/11\/ALCALDE-CAMIONEROS-3-1-1.jpeg","_links":{"self":[{"href":"https:\/\/radiorevelacionfm.cl\/index.php?rest_route=\/wp\/v2\/posts\/24710","targetHints":{"allow":["GET"]}}],"collection":[{"href":"https:\/\/radiorevelacionfm.cl\/index.php?rest_route=\/wp\/v2\/posts"}],"about":[{"href":"https:\/\/radiorevelacionfm.cl\/index.php?rest_route=\/wp\/v2\/types\/post"}],"author":[{"embeddable":true,"href":"https:\/\/radiorevelacionfm.cl\/index.php?rest_route=\/wp\/v2\/users\/1"}],"replies":[{"embeddable":true,"href":"https:\/\/radiorevelacionfm.cl\/index.php?rest_route=%2Fwp%2Fv2%2Fcomments&post=24710"}],"version-history":[{"count":2,"href":"https:\/\/radiorevelacionfm.cl\/index.php?rest_route=\/wp\/v2\/posts\/24710\/revisions"}],"predecessor-version":[{"id":24713,"href":"https:\/\/radiorevelacionfm.cl\/index.php?rest_route=\/wp\/v2\/posts\/24710\/revisions\/24713"}],"wp:featuredmedia":[{"embeddable":true,"href":"https:\/\/radiorevelacionfm.cl\/index.php?rest_route=\/wp\/v2\/media\/24711"}],"wp:attachment":[{"href":"https:\/\/radiorevelacionfm.cl\/index.php?rest_route=%2Fwp%2Fv2%2Fmedia&parent=24710"}],"wp:term":[{"taxonomy":"category","embeddable":true,"href":"https:\/\/radiorevelacionfm.cl\/index.php?rest_route=%2Fwp%2Fv2%2Fcategories&post=24710"},{"taxonomy":"post_tag","embeddable":true,"href":"https:\/\/radiorevelacionfm.cl\/index.php?rest_route=%2Fwp%2Fv2%2Ftags&post=24710"}],"curies":[{"name":"wp","href":"https:\/\/api.w.org\/{rel}","templated":true}]}}