{"id":24700,"date":"2022-11-25T19:48:55","date_gmt":"2022-11-25T22:48:55","guid":{"rendered":"https:\/\/radiorevelacionfm.cl\/?p=24700"},"modified":"2022-11-25T19:48:55","modified_gmt":"2022-11-25T22:48:55","slug":"pdi-detiene-en-flagrancia-a-imputado-por-delito-de-lesiones-leves-en-contexto-de-violencia-intrafamiliar","status":"publish","type":"post","link":"https:\/\/radiorevelacionfm.cl\/?p=24700","title":{"rendered":"PDI detiene en flagrancia a imputado por delito de lesiones leves en contexto de violencia intrafamiliar"},"content":{"rendered":"<div class=\"flex_column av_one_full  flex_column_div av-zero-column-padding first  avia-builder-el-0  el_before_av_one_full  avia-builder-el-first  \" style='border-radius:0px; '><div  class='avia-image-container  av-styling-    avia-builder-el-1  avia-builder-el-no-sibling  avia-align-center '  itemprop=\"image\" itemscope=\"itemscope\" itemtype=\"https:\/\/schema.org\/ImageObject\"  ><div class='avia-image-container-inner'><div class='avia-image-overlay-wrap'><img decoding=\"async\" class='wp-image-6578 avia-img-lazy-loading-not-6578 avia_image' src=\"https:\/\/radiorevelacionfm.cl\/wp-content\/uploads\/2021\/07\/PDI-detencion1-1.jpg\" alt='' title='PDI-detencion1 (1)' height=\"600\" width=\"778\"  itemprop=\"thumbnailUrl\" srcset=\"https:\/\/radiorevelacionfm.cl\/wp-content\/uploads\/2021\/07\/PDI-detencion1-1.jpg 778w, https:\/\/radiorevelacionfm.cl\/wp-content\/uploads\/2021\/07\/PDI-detencion1-1-300x231.jpg 300w, https:\/\/radiorevelacionfm.cl\/wp-content\/uploads\/2021\/07\/PDI-detencion1-1-768x592.jpg 768w, https:\/\/radiorevelacionfm.cl\/wp-content\/uploads\/2021\/07\/PDI-detencion1-1-705x544.jpg 705w, https:\/\/radiorevelacionfm.cl\/wp-content\/uploads\/2021\/07\/PDI-detencion1-1-600x463.jpg 600w\" sizes=\"(max-width: 778px) 100vw, 778px\" \/><\/div><\/div><\/div><\/div><div class=\"flex_column av_one_full  flex_column_div av-zero-column-padding first  avia-builder-el-2  el_after_av_one_full  el_before_av_one_full  column-top-margin\" style='border-radius:0px; '><section class=\"av_textblock_section \"  itemscope=\"itemscope\" itemtype=\"https:\/\/schema.org\/BlogPosting\" itemprop=\"blogPost\" ><div class='avia_textblock  '   itemprop=\"text\" ><p style=\"text-align: center;\"><span style=\"font-size: 18pt;\"><strong>PDI detiene en flagrancia a imputado por delito de lesiones leves en contexto de violencia intrafamiliar<\/strong><\/span><\/p>\n<div id=\"gtx-trans\" style=\"position: absolute; left: -50px; top: 4.31534px;\">\n<div class=\"gtx-trans-icon\"><\/div>\n<\/div>\n<\/div><\/section><\/div><div class=\"flex_column av_one_full  flex_column_div av-zero-column-padding first  avia-builder-el-4  el_after_av_one_full  el_before_av_hr  column-top-margin\" style='border-radius:0px; '><section class=\"av_textblock_section \"  itemscope=\"itemscope\" itemtype=\"https:\/\/schema.org\/BlogPosting\" itemprop=\"blogPost\" ><div class='avia_textblock  '   itemprop=\"text\" ><p style=\"text-align: justify;\">Funcionarios de la Brigada Investigadora de Delitos Sexuales (BRISEX) Coyhaique de la Polic\u00eda de Investigaciones de Chile, durante la tarde del jueves 24 de noviembre, detuvieron a un hombre por el delito flagrante de lesiones leves en contexto de violencia intrafamiliar, hechos ocurridos en la v\u00eda p\u00fablica en un sector cercano al centro de la ciudad de Coyhaique.<\/p>\n<p style=\"text-align: justify;\">Al respecto, la subprefecta Isabel Hern\u00e1ndez, jefa de la BRISEX Coyhaique, indic\u00f3 que \u201cnuestros funcionarios, mientras realizaban diligencias por la ciudad de Coyhaique, se percatan que un sujeto estaba agrediendo con golpes de pu\u00f1o en el rostro a una mujer, raz\u00f3n por la cual se procede a la detenci\u00f3n en flagrancia del imputado\u201d<\/p>\n<p style=\"text-align: justify;\">Dentro de las primeras diligencias, explic\u00f3 la jefa de la unidad especializada, \u201cla v\u00edctima fue auxiliada y conducida hasta el Hospital Regional donde se le constaron lesiones leves\u201d.<\/p>\n<p style=\"text-align: justify;\">Todos los antecedentes fueron informados al Ministerio P\u00fablico, quien instruy\u00f3 que el detenido fuera puesto a disposici\u00f3n del Juzgado de Garant\u00eda de Coyhaique durante la jornada de este viernes 25 de noviembre para su control de detenci\u00f3n y formalizaci\u00f3n por el delito de lesiones leves en contexto de violencia intrafamiliar.<\/p>\n<p style=\"text-align: justify;\">Desde la PDI indicaron que el detenido corresponde a un hombre mayor de edad que mantiene antecedentes policiales por los delitos de receptaci\u00f3n y lesiones menos graves, adem\u00e1s, manejo en estado de ebriedad.<\/p>\n<p style=\"text-align: justify;\">El oportuno actuar de los funcionarios policiales permiti\u00f3 intervenir inmediatamente en la situaci\u00f3n, justamente en el D\u00eda de la Erradicaci\u00f3n de la Violencia Contra las Mujeres, en ese sentido, la subprefecta Isabel Hern\u00e1ndez subray\u00f3 que \u201ctodos como sociedad debemos trabajar unidos por eliminar la violencia contra las mujeres y ni\u00f1as\u201d.<\/p>\n<p style=\"text-align: justify;\">Finalmente, la jefa de la unidad especializada destac\u00f3 que \u201cla Polic\u00eda de Investigaciones de Chile, dentro de sus funciones, trabaja d\u00eda a d\u00eda contribuyendo en el esclarecimiento de los delitos asociados a la violencia contra las mujeres\u201d, y realiz\u00f3 un llamado a estar alerta sobre estos hechos, indicando que \u201cla denuncia oportuna y temprana, la acci\u00f3n de familiares y primeras redes de apoyo, siempre van a ser un pilar fundamental para que las polic\u00edas podamos trabajar en el esclarecimiento de este tipo de delitos junto al Ministerio P\u00fablico\u201d.<\/p>\n<\/div><\/section><\/div><div  style='height:50px' class='hr hr-invisible   avia-builder-el-6  el_after_av_one_full  el_before_av_social_share '><span class='hr-inner ' ><span class='hr-inner-style'><\/span><\/span><\/div><\/p>\n<div  class='av-social-sharing-box  avia-builder-el-7  el_after_av_hr  el_before_av_hr  '><div class='av-share-box'><h5 class='av-share-link-description av-no-toc '>Compartir esta noticia<\/h5><ul class='av-share-box-list noLightbox'><li class='av-share-link av-social-link-facebook' ><a target=\"_blank\" aria-label=\"Compartir en Facebook\" href='https:\/\/www.facebook.com\/sharer.php?u=https:\/\/radiorevelacionfm.cl\/?p=24700&#038;t=PDI%20detiene%20en%20flagrancia%20a%20imputado%20por%20delito%20de%20lesiones%20leves%20en%20contexto%20de%20violencia%20intrafamiliar' aria-hidden='false' data-av_icon='\ue8f3' data-av_iconfont='entypo-fontello' title='' data-avia-related-tooltip='Compartir en Facebook' rel=\"noopener\"><span class='avia_hidden_link_text'>Compartir en Facebook<\/span><\/a><\/li><li class='av-share-link av-social-link-twitter' ><a target=\"_blank\" aria-label=\"Compartir en Twitter\" href='https:\/\/twitter.com\/share?text=PDI%20detiene%20en%20flagrancia%20a%20imputado%20por%20delito%20de%20lesiones%20leves%20en%20contexto%20de%20violencia%20intrafamiliar&#038;url=https:\/\/radiorevelacionfm.cl\/?p=24700' aria-hidden='false' data-av_icon='\ue8f1' data-av_iconfont='entypo-fontello' title='' data-avia-related-tooltip='Compartir en Twitter' rel=\"noopener\"><span class='avia_hidden_link_text'>Compartir en Twitter<\/span><\/a><\/li><li class='av-share-link av-social-link-whatsapp' ><a target=\"_blank\" aria-label=\"Compartir en Whatsapp\" href='https:\/\/api.whatsapp.com\/send?text=https:\/\/radiorevelacionfm.cl\/?p=24700' aria-hidden='false' data-av_icon='\uf232' data-av_iconfont='entypo-fontello' title='' data-avia-related-tooltip='Compartir en Whatsapp' rel=\"noopener\"><span class='avia_hidden_link_text'>Compartir en Whatsapp<\/span><\/a><\/li><li class='av-share-link av-social-link-linkedin' ><a target=\"_blank\" aria-label=\"Compartir en LinkedIn\" href='https:\/\/linkedin.com\/shareArticle?mini=true&#038;title=PDI%20detiene%20en%20flagrancia%20a%20imputado%20por%20delito%20de%20lesiones%20leves%20en%20contexto%20de%20violencia%20intrafamiliar&#038;url=https:\/\/radiorevelacionfm.cl\/?p=24700' aria-hidden='false' data-av_icon='\ue8fc' data-av_iconfont='entypo-fontello' title='' data-avia-related-tooltip='Compartir en LinkedIn' rel=\"noopener\"><span class='avia_hidden_link_text'>Compartir en LinkedIn<\/span><\/a><\/li><li class='av-share-link av-social-link-mail' ><a  aria-label=\"Compartir por correo\" href='mailto:?subject=PDI%20detiene%20en%20flagrancia%20a%20imputado%20por%20delito%20de%20lesiones%20leves%20en%20contexto%20de%20violencia%20intrafamiliar&#038;body=https:\/\/radiorevelacionfm.cl\/?p=24700' aria-hidden='false' data-av_icon='\ue805' data-av_iconfont='entypo-fontello' title='' data-avia-related-tooltip='Compartir por correo'><span class='avia_hidden_link_text'>Compartir por correo<\/span><\/a><\/li><\/ul><\/div><\/div>\n<div  style='height:50px' class='hr hr-invisible   avia-builder-el-8  el_after_av_social_share  el_before_av_comments_list '><span class='hr-inner ' ><span class='hr-inner-style'><\/span><\/span><\/div>\n<div  class='av-buildercomment  av-blog-meta-html-info-disabled av-blog-meta-tag-disabled  '><\/div>\n","protected":false},"excerpt":{"rendered":"","protected":false},"author":1,"featured_media":6578,"comment_status":"open","ping_status":"open","sticky":false,"template":"","format":"standard","meta":{"footnotes":""},"categories":[36],"tags":[],"class_list":["post-24700","post","type-post","status-publish","format-standard","has-post-thumbnail","hentry","category-policial"],"jetpack_featured_media_url":"https:\/\/radiorevelacionfm.cl\/wp-content\/uploads\/2021\/07\/PDI-detencion1-1.jpg","_links":{"self":[{"href":"https:\/\/radiorevelacionfm.cl\/index.php?rest_route=\/wp\/v2\/posts\/24700","targetHints":{"allow":["GET"]}}],"collection":[{"href":"https:\/\/radiorevelacionfm.cl\/index.php?rest_route=\/wp\/v2\/posts"}],"about":[{"href":"https:\/\/radiorevelacionfm.cl\/index.php?rest_route=\/wp\/v2\/types\/post"}],"author":[{"embeddable":true,"href":"https:\/\/radiorevelacionfm.cl\/index.php?rest_route=\/wp\/v2\/users\/1"}],"replies":[{"embeddable":true,"href":"https:\/\/radiorevelacionfm.cl\/index.php?rest_route=%2Fwp%2Fv2%2Fcomments&post=24700"}],"version-history":[{"count":2,"href":"https:\/\/radiorevelacionfm.cl\/index.php?rest_route=\/wp\/v2\/posts\/24700\/revisions"}],"predecessor-version":[{"id":24702,"href":"https:\/\/radiorevelacionfm.cl\/index.php?rest_route=\/wp\/v2\/posts\/24700\/revisions\/24702"}],"wp:featuredmedia":[{"embeddable":true,"href":"https:\/\/radiorevelacionfm.cl\/index.php?rest_route=\/wp\/v2\/media\/6578"}],"wp:attachment":[{"href":"https:\/\/radiorevelacionfm.cl\/index.php?rest_route=%2Fwp%2Fv2%2Fmedia&parent=24700"}],"wp:term":[{"taxonomy":"category","embeddable":true,"href":"https:\/\/radiorevelacionfm.cl\/index.php?rest_route=%2Fwp%2Fv2%2Fcategories&post=24700"},{"taxonomy":"post_tag","embeddable":true,"href":"https:\/\/radiorevelacionfm.cl\/index.php?rest_route=%2Fwp%2Fv2%2Ftags&post=24700"}],"curies":[{"name":"wp","href":"https:\/\/api.w.org\/{rel}","templated":true}]}}