{"id":24693,"date":"2022-11-25T18:14:32","date_gmt":"2022-11-25T21:14:32","guid":{"rendered":"https:\/\/radiorevelacionfm.cl\/?p=24693"},"modified":"2022-11-25T20:56:40","modified_gmt":"2022-11-25T23:56:40","slug":"nuevo-golpe-trafico-de-drogas-en-aysen-fiscalia-y-pdi-detienen-en-la-junta-a-dos-personas-e-incautan-cannabis-cocaina-y-ketamina","status":"publish","type":"post","link":"https:\/\/radiorevelacionfm.cl\/?p=24693","title":{"rendered":"Nuevo golpe al tr\u00e1fico de drogas en Ays\u00e9n: En La Junta detienen a dos personas e incautan cannabis, coca\u00edna y ketamina"},"content":{"rendered":"<div class=\"flex_column av_one_full  flex_column_div av-zero-column-padding first  avia-builder-el-0  el_before_av_one_full  avia-builder-el-first  \" style='border-radius:0px; '><div  class='avia-image-container  av-styling-    avia-builder-el-1  avia-builder-el-no-sibling  avia-align-center '  itemprop=\"image\" itemscope=\"itemscope\" itemtype=\"https:\/\/schema.org\/ImageObject\"  ><div class='avia-image-container-inner'><div class='avia-image-overlay-wrap'><img decoding=\"async\" class='wp-image-24694 avia-img-lazy-loading-not-24694 avia_image' src=\"https:\/\/radiorevelacionfm.cl\/wp-content\/uploads\/2022\/11\/Evidencia-procedimiento-MT0-La-Junta-001-1-1.jpeg\" alt='' title='Evidencia procedimiento MT0 La Junta 001 (1) (1)' height=\"600\" width=\"800\"  itemprop=\"thumbnailUrl\" srcset=\"https:\/\/radiorevelacionfm.cl\/wp-content\/uploads\/2022\/11\/Evidencia-procedimiento-MT0-La-Junta-001-1-1.jpeg 800w, https:\/\/radiorevelacionfm.cl\/wp-content\/uploads\/2022\/11\/Evidencia-procedimiento-MT0-La-Junta-001-1-1-300x225.jpeg 300w, https:\/\/radiorevelacionfm.cl\/wp-content\/uploads\/2022\/11\/Evidencia-procedimiento-MT0-La-Junta-001-1-1-768x576.jpeg 768w, https:\/\/radiorevelacionfm.cl\/wp-content\/uploads\/2022\/11\/Evidencia-procedimiento-MT0-La-Junta-001-1-1-705x529.jpeg 705w, https:\/\/radiorevelacionfm.cl\/wp-content\/uploads\/2022\/11\/Evidencia-procedimiento-MT0-La-Junta-001-1-1-600x450.jpeg 600w\" sizes=\"(max-width: 800px) 100vw, 800px\" \/><\/div><\/div><\/div><\/div>\n<div class=\"flex_column av_one_full  flex_column_div av-zero-column-padding first  avia-builder-el-2  el_after_av_one_full  el_before_av_one_full  column-top-margin\" style='border-radius:0px; '><section class=\"av_textblock_section \"  itemscope=\"itemscope\" itemtype=\"https:\/\/schema.org\/BlogPosting\" itemprop=\"blogPost\" ><div class='avia_textblock  '   itemprop=\"text\" ><p style=\"text-align: center;\"><strong><span style=\"font-size: x-large;\">Nuevo golpe al tr\u00e1fico de drogas en Ays\u00e9n: En La Junta\u00a0detienen a dos personas e incautan cannabis, coca\u00edna y ketamina<\/span><\/strong><\/p>\n<div id=\"gtx-trans\" style=\"position: absolute; left: -50px; top: 4.31534px;\">\n<div class=\"gtx-trans-icon\"><\/div>\n<\/div>\n<\/div><\/section><\/div><div class=\"flex_column av_one_full  flex_column_div av-zero-column-padding first  avia-builder-el-4  el_after_av_one_full  el_before_av_hr  column-top-margin\" style='border-radius:0px; '><section class=\"av_textblock_section \"  itemscope=\"itemscope\" itemtype=\"https:\/\/schema.org\/BlogPosting\" itemprop=\"blogPost\" ><div class='avia_textblock  '   itemprop=\"text\" ><p style=\"text-align: justify;\">En una investigaci\u00f3n por tr\u00e1fico de drogas dirigida por la Unidad de Drogas de la Fiscal\u00eda Regional de Ays\u00e9n, a cargo de la fiscal adjunto Mar\u00eda In\u00e9s N\u00fa\u00f1ez Briso y en conjunto a la Agrupaci\u00f3n Microtr\u00e1fico Cero de la Brigada de Investigaci\u00f3n Criminal Ays\u00e9n de la Polic\u00eda de Investigaciones de Chile, se logr\u00f3 la detenci\u00f3n de dos personas en la localidad de La Junta el pasado d\u00eda mi\u00e9rcoles 23 de noviembre.<\/p>\n<p style=\"text-align: justify;\">Ambos imputados fueron formalizados como autores del delito de tr\u00e1fico de drogas que dispone el art\u00edculo N\u00b03 de la ley 20.000, en el Tribunal de Garant\u00eda de Puerto Cisnes, audiencia a la que asisti\u00f3 la abogada Marcela Parada Vald\u00e9s. All\u00ed, el Juez de Garant\u00eda que presidi\u00f3 la audiencia, Fernando Acu\u00f1a, previa solicitud de la Fiscal\u00eda, decret\u00f3 la prisi\u00f3n preventiva de los imputados y fij\u00f3 un plazo de investigaci\u00f3n de 90 d\u00edas, seg\u00fan explic\u00f3 la fiscal N\u00fa\u00f1ez Briso.<\/p>\n<p style=\"text-align: justify;\">PROCEDIMIENTO<\/p>\n<p style=\"text-align: justify;\">Por su parte, el jefe de la Prefectura Provincial Ays\u00e9n, prefecto Eduardo Charpentier, indic\u00f3 que \u201cnuestros detectives lograron detectar y detener en la localidad de La Junta a dos ciudadanos provenientes de Puerto Montt, por el delito de tr\u00e1fico de droga\u201d, agregando que \u201cestas personas se dedicaban a transportar y comercializar diferentes tipos de drogas en la Regi\u00f3n de Ays\u00e9n\u201d.<\/p>\n<p style=\"text-align: justify;\">Sobre los resultados, el prefecto Eduardo Charpentier, destac\u00f3 que \u201cel trabajo investigativo nos permiti\u00f3 sacar de circulaci\u00f3n y evitar la comercializaci\u00f3n de 3.479 dosis de cannabis sativa, ketamina y clorhidrato de coca\u00edna, cuyo aval\u00fao aproximado corresponde a 17 millones y 700 mil pesos\u201d.<\/p>\n<p style=\"text-align: justify;\">As\u00ed, durante el procedimiento antinarc\u00f3ticos se incautaron 376 gramos de cannabis sativa, 576 gramos de clorhidrato de coca\u00edna y 18 gramos de ketamina, adem\u00e1s, dinero en efectivo, un veh\u00edculo y elementos para la dosificaci\u00f3n y comercializaci\u00f3n de las sustancias il\u00edcitas.<\/p>\n<p style=\"text-align: justify;\">De acuerdo a informaci\u00f3n proporcionada por la PDI, se trata de personas mayores de edad, un hombre sin antecedentes policiales y una mujer con antecedentes policiales, la cual manten\u00eda una orden de detenci\u00f3n vigente por el delito de falsificaci\u00f3n o uso malicioso de documentos privados del Juzgado de Garant\u00eda de Puerto Montt.<\/p>\n<p style=\"text-align: justify;\">Finalmente, el prefecto Eduardo Charpentier indic\u00f3 que \u201chacemos un llamado a la comunidad a denunciar de forma an\u00f3nima en los complejos policiales o a trav\u00e9s de la plataforma Denuncia Seguro\u201d.<\/p>\n<\/div><\/section><\/div><\/p>\n<div  style='height:50px' class='hr hr-invisible   avia-builder-el-6  el_after_av_one_full  el_before_av_social_share '><span class='hr-inner ' ><span class='hr-inner-style'><\/span><\/span><\/div>\n<div  class='av-social-sharing-box  avia-builder-el-7  el_after_av_hr  el_before_av_hr  '><div class='av-share-box'><h5 class='av-share-link-description av-no-toc '>Compartir esta noticia<\/h5><ul class='av-share-box-list noLightbox'><li class='av-share-link av-social-link-facebook' ><a target=\"_blank\" aria-label=\"Compartir en Facebook\" href='https:\/\/www.facebook.com\/sharer.php?u=https:\/\/radiorevelacionfm.cl\/?p=24693&#038;t=Nuevo%20golpe%20al%20tr%C3%A1fico%20de%20drogas%20en%20Ays%C3%A9n%3A%20En%20La%20Junta%20detienen%20a%20dos%20personas%20e%20incautan%20cannabis%2C%20coca%C3%ADna%20y%20ketamina' aria-hidden='false' data-av_icon='\ue8f3' data-av_iconfont='entypo-fontello' title='' data-avia-related-tooltip='Compartir en Facebook' rel=\"noopener\"><span class='avia_hidden_link_text'>Compartir en Facebook<\/span><\/a><\/li><li class='av-share-link av-social-link-twitter' ><a target=\"_blank\" aria-label=\"Compartir en Twitter\" href='https:\/\/twitter.com\/share?text=Nuevo%20golpe%20al%20tr%C3%A1fico%20de%20drogas%20en%20Ays%C3%A9n%3A%20En%20La%20Junta%20detienen%20a%20dos%20personas%20e%20incautan%20cannabis%2C%20coca%C3%ADna%20y%20ketamina&#038;url=https:\/\/radiorevelacionfm.cl\/?p=24693' aria-hidden='false' data-av_icon='\ue8f1' data-av_iconfont='entypo-fontello' title='' data-avia-related-tooltip='Compartir en Twitter' rel=\"noopener\"><span class='avia_hidden_link_text'>Compartir en Twitter<\/span><\/a><\/li><li class='av-share-link av-social-link-whatsapp' ><a target=\"_blank\" aria-label=\"Compartir en Whatsapp\" href='https:\/\/api.whatsapp.com\/send?text=https:\/\/radiorevelacionfm.cl\/?p=24693' aria-hidden='false' data-av_icon='\uf232' data-av_iconfont='entypo-fontello' title='' data-avia-related-tooltip='Compartir en Whatsapp' rel=\"noopener\"><span class='avia_hidden_link_text'>Compartir en Whatsapp<\/span><\/a><\/li><li class='av-share-link av-social-link-linkedin' ><a target=\"_blank\" aria-label=\"Compartir en LinkedIn\" href='https:\/\/linkedin.com\/shareArticle?mini=true&#038;title=Nuevo%20golpe%20al%20tr%C3%A1fico%20de%20drogas%20en%20Ays%C3%A9n%3A%20En%20La%20Junta%20detienen%20a%20dos%20personas%20e%20incautan%20cannabis%2C%20coca%C3%ADna%20y%20ketamina&#038;url=https:\/\/radiorevelacionfm.cl\/?p=24693' aria-hidden='false' data-av_icon='\ue8fc' data-av_iconfont='entypo-fontello' title='' data-avia-related-tooltip='Compartir en LinkedIn' rel=\"noopener\"><span class='avia_hidden_link_text'>Compartir en LinkedIn<\/span><\/a><\/li><li class='av-share-link av-social-link-mail' ><a  aria-label=\"Compartir por correo\" href='mailto:?subject=Nuevo%20golpe%20al%20tr%C3%A1fico%20de%20drogas%20en%20Ays%C3%A9n%3A%20En%20La%20Junta%20detienen%20a%20dos%20personas%20e%20incautan%20cannabis%2C%20coca%C3%ADna%20y%20ketamina&#038;body=https:\/\/radiorevelacionfm.cl\/?p=24693' aria-hidden='false' data-av_icon='\ue805' data-av_iconfont='entypo-fontello' title='' data-avia-related-tooltip='Compartir por correo'><span class='avia_hidden_link_text'>Compartir por correo<\/span><\/a><\/li><\/ul><\/div><\/div>\n<div  style='height:50px' class='hr hr-invisible   avia-builder-el-8  el_after_av_social_share  el_before_av_comments_list '><span class='hr-inner ' ><span class='hr-inner-style'><\/span><\/span><\/div>\n<div  class='av-buildercomment  av-blog-meta-html-info-disabled av-blog-meta-tag-disabled  '><\/div>\n","protected":false},"excerpt":{"rendered":"","protected":false},"author":1,"featured_media":24694,"comment_status":"open","ping_status":"open","sticky":false,"template":"","format":"standard","meta":{"footnotes":""},"categories":[36],"tags":[],"class_list":["post-24693","post","type-post","status-publish","format-standard","has-post-thumbnail","hentry","category-policial"],"jetpack_featured_media_url":"https:\/\/radiorevelacionfm.cl\/wp-content\/uploads\/2022\/11\/Evidencia-procedimiento-MT0-La-Junta-001-1-1.jpeg","_links":{"self":[{"href":"https:\/\/radiorevelacionfm.cl\/index.php?rest_route=\/wp\/v2\/posts\/24693","targetHints":{"allow":["GET"]}}],"collection":[{"href":"https:\/\/radiorevelacionfm.cl\/index.php?rest_route=\/wp\/v2\/posts"}],"about":[{"href":"https:\/\/radiorevelacionfm.cl\/index.php?rest_route=\/wp\/v2\/types\/post"}],"author":[{"embeddable":true,"href":"https:\/\/radiorevelacionfm.cl\/index.php?rest_route=\/wp\/v2\/users\/1"}],"replies":[{"embeddable":true,"href":"https:\/\/radiorevelacionfm.cl\/index.php?rest_route=%2Fwp%2Fv2%2Fcomments&post=24693"}],"version-history":[{"count":3,"href":"https:\/\/radiorevelacionfm.cl\/index.php?rest_route=\/wp\/v2\/posts\/24693\/revisions"}],"predecessor-version":[{"id":24704,"href":"https:\/\/radiorevelacionfm.cl\/index.php?rest_route=\/wp\/v2\/posts\/24693\/revisions\/24704"}],"wp:featuredmedia":[{"embeddable":true,"href":"https:\/\/radiorevelacionfm.cl\/index.php?rest_route=\/wp\/v2\/media\/24694"}],"wp:attachment":[{"href":"https:\/\/radiorevelacionfm.cl\/index.php?rest_route=%2Fwp%2Fv2%2Fmedia&parent=24693"}],"wp:term":[{"taxonomy":"category","embeddable":true,"href":"https:\/\/radiorevelacionfm.cl\/index.php?rest_route=%2Fwp%2Fv2%2Fcategories&post=24693"},{"taxonomy":"post_tag","embeddable":true,"href":"https:\/\/radiorevelacionfm.cl\/index.php?rest_route=%2Fwp%2Fv2%2Ftags&post=24693"}],"curies":[{"name":"wp","href":"https:\/\/api.w.org\/{rel}","templated":true}]}}