{"id":24690,"date":"2022-11-25T18:43:26","date_gmt":"2022-11-25T21:43:26","guid":{"rendered":"https:\/\/radiorevelacionfm.cl\/?p=24690"},"modified":"2022-11-25T18:43:26","modified_gmt":"2022-11-25T21:43:26","slug":"diputado-calisto-le-plantea-al-presidente-boric-crisis-de-conectividad-que-vive-chile-chico-y-le-pide-agilizar-una-solucion-concreta","status":"publish","type":"post","link":"https:\/\/radiorevelacionfm.cl\/?p=24690","title":{"rendered":"Diputado Calisto le plantea al presidente Boric crisis de conectividad que vive Chile Chico y le pide agilizar una soluci\u00f3n concreta"},"content":{"rendered":"<div class=\"flex_column av_one_full  flex_column_div av-zero-column-padding first  avia-builder-el-0  el_before_av_one_full  avia-builder-el-first  \" style='border-radius:0px; '><div  class='avia-image-container  av-styling-    avia-builder-el-1  avia-builder-el-no-sibling  avia-align-center '  itemprop=\"image\" itemscope=\"itemscope\" itemtype=\"https:\/\/schema.org\/ImageObject\"  ><div class='avia-image-container-inner'><div class='avia-image-overlay-wrap'><img decoding=\"async\" class='wp-image-24691 avia-img-lazy-loading-not-24691 avia_image' src=\"https:\/\/radiorevelacionfm.cl\/wp-content\/uploads\/2022\/11\/Calisto-con-Boric-1.jpeg\" alt='' title='Calisto con Boric (1)' height=\"600\" width=\"428\"  itemprop=\"thumbnailUrl\" srcset=\"https:\/\/radiorevelacionfm.cl\/wp-content\/uploads\/2022\/11\/Calisto-con-Boric-1.jpeg 428w, https:\/\/radiorevelacionfm.cl\/wp-content\/uploads\/2022\/11\/Calisto-con-Boric-1-214x300.jpeg 214w\" sizes=\"(max-width: 428px) 100vw, 428px\" \/><\/div><\/div><\/div><\/div><div class=\"flex_column av_one_full  flex_column_div av-zero-column-padding first  avia-builder-el-2  el_after_av_one_full  el_before_av_one_full  column-top-margin\" style='border-radius:0px; '><section class=\"av_textblock_section \"  itemscope=\"itemscope\" itemtype=\"https:\/\/schema.org\/BlogPosting\" itemprop=\"blogPost\" ><div class='avia_textblock  '   itemprop=\"text\" ><p style=\"text-align: center;\"><span style=\"font-size: 18pt;\"><b><span lang=\"ES\">Diputado Calisto le plantea al presidente Boric crisis de conectividad que vive Chile Chico y le pide agilizar una soluci\u00f3n concreta<\/span><\/b><\/span><\/p>\n<div id=\"gtx-trans\" style=\"position: absolute; left: -50px; top: 4.31534px;\">\n<div class=\"gtx-trans-icon\"><\/div>\n<\/div>\n<\/div><\/section><\/div><div class=\"flex_column av_one_full  flex_column_div av-zero-column-padding first  avia-builder-el-4  el_after_av_one_full  el_before_av_hr  column-top-margin\" style='border-radius:0px; '><section class=\"av_textblock_section \"  itemscope=\"itemscope\" itemtype=\"https:\/\/schema.org\/BlogPosting\" itemprop=\"blogPost\" ><div class='avia_textblock  '   itemprop=\"text\" ><p style=\"font-weight: 400; text-align: justify;\">Ante la grave crisis de conectividad que afecta a la ciudad de Chile Chico y a las otras localidades de la cuenca del lago General Carrera luego que encallara la barcaza Chelenko, el diputado Miguel \u00c1ngel Calisto le pidi\u00f3 al propio presidente Gabriel Boric que se busque una pronta soluci\u00f3n a este problema que mantiene a los habitantes de este sector de la regi\u00f3n practicamente aislados.<\/p>\n<p style=\"font-weight: 400; text-align: justify;\">Seg\u00fan el diputado Miguel \u00c1ngel Calisto, quien comparti\u00f3 con el mandatario en la gira que este est\u00e1 realizando por M\u00e9xico, \u201csostuve una reuni\u00f3n con el Presidente de la Rep\u00fablica, Gabriel Boric, donde le plantee la grave situaci\u00f3n de conectividad que vivimos en el Lago General Carrera. Ya estamos cansados en la regi\u00f3n de esta problem\u00e1tica, porque afecta directamente a los vecinos de Puerto Ib\u00e1\u00f1ez, Chile Chico y toda la cuenca del lago\u201d.<\/p>\n<p style=\"font-weight: 400; text-align: justify;\">\u201cLe planteamos al Presidente que de manera urgente se debe pensar en soluciones r\u00e1pidas, como podr\u00eda ser arrendar una embarcaci\u00f3n que permita conectar a las localidades del lago. Esperamos que en diciembre tal cual como est\u00e1 estipulado en el acuerdo, la Tehuelche vuelva a funcionar, pero aun as\u00ed necesitamos otra barcaza, porque si hay nuevas fallas, volveremos a lo mismo\u201d, se\u00f1al\u00f3.<\/p>\n<p style=\"font-weight: 400; text-align: justify;\">Calisto indic\u00f3 que \u201cnecesitamos garant\u00edas. El presidente tom\u00f3 cartas en el asunto y habl\u00f3 con el Ministro de Transportes y el Ministro de Obras P\u00fablicas, espero que una soluci\u00f3n se concrete lo antes posible. Tambi\u00e9n espero que logremos tener tambi\u00e9n una nueva embarcaci\u00f3n, porque necesitamos tener alternativas de conectividad, porque ya estamos cansados de este problema que aflige a los vecinos de la cuenca del lago permanentemente\u201d.<\/p>\n<p style=\"font-weight: 400; text-align: justify;\"><strong>\u00a0<\/strong><\/p>\n<p style=\"font-weight: 400; text-align: justify;\"><strong>La reacci\u00f3n de los concejales<\/strong><\/p>\n<p style=\"font-weight: 400; text-align: justify;\"><strong>\u00a0<\/strong>Por su parte, el concejal Ariel Keim, indic\u00f3 que \u201cnuevamente estamos sin conectividad lacustre. La barcaza Chelenko nuevamente sufre una falla que puso en riesgo la seguridad de cada uno de los pasajeros y de los distintos usuarios que iban en ese momento viajando. Hacemos el llamado a autoridades a nivel nacional, porque a nivel regional continuamos con soluciones parche, continuamos improvisando\u201d.<\/p>\n<p style=\"font-weight: 400; text-align: justify;\">\u201cNecesitamos que salga prontamente la Tehuelche a navegar. Necesitamos tambi\u00e9n la disponibilidad presupuestaria para poder agilizar los plazos y los tiempos para tener una segunda embarcaci\u00f3n navegando en el lago General Carrera. No puede ser que la propuesta sea para contar con otra embarcaci\u00f3n el 2024 o 2025. Necesitamos respuestas r\u00e1pidas y concretas para toda la comunidad de Chile Chico\u201d, indic\u00f3 el concejal.<\/p>\n<p style=\"font-weight: 400; text-align: justify;\">El otro concejal de Chile Chico, Mario Figueroa, se\u00f1al\u00f3 que \u201cdesafortunadamente volvemos a fojas cero en el tema de conectividad en Chile Chico. Estamos pr\u00e1cticamente aislados. Chile Chico siente el abandono de las autoridades. Hoy en d\u00eda nuestros adultos mayores no pueden salir a las horas m\u00e9dicas al hospital de Coyhaique. Nuestros estudiantes no pueden volver a nuestra localidad para estar con sus familias\u201d.<\/p>\n<p style=\"font-weight: 400; text-align: justify;\">Finalmente, Figueroa indic\u00f3 que \u201chago un llamado a las autoridades nacionales a que por favor de una vez pongan su atenci\u00f3n en estos habitantes. Somos pocos, pero somos chilenos y reclamamos que est\u00e9n nuestras autoridades con decisiones concretas\u201d.<\/p>\n<\/div><\/section><\/div><div  style='height:50px' class='hr hr-invisible   avia-builder-el-6  el_after_av_one_full  el_before_av_social_share '><span class='hr-inner ' ><span class='hr-inner-style'><\/span><\/span><\/div><\/p>\n<div  class='av-social-sharing-box  avia-builder-el-7  el_after_av_hr  el_before_av_hr  '><div class='av-share-box'><h5 class='av-share-link-description av-no-toc '>Compartir esta noticia<\/h5><ul class='av-share-box-list noLightbox'><li class='av-share-link av-social-link-facebook' ><a target=\"_blank\" aria-label=\"Compartir en Facebook\" href='https:\/\/www.facebook.com\/sharer.php?u=https:\/\/radiorevelacionfm.cl\/?p=24690&#038;t=Diputado%20Calisto%20le%20plantea%20al%20presidente%20Boric%20crisis%20de%20conectividad%20que%20vive%20Chile%20Chico%20y%20le%20pide%20agilizar%20una%20soluci%C3%B3n%20concreta' aria-hidden='false' data-av_icon='\ue8f3' data-av_iconfont='entypo-fontello' title='' data-avia-related-tooltip='Compartir en Facebook' rel=\"noopener\"><span class='avia_hidden_link_text'>Compartir en Facebook<\/span><\/a><\/li><li class='av-share-link av-social-link-twitter' ><a target=\"_blank\" aria-label=\"Compartir en Twitter\" href='https:\/\/twitter.com\/share?text=Diputado%20Calisto%20le%20plantea%20al%20presidente%20Boric%20crisis%20de%20conectividad%20que%20vive%20Chile%20Chico%20y%20le%20pide%20agilizar%20una%20soluci%C3%B3n%20concreta&#038;url=https:\/\/radiorevelacionfm.cl\/?p=24690' aria-hidden='false' data-av_icon='\ue8f1' data-av_iconfont='entypo-fontello' title='' data-avia-related-tooltip='Compartir en Twitter' rel=\"noopener\"><span class='avia_hidden_link_text'>Compartir en Twitter<\/span><\/a><\/li><li class='av-share-link av-social-link-whatsapp' ><a target=\"_blank\" aria-label=\"Compartir en Whatsapp\" href='https:\/\/api.whatsapp.com\/send?text=https:\/\/radiorevelacionfm.cl\/?p=24690' aria-hidden='false' data-av_icon='\uf232' data-av_iconfont='entypo-fontello' title='' data-avia-related-tooltip='Compartir en Whatsapp' rel=\"noopener\"><span class='avia_hidden_link_text'>Compartir en Whatsapp<\/span><\/a><\/li><li class='av-share-link av-social-link-linkedin' ><a target=\"_blank\" aria-label=\"Compartir en LinkedIn\" href='https:\/\/linkedin.com\/shareArticle?mini=true&#038;title=Diputado%20Calisto%20le%20plantea%20al%20presidente%20Boric%20crisis%20de%20conectividad%20que%20vive%20Chile%20Chico%20y%20le%20pide%20agilizar%20una%20soluci%C3%B3n%20concreta&#038;url=https:\/\/radiorevelacionfm.cl\/?p=24690' aria-hidden='false' data-av_icon='\ue8fc' data-av_iconfont='entypo-fontello' title='' data-avia-related-tooltip='Compartir en LinkedIn' rel=\"noopener\"><span class='avia_hidden_link_text'>Compartir en LinkedIn<\/span><\/a><\/li><li class='av-share-link av-social-link-mail' ><a  aria-label=\"Compartir por correo\" href='mailto:?subject=Diputado%20Calisto%20le%20plantea%20al%20presidente%20Boric%20crisis%20de%20conectividad%20que%20vive%20Chile%20Chico%20y%20le%20pide%20agilizar%20una%20soluci%C3%B3n%20concreta&#038;body=https:\/\/radiorevelacionfm.cl\/?p=24690' aria-hidden='false' data-av_icon='\ue805' data-av_iconfont='entypo-fontello' title='' data-avia-related-tooltip='Compartir por correo'><span class='avia_hidden_link_text'>Compartir por correo<\/span><\/a><\/li><\/ul><\/div><\/div>\n<div  style='height:50px' class='hr hr-invisible   avia-builder-el-8  el_after_av_social_share  el_before_av_comments_list '><span class='hr-inner ' ><span class='hr-inner-style'><\/span><\/span><\/div>\n<div  class='av-buildercomment  av-blog-meta-html-info-disabled av-blog-meta-tag-disabled  '><\/div>\n","protected":false},"excerpt":{"rendered":"","protected":false},"author":1,"featured_media":24691,"comment_status":"open","ping_status":"open","sticky":false,"template":"","format":"standard","meta":{"footnotes":""},"categories":[35],"tags":[],"class_list":["post-24690","post","type-post","status-publish","format-standard","has-post-thumbnail","hentry","category-politica"],"jetpack_featured_media_url":"https:\/\/radiorevelacionfm.cl\/wp-content\/uploads\/2022\/11\/Calisto-con-Boric-1.jpeg","_links":{"self":[{"href":"https:\/\/radiorevelacionfm.cl\/index.php?rest_route=\/wp\/v2\/posts\/24690","targetHints":{"allow":["GET"]}}],"collection":[{"href":"https:\/\/radiorevelacionfm.cl\/index.php?rest_route=\/wp\/v2\/posts"}],"about":[{"href":"https:\/\/radiorevelacionfm.cl\/index.php?rest_route=\/wp\/v2\/types\/post"}],"author":[{"embeddable":true,"href":"https:\/\/radiorevelacionfm.cl\/index.php?rest_route=\/wp\/v2\/users\/1"}],"replies":[{"embeddable":true,"href":"https:\/\/radiorevelacionfm.cl\/index.php?rest_route=%2Fwp%2Fv2%2Fcomments&post=24690"}],"version-history":[{"count":2,"href":"https:\/\/radiorevelacionfm.cl\/index.php?rest_route=\/wp\/v2\/posts\/24690\/revisions"}],"predecessor-version":[{"id":24697,"href":"https:\/\/radiorevelacionfm.cl\/index.php?rest_route=\/wp\/v2\/posts\/24690\/revisions\/24697"}],"wp:featuredmedia":[{"embeddable":true,"href":"https:\/\/radiorevelacionfm.cl\/index.php?rest_route=\/wp\/v2\/media\/24691"}],"wp:attachment":[{"href":"https:\/\/radiorevelacionfm.cl\/index.php?rest_route=%2Fwp%2Fv2%2Fmedia&parent=24690"}],"wp:term":[{"taxonomy":"category","embeddable":true,"href":"https:\/\/radiorevelacionfm.cl\/index.php?rest_route=%2Fwp%2Fv2%2Fcategories&post=24690"},{"taxonomy":"post_tag","embeddable":true,"href":"https:\/\/radiorevelacionfm.cl\/index.php?rest_route=%2Fwp%2Fv2%2Ftags&post=24690"}],"curies":[{"name":"wp","href":"https:\/\/api.w.org\/{rel}","templated":true}]}}