{"id":2469,"date":"2021-02-08T17:53:27","date_gmt":"2021-02-08T20:53:27","guid":{"rendered":"https:\/\/radiorevelacionfm.cl\/?p=2469"},"modified":"2021-02-08T17:53:27","modified_gmt":"2021-02-08T20:53:27","slug":"trabajadores-de-puerto-guadal-reciben-diplomas-tras-capacitarse-como-enfierradores-y-carpinteros","status":"publish","type":"post","link":"https:\/\/radiorevelacionfm.cl\/?p=2469","title":{"rendered":"Trabajadores de Puerto Guadal reciben diplomas tras capacitarse como enfierradores y carpinteros"},"content":{"rendered":"<div class=\"flex_column av_one_full  flex_column_div av-zero-column-padding first  avia-builder-el-0  el_before_av_one_full  avia-builder-el-first  \" style='border-radius:0px; '><div  class='avia-image-container  av-styling-    avia-builder-el-1  avia-builder-el-no-sibling  avia-align-center '  itemprop=\"image\" itemscope=\"itemscope\" itemtype=\"https:\/\/schema.org\/ImageObject\"  ><div class='avia-image-container-inner'><div class='avia-image-overlay-wrap'><img decoding=\"async\" class='wp-image-0 avia-img-lazy-loading-not-0 avia_image' src=\"https:\/\/radiorevelacionfm.cl\/wp-content\/uploads\/2021\/02\/foto-10-diploma_optimized.jpg\" alt='' title=''   itemprop=\"thumbnailUrl\"  \/><\/div><\/div><\/div><\/div><div class=\"flex_column av_one_full  flex_column_div av-zero-column-padding first  avia-builder-el-2  el_after_av_one_full  el_before_av_one_full  column-top-margin\" style='border-radius:0px; '><section class=\"av_textblock_section \"  itemscope=\"itemscope\" itemtype=\"https:\/\/schema.org\/BlogPosting\" itemprop=\"blogPost\" ><div class='avia_textblock  '   itemprop=\"text\" ><p style=\"text-align: center;\"><span style=\"font-size: 18pt;\"><strong>Trabajadores de Puerto Guadal reciben diplomas tras capacitarse como enfierradores y carpinteros<\/strong><\/span><\/p>\n<div id=\"gtx-trans\" style=\"position: absolute; left: -50px; top: 4.31534px;\">\n<div class=\"gtx-trans-icon\"><\/div>\n<\/div>\n<\/div><\/section><\/div><div class=\"flex_column av_one_full  flex_column_div av-zero-column-padding first  avia-builder-el-4  el_after_av_one_full  el_before_av_hr  column-top-margin\" style='border-radius:0px; '><section class=\"av_textblock_section \"  itemscope=\"itemscope\" itemtype=\"https:\/\/schema.org\/BlogPosting\" itemprop=\"blogPost\" ><div class='avia_textblock  '   itemprop=\"text\" ><p style=\"text-align: justify;\">En la ceremonia realizada el viernes pasado el alcalde destac\u00f3 las acciones impulsadas por la empresa que permiti\u00f3 privilegiar la mano de obra local, as\u00ed como las medidas sanitarias implementadas por el Proyecto Rehabilitaci\u00f3n Mini Central Hidroel\u00e9ctrica de Pasada Los Maquis.<\/p>\n<p style=\"text-align: justify;\">Con gran entusiasmo 16 vecinos de Puerto Guadal, que corresponden al primer grupo en completar su entrenamiento, recibieron de manos del alcalde de la comuna de Chile Chico, Ricardo Ibarra y de EDELAYSEN un diploma que acredita el entrenamiento que tuvieron durante un mes en diversas tareas relacionadas con obras civiles, con \u00e9nfasis en los oficios de enfierradura y carpinter\u00eda, quedando habilitados para iniciar labores con un nuevo contrato en la obra de Rehabilitaci\u00f3n de la Mini Central Hidroel\u00e9ctrica de Pasada Los Maquis. Los trabajadores tambi\u00e9n recibieron de regalo un kit con las herramientas necesarias para desempe\u00f1ar su oficio en la obra.<\/p>\n<p style=\"text-align: justify;\">Durante los meses de noviembre y diciembre EDELAYSEN, junto a la Oficina Municipal de Intermediaci\u00f3n Laboral de Chile Chico, realizaron un llamado laboral a toda la comunidad de Puerto Guadal y sus alrededores, obteniendo una r\u00e1pida y positiva respuesta de los vecinos, que permiti\u00f3 llenar los cupos del primer turno de la obra, cuyo entrenamiento estuvo a cargo de los supervisores y maestros con experiencia del contratista Obras Especiales Chile.<\/p>\n<p style=\"text-align: justify;\">Para el gerente del proyecto, Alejandro G\u00f3mez, \u201ceste hito es muy significativo para el proyecto, ya que luego de un mes de entrenamiento pr\u00e1ctico con trabajo monitoreado en la obra, los 16 participantes del primer grupo quedaron habilitados para sumarse a las labores de rehabilitaci\u00f3n del proyecto en su nuevo cargo, ya sea como enfierrador o carpintero\u201d. Adem\u00e1s, el ejecutivo agreg\u00f3, \u201cesto es un aporte importante para una de nuestras principales medidas en torno a reducir el riesgo de contagio por COVID-19, que obedece a lo planteado hace meses por la comunidad, respecto a reducir el ingreso de trabajadores ajenos a la localidad y la regi\u00f3n; y tambi\u00e9n, permite mejorar las oportunidades laborales para la comunidad, para que esta central, construida en esta zona, que dar\u00e1 energ\u00eda para esta zona (en reemplazo de generaci\u00f3n con di\u00e9sel), sea adem\u00e1s construida por habitantes de esta zona\u201d.<\/p>\n<p style=\"text-align: justify;\">Por su parte, el alcalde, Sr. Ricardo Ibarra, agradeci\u00f3 esta instancia de reconocimiento para los vecinos, recalcando que \u201ces muy importante que los vecinos se capaciten en oficios donde no ten\u00edan mucha preparaci\u00f3n, por parte de una empresa importante, otorg\u00e1ndoles una mayor especializaci\u00f3n laboral\u201d. Adem\u00e1s, agreg\u00f3 que \u201cagradecemos a la empresa que ha cumplido sus compromisos, cuando en un principio anunci\u00f3 que entregar\u00eda oportunidades laborales para los vecinos de Chile Chico. Adem\u00e1s, estamos especialmente orgullosos que ese proceso sea con j\u00f3venes que se inician en la vida laboral, ya que el trabajo es la \u00fanica herramienta de desarrollo de las comunidades\u201d.<\/p>\n<p style=\"text-align: justify;\">El proyecto reafirma su compromiso con la comunidad, por lo que seguir\u00e1 contratando mano de obra local, m\u00e1s a\u00fan cuando el 01 de febrero reci\u00e9n pasado el Tribunal Ambiental de Valdivia rechaz\u00f3 la solicitud de paralizaci\u00f3n de las obras que interpuso un grupo de familias, argumentando que dicha reclamaci\u00f3n no configura los requisitos m\u00ednimos para intervenir cautelarmente.<\/p>\n<p style=\"text-align: justify;\"><strong>Respecto a las Medidas Sanitarias para la Obra <\/strong><\/p>\n<p style=\"text-align: justify;\">Gracias al plan sanitario implementado por EDELAYSEN, se ha logrado disminuir considerablemente el ingreso de trabajadores externos a la regi\u00f3n, limit\u00e1ndose s\u00f3lo a jefaturas, supervisores e instructores que apoyan el entrenamiento, que pasar\u00e1n per\u00edodos largos en la localidad (m\u00e1ximo un viaje al mes). Adem\u00e1s, para este personal, en forma adicional a las exigencias establecidas por la autoridad sanitaria, se les realizar\u00e1 un segundo PCR luego de ingresar a la regi\u00f3n, considerando confinamiento en su caba\u00f1a hasta la confirmaci\u00f3n del resultado negativo.<\/p>\n<p style=\"text-align: justify;\">A ello el gerente del Proyecto se\u00f1al\u00f3 que \u201cnuestro plan -basado en los protocolos de MINSAL y de la C\u00e1mara Chilena de la Construcci\u00f3n- busca prevenir contagios durante la ejecuci\u00f3n de la obra con medidas espec\u00edficas para el personal propio y contratista en las diferentes actividades como transporte, alojamiento, alimentaci\u00f3n, trabajo en la obra y oficinas. Para esto, se contrat\u00f3, equip\u00f3 y capacit\u00f3 personal local exclusivamente para labores de limpieza y desinfecci\u00f3n peri\u00f3dica de las diferentes \u00e1reas. Adem\u00e1s, se contrataron profesionales de la regi\u00f3n para la fiscalizaci\u00f3n continua del cumplimiento de los protocolos\u201d.<\/p>\n<p style=\"text-align: justify;\">Dicho protocolo se dio a conocer a la SEREMI de Salud de Ays\u00e9n y al \u00e1rea encargada de su fiscalizaci\u00f3n. En esta l\u00ednea el gerente del proyecto, Alejandro G\u00f3mez, destac\u00f3 que \u201cnuestro protocolo incluye todas las medidas sanitarias necesarias para proteger a los trabajadores y a la comunidad, protocolo que tambi\u00e9n ha sido compartido a los vecinos de Puerto Guadal que est\u00e1n relacionados con el proyecto, ya sea como prestadores de servicios o por su calidad de trabajador\u201d.<\/p>\n<p style=\"text-align: justify;\">Por otra parte, el gerente del proyecto ha liderado el di\u00e1logo con los vecinos de Puerto Guadal a trav\u00e9s de reuniones donde asiste un representante por familia bajo estrictas medidas sanitarias, donde se presenta el proyecto, se responden sus dudas y se reciben los aportes de parte de la comunidad. A la fecha, han participado representantes de m\u00e1s de 60 familias, donde se ha reafirmado el compromiso de EDELAYSEN para potenciar el atractivo tur\u00edstico, e involucrar a la comunidad en el desarrollo de algunas iniciativas. Adem\u00e1s, se han realizado reuniones con dirigentes sociales e instituciones.<\/p>\n<p style=\"text-align: justify;\">Finalmente, Alejandro G\u00f3mez agreg\u00f3, \u201cesta jornada de reconocimiento para los vecinos de Puerto Guadal, junto con la entrega de un diploma, nos llena de satisfacci\u00f3n porque este ha sido un trabajo anunciado a los vecinos y desarrollado con el apoyo de la Ilustre Municipalidad de Chile Chico; por lo que agradecemos a todos los que han hecho posible el reinicio de estas obras, en su mayor\u00eda, con trabajadores de esta comuna y en especial de Puerto Guadal\u201d.<\/p>\n<\/div><\/section><\/div><div  style='height:50px' class='hr hr-invisible   avia-builder-el-6  el_after_av_one_full  el_before_av_social_share '><span class='hr-inner ' ><span class='hr-inner-style'><\/span><\/span><\/div><\/p>\n<div  class='av-social-sharing-box  avia-builder-el-7  el_after_av_hr  el_before_av_hr  '><div class='av-share-box'><h5 class='av-share-link-description av-no-toc '>Compartir esta noticia<\/h5><ul class='av-share-box-list noLightbox'><li class='av-share-link av-social-link-facebook' ><a target=\"_blank\" aria-label=\"Compartir en Facebook\" href='https:\/\/www.facebook.com\/sharer.php?u=https:\/\/radiorevelacionfm.cl\/?p=2469&#038;t=Trabajadores%20de%20Puerto%20Guadal%20reciben%20diplomas%20tras%20capacitarse%20como%20enfierradores%20y%20carpinteros' aria-hidden='false' data-av_icon='\ue8f3' data-av_iconfont='entypo-fontello' title='' data-avia-related-tooltip='Compartir en Facebook' rel=\"noopener\"><span class='avia_hidden_link_text'>Compartir en Facebook<\/span><\/a><\/li><li class='av-share-link av-social-link-twitter' ><a target=\"_blank\" aria-label=\"Compartir en Twitter\" href='https:\/\/twitter.com\/share?text=Trabajadores%20de%20Puerto%20Guadal%20reciben%20diplomas%20tras%20capacitarse%20como%20enfierradores%20y%20carpinteros&#038;url=https:\/\/radiorevelacionfm.cl\/?p=2469' aria-hidden='false' data-av_icon='\ue8f1' data-av_iconfont='entypo-fontello' title='' data-avia-related-tooltip='Compartir en Twitter' rel=\"noopener\"><span class='avia_hidden_link_text'>Compartir en Twitter<\/span><\/a><\/li><li class='av-share-link av-social-link-whatsapp' ><a target=\"_blank\" aria-label=\"Compartir en Whatsapp\" href='https:\/\/api.whatsapp.com\/send?text=https:\/\/radiorevelacionfm.cl\/?p=2469' aria-hidden='false' data-av_icon='\uf232' data-av_iconfont='entypo-fontello' title='' data-avia-related-tooltip='Compartir en Whatsapp' rel=\"noopener\"><span class='avia_hidden_link_text'>Compartir en Whatsapp<\/span><\/a><\/li><li class='av-share-link av-social-link-linkedin' ><a target=\"_blank\" aria-label=\"Compartir en LinkedIn\" href='https:\/\/linkedin.com\/shareArticle?mini=true&#038;title=Trabajadores%20de%20Puerto%20Guadal%20reciben%20diplomas%20tras%20capacitarse%20como%20enfierradores%20y%20carpinteros&#038;url=https:\/\/radiorevelacionfm.cl\/?p=2469' aria-hidden='false' data-av_icon='\ue8fc' data-av_iconfont='entypo-fontello' title='' data-avia-related-tooltip='Compartir en LinkedIn' rel=\"noopener\"><span class='avia_hidden_link_text'>Compartir en LinkedIn<\/span><\/a><\/li><li class='av-share-link av-social-link-mail' ><a  aria-label=\"Compartir por correo\" href='mailto:?subject=Trabajadores%20de%20Puerto%20Guadal%20reciben%20diplomas%20tras%20capacitarse%20como%20enfierradores%20y%20carpinteros&#038;body=https:\/\/radiorevelacionfm.cl\/?p=2469' aria-hidden='false' data-av_icon='\ue805' data-av_iconfont='entypo-fontello' title='' data-avia-related-tooltip='Compartir por correo'><span class='avia_hidden_link_text'>Compartir por correo<\/span><\/a><\/li><\/ul><\/div><\/div>\n<div  style='height:50px' class='hr hr-invisible   avia-builder-el-8  el_after_av_social_share  el_before_av_comments_list '><span class='hr-inner ' ><span class='hr-inner-style'><\/span><\/span><\/div>\n<div  class='av-buildercomment  av-blog-meta-html-info-disabled av-blog-meta-tag-disabled  '><\/div>\n","protected":false},"excerpt":{"rendered":"","protected":false},"author":1,"featured_media":0,"comment_status":"open","ping_status":"open","sticky":false,"template":"","format":"standard","meta":{"footnotes":""},"categories":[56],"tags":[],"class_list":["post-2469","post","type-post","status-publish","format-standard","hentry","category-trabajo"],"jetpack_featured_media_url":"","_links":{"self":[{"href":"https:\/\/radiorevelacionfm.cl\/index.php?rest_route=\/wp\/v2\/posts\/2469","targetHints":{"allow":["GET"]}}],"collection":[{"href":"https:\/\/radiorevelacionfm.cl\/index.php?rest_route=\/wp\/v2\/posts"}],"about":[{"href":"https:\/\/radiorevelacionfm.cl\/index.php?rest_route=\/wp\/v2\/types\/post"}],"author":[{"embeddable":true,"href":"https:\/\/radiorevelacionfm.cl\/index.php?rest_route=\/wp\/v2\/users\/1"}],"replies":[{"embeddable":true,"href":"https:\/\/radiorevelacionfm.cl\/index.php?rest_route=%2Fwp%2Fv2%2Fcomments&post=2469"}],"version-history":[{"count":1,"href":"https:\/\/radiorevelacionfm.cl\/index.php?rest_route=\/wp\/v2\/posts\/2469\/revisions"}],"predecessor-version":[{"id":2471,"href":"https:\/\/radiorevelacionfm.cl\/index.php?rest_route=\/wp\/v2\/posts\/2469\/revisions\/2471"}],"wp:attachment":[{"href":"https:\/\/radiorevelacionfm.cl\/index.php?rest_route=%2Fwp%2Fv2%2Fmedia&parent=2469"}],"wp:term":[{"taxonomy":"category","embeddable":true,"href":"https:\/\/radiorevelacionfm.cl\/index.php?rest_route=%2Fwp%2Fv2%2Fcategories&post=2469"},{"taxonomy":"post_tag","embeddable":true,"href":"https:\/\/radiorevelacionfm.cl\/index.php?rest_route=%2Fwp%2Fv2%2Ftags&post=2469"}],"curies":[{"name":"wp","href":"https:\/\/api.w.org\/{rel}","templated":true}]}}