{"id":24686,"date":"2022-11-25T18:00:46","date_gmt":"2022-11-25T21:00:46","guid":{"rendered":"https:\/\/radiorevelacionfm.cl\/?p=24686"},"modified":"2022-11-25T18:00:46","modified_gmt":"2022-11-25T21:00:46","slug":"simulacro-de-salud-publica-puso-a-prueba-respuesta-y-coordinacion-entre-equipos-de-emergencia-en-aysen","status":"publish","type":"post","link":"https:\/\/radiorevelacionfm.cl\/?p=24686","title":{"rendered":"Simulacro de Salud P\u00fablica puso a prueba respuesta y coordinaci\u00f3n entre equipos de emergencia en Ays\u00e9n"},"content":{"rendered":"<div class=\"flex_column av_one_full  flex_column_div av-zero-column-padding first  avia-builder-el-0  el_before_av_one_full  avia-builder-el-first  \" style='border-radius:0px; '><div  class='avia-image-container  av-styling-    avia-builder-el-1  avia-builder-el-no-sibling  avia-align-center '  itemprop=\"image\" itemscope=\"itemscope\" itemtype=\"https:\/\/schema.org\/ImageObject\"  ><div class='avia-image-container-inner'><div class='avia-image-overlay-wrap'><img decoding=\"async\" class='wp-image-24687 avia-img-lazy-loading-not-24687 avia_image' src=\"https:\/\/radiorevelacionfm.cl\/wp-content\/uploads\/2022\/11\/traslado-paciente-desde-aerodromo-1-1.jpg\" alt='' title='traslado paciente desde aer\u00f3dromo (1) (1)' height=\"600\" width=\"882\"  itemprop=\"thumbnailUrl\" srcset=\"https:\/\/radiorevelacionfm.cl\/wp-content\/uploads\/2022\/11\/traslado-paciente-desde-aerodromo-1-1.jpg 882w, https:\/\/radiorevelacionfm.cl\/wp-content\/uploads\/2022\/11\/traslado-paciente-desde-aerodromo-1-1-300x204.jpg 300w, https:\/\/radiorevelacionfm.cl\/wp-content\/uploads\/2022\/11\/traslado-paciente-desde-aerodromo-1-1-768x522.jpg 768w, https:\/\/radiorevelacionfm.cl\/wp-content\/uploads\/2022\/11\/traslado-paciente-desde-aerodromo-1-1-705x480.jpg 705w, https:\/\/radiorevelacionfm.cl\/wp-content\/uploads\/2022\/11\/traslado-paciente-desde-aerodromo-1-1-600x408.jpg 600w\" sizes=\"(max-width: 882px) 100vw, 882px\" \/><\/div><\/div><\/div><\/div><div class=\"flex_column av_one_full  flex_column_div av-zero-column-padding first  avia-builder-el-2  el_after_av_one_full  el_before_av_one_full  column-top-margin\" style='border-radius:0px; '><section class=\"av_textblock_section \"  itemscope=\"itemscope\" itemtype=\"https:\/\/schema.org\/BlogPosting\" itemprop=\"blogPost\" ><div class='avia_textblock  '   itemprop=\"text\" ><p style=\"text-align: center;\"><span style=\"font-size: 18pt;\"><strong>Simulacro de Salud P\u00fablica puso a prueba respuesta y coordinaci\u00f3n entre equipos de emergencia en Ays\u00e9n<\/strong><\/span><\/p>\n<div id=\"gtx-trans\" style=\"position: absolute; left: -50px; top: 4.31534px;\">\n<div class=\"gtx-trans-icon\"><\/div>\n<\/div>\n<\/div><\/section><\/div><div class=\"flex_column av_one_full  flex_column_div av-zero-column-padding first  avia-builder-el-4  el_after_av_one_full  el_before_av_hr  column-top-margin\" style='border-radius:0px; '><section class=\"av_textblock_section \"  itemscope=\"itemscope\" itemtype=\"https:\/\/schema.org\/BlogPosting\" itemprop=\"blogPost\" ><div class='avia_textblock  '   itemprop=\"text\" ><p style=\"text-align: justify;\">Durante este jueves 24 de noviembre, la regi\u00f3n de Ays\u00e9n fue el escenario de un Simulacro de Emergencia de Salud P\u00fablica de Importancia Internacional (SPII), el cual tuvo por objetivo poner a prueba la capacidad de los equipos de respuesta r\u00e1pida de la red asistencial y Seremi de Salud Ays\u00e9n, como su coordinaci\u00f3n con el resto de organismos e instituciones que intervienen ante una contingencia de emergencia que exige operar bajo el Reglamento Sanitario Internacional. Tal como lo pudieron corroborar altas autoridades gubernamentales, encabezadas por la Ministra de Salud, Ximena Aguilera, y el Subsecretario de Salud P\u00fablica, Crist\u00f3bal Cuadrado.<\/p>\n<p style=\"text-align: justify;\">Este ejercicio, impulsado por la OPS \/OMS Chile y el Ministerio de Salud, plante\u00f3 simulacros de emergencia en el Aer\u00f3dromo de Balmaceda y el Puerto Chacabuco, en donde se desarrollaron dos eventos ficticios que podr\u00edan poner en riesgo a la poblaci\u00f3n.\u00a0 Escenarios que contaron con la observaci\u00f3n de profesionales de la OPS, adem\u00e1s de observadores extranjeros de los Ministerios de Salud de Per\u00fa, Paraguay y Brasil.<\/p>\n<p style=\"text-align: justify;\">En este contexto, la Seremi de Salud, Carmen Monsalve, valor\u00f3 la coordinaci\u00f3n alcanzada en esta actividad, donde destac\u00f3 adem\u00e1s la colaboraci\u00f3n sectorial.\u00a0 \u201cDespu\u00e9s de una intensa jornada, tuvimos la oportunidad de retroalimentar aquellas instancias que son posibles de mejorar en favor de la poblaci\u00f3n, donde destacaron las coordinaciones con el intersector, y por eso es importante agradecer y reconocer a todos quienes trabajaron y apoyaron este simulacro como la DGAC, ONEMI, Capitan\u00eda de Puerto, SAG, Aduana, Servicio de Salud, Carabineros, PDI, SAG y Aduana, entre otros, aqu\u00ed todos colaboraron para desarrollar este simulacro en forma adecuada, nos llevamos varias tareas y oportunidades para mejorar, pero lo m\u00e1s destacable es la posibilidad de poder articularnos para proteger la salud de las comunidades de Ays\u00e9n frente a una emergencia de salud p\u00fablica\u201d.<\/p>\n<p style=\"text-align: justify;\">Por su parte, el Director (s) del Servicio de Salud Ays\u00e9n, Mauricio Cort\u00e9s, puso \u00e9nfasis en la respuesta de la red asistencial en el simulacro.\u00a0 Estamos muy satisfechos, nos articulamos de manera eficiente, llegamos en forma oportuna tanto a Balmaceda como Puerto Chacabuco a trav\u00e9s de nuestros servicios de atenci\u00f3n m\u00f3vil de urgencia, llegamos a los hospitales de Ays\u00e9n y Coyhaique de muy buena manera, la atenci\u00f3n fue la adecuada. Lo importante a destacar es que seguimos atendiendo a toda nuestra ciudadan\u00eda en forma paralela, ahora estamos conscientes de las oportunidades de mejoras que se presentaron y trabajaremos en poder subsanarlas\u201d.<\/p>\n<p style=\"text-align: justify;\">En esta oportunidad, la Ministra de Salud, Ximena Aguilera, manifest\u00f3 su satisfacci\u00f3n por el trabajo intersectorial demostrado por los equipos locales de alud.\u00a0 \u201cEstamos muy complacidos de haber sido testigos de este simulacro, sobre una emergencia de salud p\u00fablica y el reglamento sanitario frente a este tipo de situaciones tanto aqu\u00ed en Balmaceda como en Puerto Chacabuco.\u00a0 El balance es muy bueno, tanto el trabajo intersectorial y las autoridades de la regi\u00f3n, Armada, Carabineros, ONEMI, DGAC y todos quienes participaron de este ejercicio que es una forma de retomar la preparaci\u00f3n y respuesta a estas emergencias que tenemos que hacer en todas las regiones, encontramos que ha resultado muy favorable\u201d.<\/p>\n<p style=\"text-align: justify;\">Finalmente, el Delegado Presidencial Regional de Ays\u00e9n, Rodrigo Araya, destac\u00f3 la puesta en funcionamiento de estos ejercicios.\u00a0 \u201cPara nosotros es tremenda relevante que haya venido la ministra a participar del simulacro internacional.\u00a0 Creo que esto es importante para nuestra regi\u00f3n en particular, que tiene un mayor n\u00famero de visitas tanto nacionales, como internacionales, por lo tanto, las emergencias sanitarias est\u00e1n dentro del horizonte posible y nos permiten poner a prueba los servicios, la conexi\u00f3n entre los distintos servicios p\u00fablicos que tienen que ver con una emergencia\u201d.<\/p>\n<p style=\"text-align: justify;\">Cabe reiterar que este simulacro involucr\u00f3 la participaci\u00f3n de personal de la Seremi de Salud de Ays\u00e9n, el Servicio de Salud de Ays\u00e9n, la Delegaci\u00f3n Presidencial de Ays\u00e9n, la Oficina Nacional de Emergencia (Onemi), la Armada de Chile, el Servicio Agr\u00edcola y Ganadero, el Servicio Nacional de Aduanas, la Polic\u00eda de Investigaciones, Carabineros de Chile, el Servicio Nacional de Turismo, y empresas portuarias del Puerto Chacabuco. Adem\u00e1s, cont\u00f3 con la presencia de invitados internacionales de la Organizaci\u00f3n Panamericana de Salud y la Organizaci\u00f3n Mundial de la Salud.<\/p>\n<\/div><\/section><\/div><div  style='height:50px' class='hr hr-invisible   avia-builder-el-6  el_after_av_one_full  el_before_av_social_share '><span class='hr-inner ' ><span class='hr-inner-style'><\/span><\/span><\/div><\/p>\n<div  class='av-social-sharing-box  avia-builder-el-7  el_after_av_hr  el_before_av_hr  '><div class='av-share-box'><h5 class='av-share-link-description av-no-toc '>Compartir esta noticia<\/h5><ul class='av-share-box-list noLightbox'><li class='av-share-link av-social-link-facebook' ><a target=\"_blank\" aria-label=\"Compartir en Facebook\" href='https:\/\/www.facebook.com\/sharer.php?u=https:\/\/radiorevelacionfm.cl\/?p=24686&#038;t=Simulacro%20de%20Salud%20P%C3%BAblica%20puso%20a%20prueba%20respuesta%20y%20coordinaci%C3%B3n%20entre%20equipos%20de%20emergencia%20en%20Ays%C3%A9n' aria-hidden='false' data-av_icon='\ue8f3' data-av_iconfont='entypo-fontello' title='' data-avia-related-tooltip='Compartir en Facebook' rel=\"noopener\"><span class='avia_hidden_link_text'>Compartir en Facebook<\/span><\/a><\/li><li class='av-share-link av-social-link-twitter' ><a target=\"_blank\" aria-label=\"Compartir en Twitter\" href='https:\/\/twitter.com\/share?text=Simulacro%20de%20Salud%20P%C3%BAblica%20puso%20a%20prueba%20respuesta%20y%20coordinaci%C3%B3n%20entre%20equipos%20de%20emergencia%20en%20Ays%C3%A9n&#038;url=https:\/\/radiorevelacionfm.cl\/?p=24686' aria-hidden='false' data-av_icon='\ue8f1' data-av_iconfont='entypo-fontello' title='' data-avia-related-tooltip='Compartir en Twitter' rel=\"noopener\"><span class='avia_hidden_link_text'>Compartir en Twitter<\/span><\/a><\/li><li class='av-share-link av-social-link-whatsapp' ><a target=\"_blank\" aria-label=\"Compartir en Whatsapp\" href='https:\/\/api.whatsapp.com\/send?text=https:\/\/radiorevelacionfm.cl\/?p=24686' aria-hidden='false' data-av_icon='\uf232' data-av_iconfont='entypo-fontello' title='' data-avia-related-tooltip='Compartir en Whatsapp' rel=\"noopener\"><span class='avia_hidden_link_text'>Compartir en Whatsapp<\/span><\/a><\/li><li class='av-share-link av-social-link-linkedin' ><a target=\"_blank\" aria-label=\"Compartir en LinkedIn\" href='https:\/\/linkedin.com\/shareArticle?mini=true&#038;title=Simulacro%20de%20Salud%20P%C3%BAblica%20puso%20a%20prueba%20respuesta%20y%20coordinaci%C3%B3n%20entre%20equipos%20de%20emergencia%20en%20Ays%C3%A9n&#038;url=https:\/\/radiorevelacionfm.cl\/?p=24686' aria-hidden='false' data-av_icon='\ue8fc' data-av_iconfont='entypo-fontello' title='' data-avia-related-tooltip='Compartir en LinkedIn' rel=\"noopener\"><span class='avia_hidden_link_text'>Compartir en LinkedIn<\/span><\/a><\/li><li class='av-share-link av-social-link-mail' ><a  aria-label=\"Compartir por correo\" href='mailto:?subject=Simulacro%20de%20Salud%20P%C3%BAblica%20puso%20a%20prueba%20respuesta%20y%20coordinaci%C3%B3n%20entre%20equipos%20de%20emergencia%20en%20Ays%C3%A9n&#038;body=https:\/\/radiorevelacionfm.cl\/?p=24686' aria-hidden='false' data-av_icon='\ue805' data-av_iconfont='entypo-fontello' title='' data-avia-related-tooltip='Compartir por correo'><span class='avia_hidden_link_text'>Compartir por correo<\/span><\/a><\/li><\/ul><\/div><\/div>\n<div  style='height:50px' class='hr hr-invisible   avia-builder-el-8  el_after_av_social_share  el_before_av_comments_list '><span class='hr-inner ' ><span class='hr-inner-style'><\/span><\/span><\/div>\n<div  class='av-buildercomment  av-blog-meta-html-info-disabled av-blog-meta-tag-disabled  '><\/div>\n","protected":false},"excerpt":{"rendered":"","protected":false},"author":1,"featured_media":24687,"comment_status":"open","ping_status":"open","sticky":false,"template":"","format":"standard","meta":{"footnotes":""},"categories":[38],"tags":[],"class_list":["post-24686","post","type-post","status-publish","format-standard","has-post-thumbnail","hentry","category-regional"],"jetpack_featured_media_url":"https:\/\/radiorevelacionfm.cl\/wp-content\/uploads\/2022\/11\/traslado-paciente-desde-aerodromo-1-1.jpg","_links":{"self":[{"href":"https:\/\/radiorevelacionfm.cl\/index.php?rest_route=\/wp\/v2\/posts\/24686","targetHints":{"allow":["GET"]}}],"collection":[{"href":"https:\/\/radiorevelacionfm.cl\/index.php?rest_route=\/wp\/v2\/posts"}],"about":[{"href":"https:\/\/radiorevelacionfm.cl\/index.php?rest_route=\/wp\/v2\/types\/post"}],"author":[{"embeddable":true,"href":"https:\/\/radiorevelacionfm.cl\/index.php?rest_route=\/wp\/v2\/users\/1"}],"replies":[{"embeddable":true,"href":"https:\/\/radiorevelacionfm.cl\/index.php?rest_route=%2Fwp%2Fv2%2Fcomments&post=24686"}],"version-history":[{"count":2,"href":"https:\/\/radiorevelacionfm.cl\/index.php?rest_route=\/wp\/v2\/posts\/24686\/revisions"}],"predecessor-version":[{"id":24689,"href":"https:\/\/radiorevelacionfm.cl\/index.php?rest_route=\/wp\/v2\/posts\/24686\/revisions\/24689"}],"wp:featuredmedia":[{"embeddable":true,"href":"https:\/\/radiorevelacionfm.cl\/index.php?rest_route=\/wp\/v2\/media\/24687"}],"wp:attachment":[{"href":"https:\/\/radiorevelacionfm.cl\/index.php?rest_route=%2Fwp%2Fv2%2Fmedia&parent=24686"}],"wp:term":[{"taxonomy":"category","embeddable":true,"href":"https:\/\/radiorevelacionfm.cl\/index.php?rest_route=%2Fwp%2Fv2%2Fcategories&post=24686"},{"taxonomy":"post_tag","embeddable":true,"href":"https:\/\/radiorevelacionfm.cl\/index.php?rest_route=%2Fwp%2Fv2%2Ftags&post=24686"}],"curies":[{"name":"wp","href":"https:\/\/api.w.org\/{rel}","templated":true}]}}