{"id":24682,"date":"2022-11-25T19:05:32","date_gmt":"2022-11-25T22:05:32","guid":{"rendered":"https:\/\/radiorevelacionfm.cl\/?p=24682"},"modified":"2022-11-25T19:05:32","modified_gmt":"2022-11-25T22:05:32","slug":"jardines-infantiles-de-integra-se-capacitan-en-juegos-que-promueven-la-vida-activa","status":"publish","type":"post","link":"https:\/\/radiorevelacionfm.cl\/?p=24682","title":{"rendered":"Jardines Infantiles de Integra se capacitan en juegos que promueven la vida activa"},"content":{"rendered":"<div class=\"flex_column av_one_full  flex_column_div av-zero-column-padding first  avia-builder-el-0  el_before_av_one_full  avia-builder-el-first  \" style='border-radius:0px; '><div  class='avia-image-container  av-styling-    avia-builder-el-1  avia-builder-el-no-sibling  avia-align-center '  itemprop=\"image\" itemscope=\"itemscope\" itemtype=\"https:\/\/schema.org\/ImageObject\"  ><div class='avia-image-container-inner'><div class='avia-image-overlay-wrap'><img decoding=\"async\" class='wp-image-24683 avia-img-lazy-loading-not-24683 avia_image' src=\"https:\/\/radiorevelacionfm.cl\/wp-content\/uploads\/2022\/11\/IMG_4198-min-1-1.jpg\" alt='' title='IMG_4198-min (1) (1)' height=\"600\" width=\"902\"  itemprop=\"thumbnailUrl\" srcset=\"https:\/\/radiorevelacionfm.cl\/wp-content\/uploads\/2022\/11\/IMG_4198-min-1-1.jpg 902w, https:\/\/radiorevelacionfm.cl\/wp-content\/uploads\/2022\/11\/IMG_4198-min-1-1-300x200.jpg 300w, https:\/\/radiorevelacionfm.cl\/wp-content\/uploads\/2022\/11\/IMG_4198-min-1-1-768x511.jpg 768w, https:\/\/radiorevelacionfm.cl\/wp-content\/uploads\/2022\/11\/IMG_4198-min-1-1-705x469.jpg 705w, https:\/\/radiorevelacionfm.cl\/wp-content\/uploads\/2022\/11\/IMG_4198-min-1-1-600x399.jpg 600w\" sizes=\"(max-width: 902px) 100vw, 902px\" \/><\/div><\/div><\/div><\/div><div class=\"flex_column av_one_full  flex_column_div av-zero-column-padding first  avia-builder-el-2  el_after_av_one_full  el_before_av_one_full  column-top-margin\" style='border-radius:0px; '><section class=\"av_textblock_section \"  itemscope=\"itemscope\" itemtype=\"https:\/\/schema.org\/BlogPosting\" itemprop=\"blogPost\" ><div class='avia_textblock  '   itemprop=\"text\" ><p style=\"text-align: center;\"><strong><span style=\"font-size: 18pt;\">Jardines Infantiles de Integra se capacitan en juegos que promueven la vida activa<\/span><\/strong><\/p>\n<div id=\"gtx-trans\" style=\"position: absolute; left: -50px; top: 4.31534px;\">\n<div class=\"gtx-trans-icon\"><\/div>\n<\/div>\n<\/div><\/section><\/div><div class=\"flex_column av_one_full  flex_column_div av-zero-column-padding first  avia-builder-el-4  el_after_av_one_full  el_before_av_hr  column-top-margin\" style='border-radius:0px; '><section class=\"av_textblock_section \"  itemscope=\"itemscope\" itemtype=\"https:\/\/schema.org\/BlogPosting\" itemprop=\"blogPost\" ><div class='avia_textblock  '   itemprop=\"text\" ><p style=\"font-weight: 400; text-align: justify;\">Directoras y educadoras de p\u00e1rvulos de los Jardines Infantiles de Fundaci\u00f3n Integra de la regi\u00f3n de Ays\u00e9n participaron de una jornada de capacitaci\u00f3n denominada \u201cGu\u00eda Juegos Activos \u00a1Es Hora de Jugar!\u201d y que se enmarca en el programa Jugar y Aprender del Ministerio del Deporte, buscando con esto favorecer el desarrollo de la corporalidad infantil y estilos de vida saludable en ni\u00f1os de 3 a 6 a\u00f1os.<\/p>\n<p style=\"font-weight: 400; text-align: justify;\">La directora regional de Fundaci\u00f3n Integra, Leticia Araya Norambuena destac\u00f3 que \u201cfue una jornada muy valiosa para nosotros como instituci\u00f3n porque le entrega herramientas m\u00e1s concretas a nuestros equipos educativos con respecto a c\u00f3mo pueden favorecer el juego generando estrategias que sean m\u00e1s l\u00fadicas, apostando a los estilos de vida saludable desde el juego como eje principal\u201d.<\/p>\n<p style=\"font-weight: 400; text-align: justify;\">La Gu\u00eda de Juegos Activos \u00a1Es hora de jugar!, contiene 22 juegos guiados y diez danzas circulares, adem\u00e1s de un CD con canciones y videos representativos, que permiten el conocimiento del propio cuerpo, la autonom\u00eda y seguridad en los desplazamientos, coordinaci\u00f3n din\u00e1mica general y percepci\u00f3n espacial, entre otros.<\/p>\n<p style=\"font-weight: 400; text-align: justify;\">Jessica Osorio, nutricionista del departamento de nutrici\u00f3n y Salud de Fundaci\u00f3n Integra destaca que \u201cpara nosotros es muy importante que el juego motor, juego activo tenga intencionalidad pedag\u00f3gica y que particularmente es muy importante desarrollarla en primera infancia pero con un \u00e9nfasis l\u00fadico, por lo que es muy importante el rol que tienen los equipos educativos en esta materia y que esta propuesta sea atractiva para los ni\u00f1os y ni\u00f1as de nuestros jardines infantiles\u201d.<\/p>\n<p style=\"font-weight: 400; text-align: justify;\">Cabe destacar que esta gu\u00eda surge debido a las alarmantes cifras de obesidad infantil presentes en el pa\u00eds, buscando con esto poder reducir el alto sedentarismo en ni\u00f1as y ni\u00f1os en edades iniciales y visibilizando la importancia que tiene la actividad f\u00edsica en el mundo de la educaci\u00f3n inicial.<\/p>\n<p style=\"font-weight: 400; text-align: justify;\">\u201cEl rol de nosotros como adultos es favorecer espacios que permitan que los ni\u00f1os jueguen y no solamente traspasar la responsabilidad del juego a los jardines infantiles, sino que seguir potenciando en el hogar espacios que sean respetuosos, acogedores y seguros para que ellos puedan mantener el juego ya que este potencia estilos de vida saludable ya que estaremos haciendo que los ni\u00f1os y ni\u00f1as tengan actividad f\u00edsica y sean menos sedentarios de lo que actualmente son\u201d, enfatiza Jessica Osorio.<\/p>\n<p style=\"font-weight: 400; text-align: justify;\">Desde el 2019 Fundaci\u00f3n Integra viene trabajando con la Gu\u00eda Juegos Activos \u00a1Es Hora de Jugar!, quienes a trav\u00e9s de una propuesta l\u00fadica, adem\u00e1s de activa y participativa ha permitido recoger informaci\u00f3n para poder seguir avanzando en esta l\u00ednea.<\/p>\n<p style=\"font-weight: 400; text-align: justify;\">Francisca Mendoza, directora del jard\u00edn infantil \u201cGotita de Lluvia\u201d de Puerto Ays\u00e9n valor\u00f3 positivamente la capacitaci\u00f3n recalcando que \u201cel juego tiene un sentido, una intenci\u00f3n y con lo que el ni\u00f1o(a) le llame la atenci\u00f3n y que tenga una historia, un trasfondo que se desarrolla a trav\u00e9s del juego\u201d. Del mismo modo se\u00f1ala que \u201ceste juego se puede desarrollar en cualquier \u00e1mbito o n\u00facleo de las Bases Curriculares de la Educaci\u00f3n Parvularia, que nosotras trabajamos diariamente y que enriquece exponencialmente la propuesta pedag\u00f3gica que nosotros podemos ofrecer a nuestros ni\u00f1os y ni\u00f1as\u201d.<\/p>\n<p style=\"font-weight: 400; text-align: justify;\">Finalmente, cabe recordar que Fundaci\u00f3n Integra pertenece a la Red de Fundaciones de la Presidencia de la Rep\u00fablica. Con 32 a\u00f1os de experiencia, es la red m\u00e1s grande de salas cuna y jardines infantiles del pa\u00eds con m\u00e1s de 1.200 establecimientos gratuitos, a los que asisten m\u00e1s de 85 mil ni\u00f1os y ni\u00f1as en todo Chile.<\/p>\n<\/div><\/section><\/div><div  style='height:50px' class='hr hr-invisible   avia-builder-el-6  el_after_av_one_full  el_before_av_social_share '><span class='hr-inner ' ><span class='hr-inner-style'><\/span><\/span><\/div><\/p>\n<div  class='av-social-sharing-box  avia-builder-el-7  el_after_av_hr  el_before_av_hr  '><div class='av-share-box'><h5 class='av-share-link-description av-no-toc '>Compartir esta noticia<\/h5><ul class='av-share-box-list noLightbox'><li class='av-share-link av-social-link-facebook' ><a target=\"_blank\" aria-label=\"Compartir en Facebook\" href='https:\/\/www.facebook.com\/sharer.php?u=https:\/\/radiorevelacionfm.cl\/?p=24682&#038;t=Jardines%20Infantiles%20de%20Integra%20se%20capacitan%20en%20juegos%20que%20promueven%20la%20vida%20activa' aria-hidden='false' data-av_icon='\ue8f3' data-av_iconfont='entypo-fontello' title='' data-avia-related-tooltip='Compartir en Facebook' rel=\"noopener\"><span class='avia_hidden_link_text'>Compartir en Facebook<\/span><\/a><\/li><li class='av-share-link av-social-link-twitter' ><a target=\"_blank\" aria-label=\"Compartir en Twitter\" href='https:\/\/twitter.com\/share?text=Jardines%20Infantiles%20de%20Integra%20se%20capacitan%20en%20juegos%20que%20promueven%20la%20vida%20activa&#038;url=https:\/\/radiorevelacionfm.cl\/?p=24682' aria-hidden='false' data-av_icon='\ue8f1' data-av_iconfont='entypo-fontello' title='' data-avia-related-tooltip='Compartir en Twitter' rel=\"noopener\"><span class='avia_hidden_link_text'>Compartir en Twitter<\/span><\/a><\/li><li class='av-share-link av-social-link-whatsapp' ><a target=\"_blank\" aria-label=\"Compartir en Whatsapp\" href='https:\/\/api.whatsapp.com\/send?text=https:\/\/radiorevelacionfm.cl\/?p=24682' aria-hidden='false' data-av_icon='\uf232' data-av_iconfont='entypo-fontello' title='' data-avia-related-tooltip='Compartir en Whatsapp' rel=\"noopener\"><span class='avia_hidden_link_text'>Compartir en Whatsapp<\/span><\/a><\/li><li class='av-share-link av-social-link-linkedin' ><a target=\"_blank\" aria-label=\"Compartir en LinkedIn\" href='https:\/\/linkedin.com\/shareArticle?mini=true&#038;title=Jardines%20Infantiles%20de%20Integra%20se%20capacitan%20en%20juegos%20que%20promueven%20la%20vida%20activa&#038;url=https:\/\/radiorevelacionfm.cl\/?p=24682' aria-hidden='false' data-av_icon='\ue8fc' data-av_iconfont='entypo-fontello' title='' data-avia-related-tooltip='Compartir en LinkedIn' rel=\"noopener\"><span class='avia_hidden_link_text'>Compartir en LinkedIn<\/span><\/a><\/li><li class='av-share-link av-social-link-mail' ><a  aria-label=\"Compartir por correo\" href='mailto:?subject=Jardines%20Infantiles%20de%20Integra%20se%20capacitan%20en%20juegos%20que%20promueven%20la%20vida%20activa&#038;body=https:\/\/radiorevelacionfm.cl\/?p=24682' aria-hidden='false' data-av_icon='\ue805' data-av_iconfont='entypo-fontello' title='' data-avia-related-tooltip='Compartir por correo'><span class='avia_hidden_link_text'>Compartir por correo<\/span><\/a><\/li><\/ul><\/div><\/div>\n<div  style='height:50px' class='hr hr-invisible   avia-builder-el-8  el_after_av_social_share  el_before_av_comments_list '><span class='hr-inner ' ><span class='hr-inner-style'><\/span><\/span><\/div>\n<div  class='av-buildercomment  av-blog-meta-html-info-disabled av-blog-meta-tag-disabled  '><\/div>\n","protected":false},"excerpt":{"rendered":"","protected":false},"author":1,"featured_media":24683,"comment_status":"open","ping_status":"open","sticky":false,"template":"","format":"standard","meta":{"footnotes":""},"categories":[49],"tags":[],"class_list":["post-24682","post","type-post","status-publish","format-standard","has-post-thumbnail","hentry","category-educacion"],"jetpack_featured_media_url":"https:\/\/radiorevelacionfm.cl\/wp-content\/uploads\/2022\/11\/IMG_4198-min-1-1.jpg","_links":{"self":[{"href":"https:\/\/radiorevelacionfm.cl\/index.php?rest_route=\/wp\/v2\/posts\/24682","targetHints":{"allow":["GET"]}}],"collection":[{"href":"https:\/\/radiorevelacionfm.cl\/index.php?rest_route=\/wp\/v2\/posts"}],"about":[{"href":"https:\/\/radiorevelacionfm.cl\/index.php?rest_route=\/wp\/v2\/types\/post"}],"author":[{"embeddable":true,"href":"https:\/\/radiorevelacionfm.cl\/index.php?rest_route=\/wp\/v2\/users\/1"}],"replies":[{"embeddable":true,"href":"https:\/\/radiorevelacionfm.cl\/index.php?rest_route=%2Fwp%2Fv2%2Fcomments&post=24682"}],"version-history":[{"count":2,"href":"https:\/\/radiorevelacionfm.cl\/index.php?rest_route=\/wp\/v2\/posts\/24682\/revisions"}],"predecessor-version":[{"id":24698,"href":"https:\/\/radiorevelacionfm.cl\/index.php?rest_route=\/wp\/v2\/posts\/24682\/revisions\/24698"}],"wp:featuredmedia":[{"embeddable":true,"href":"https:\/\/radiorevelacionfm.cl\/index.php?rest_route=\/wp\/v2\/media\/24683"}],"wp:attachment":[{"href":"https:\/\/radiorevelacionfm.cl\/index.php?rest_route=%2Fwp%2Fv2%2Fmedia&parent=24682"}],"wp:term":[{"taxonomy":"category","embeddable":true,"href":"https:\/\/radiorevelacionfm.cl\/index.php?rest_route=%2Fwp%2Fv2%2Fcategories&post=24682"},{"taxonomy":"post_tag","embeddable":true,"href":"https:\/\/radiorevelacionfm.cl\/index.php?rest_route=%2Fwp%2Fv2%2Ftags&post=24682"}],"curies":[{"name":"wp","href":"https:\/\/api.w.org\/{rel}","templated":true}]}}