{"id":24675,"date":"2022-11-25T19:40:28","date_gmt":"2022-11-25T22:40:28","guid":{"rendered":"https:\/\/radiorevelacionfm.cl\/?p=24675"},"modified":"2022-11-25T19:40:28","modified_gmt":"2022-11-25T22:40:28","slug":"la-biblioteca-publica-de-aysen-vivio-un-instancia-artistica-que-mezcla-imagen-sonido-y-naturaleza-patagona","status":"publish","type":"post","link":"https:\/\/radiorevelacionfm.cl\/?p=24675","title":{"rendered":"La Biblioteca P\u00fablica de Ays\u00e9n vivi\u00f3 un instancia art\u00edstica que mezcla imagen, sonido y naturaleza Patagona"},"content":{"rendered":"<div class=\"flex_column av_one_full  flex_column_div av-zero-column-padding first  avia-builder-el-0  el_before_av_one_full  avia-builder-el-first  \" style='border-radius:0px; '><div  class='avia-image-container  av-styling-    avia-builder-el-1  avia-builder-el-no-sibling  avia-align-center '  itemprop=\"image\" itemscope=\"itemscope\" itemtype=\"https:\/\/schema.org\/ImageObject\"  ><div class='avia-image-container-inner'><div class='avia-image-overlay-wrap'><img decoding=\"async\" class='wp-image-24676 avia-img-lazy-loading-not-24676 avia_image' src=\"https:\/\/radiorevelacionfm.cl\/wp-content\/uploads\/2022\/11\/Obra-2-1-1.jpeg\" alt='' title='Obra 2 (1) (1)' height=\"600\" width=\"800\"  itemprop=\"thumbnailUrl\" srcset=\"https:\/\/radiorevelacionfm.cl\/wp-content\/uploads\/2022\/11\/Obra-2-1-1.jpeg 800w, https:\/\/radiorevelacionfm.cl\/wp-content\/uploads\/2022\/11\/Obra-2-1-1-300x225.jpeg 300w, https:\/\/radiorevelacionfm.cl\/wp-content\/uploads\/2022\/11\/Obra-2-1-1-768x576.jpeg 768w, https:\/\/radiorevelacionfm.cl\/wp-content\/uploads\/2022\/11\/Obra-2-1-1-705x529.jpeg 705w, https:\/\/radiorevelacionfm.cl\/wp-content\/uploads\/2022\/11\/Obra-2-1-1-600x450.jpeg 600w\" sizes=\"(max-width: 800px) 100vw, 800px\" \/><\/div><\/div><\/div><\/div><div class=\"flex_column av_one_full  flex_column_div av-zero-column-padding first  avia-builder-el-2  el_after_av_one_full  el_before_av_one_full  column-top-margin\" style='border-radius:0px; '><section class=\"av_textblock_section \"  itemscope=\"itemscope\" itemtype=\"https:\/\/schema.org\/BlogPosting\" itemprop=\"blogPost\" ><div class='avia_textblock  '   itemprop=\"text\" ><p style=\"text-align: center;\"><strong><span style=\"font-size: 18pt;\">La Biblioteca P\u00fablica de Ays\u00e9n vivi\u00f3 un instancia art\u00edstica que mezcla imagen, sonido y naturaleza Patagona<\/span><\/strong><\/p>\n<div id=\"gtx-trans\" style=\"position: absolute; left: -50px; top: 4.31534px;\">\n<div class=\"gtx-trans-icon\"><\/div>\n<\/div>\n<\/div><\/section><\/div><div class=\"flex_column av_one_full  flex_column_div av-zero-column-padding first  avia-builder-el-4  el_after_av_one_full  el_before_av_hr  column-top-margin\" style='border-radius:0px; '><section class=\"av_textblock_section \"  itemscope=\"itemscope\" itemtype=\"https:\/\/schema.org\/BlogPosting\" itemprop=\"blogPost\" ><div class='avia_textblock  '   itemprop=\"text\" ><p style=\"text-align: justify;\">Exposici\u00f3n de Artes Visuales \u2013 Obra Ef\u00edmera -Instalaci\u00f3n Multimedia-Exploraci\u00f3n 21 : Una aventura del Ser Humano en colaboraci\u00f3n al Mundo Natural, as\u00ed fue bautizada la obra que, a trav\u00e9s de videos, sonidos naturales y hasta animaci\u00f3n <em>stop motion<\/em>, muestra la biodiversidad regional.<\/p>\n<p style=\"text-align: justify;\">Gracias al Fondo Nacional de Desarrollo Cultural y las Artes, Convocatoria 2022 del Ministerio de las Culturas, las Artes y el Patrimonio, el Laboratorio de Artes Electr\u00f3nicas Villa Alto Baguales pudo realizar la obra que mezcla varios g\u00e9neros art\u00edsticos para componer una obra que, dentro de su car\u00e1cter experimental, hacer pensar, hacer imaginar y estimular la mente de los j\u00f3venes y ni\u00f1os, audiencia para la cual est\u00e1 creada.<\/p>\n<p style=\"text-align: justify;\">Las tomas y sonidos naturales patag\u00f3nicos invaden la creaci\u00f3n, Christian Pavez Gonz\u00e1lez, Director de Arte de la Obra menciona que \u201ceste trabajo empez\u00f3 en Alto Baguales, una villa rural ubicada en la regi\u00f3n de Ays\u00e9n en donde, a trav\u00e9s del arte sonoro estamos intentando proteger la biodiversidad mediante los sonidos que emergen de la v\u00eda rural, esto con el objetivo y el prop\u00f3sito de preservar la biodiversidad y crear una identidad sonora sobre el patrimonio de nuestra comunidad\u201d.<\/p>\n<p style=\"text-align: justify;\">Magdalena Moscoso \u00c1valos, la gestora cultural del Laboratorio de Artes Electr\u00f3nicas identifica la obra como \u201cuna propuesta flexible que invita a la comunidad educativa y a los que visita la biblioteca p\u00fablica A-149 de la comuna de Ays\u00e9n, a apreciar una obra de arte contempor\u00e1neo, que rescata el patrimonio inmaterial de la biodiversidad de una v\u00eda rural en el territorio de Ays\u00e9n. Espec\u00edficamente, ponemos la atenci\u00f3n del registro y salvaguardia de dos especies que est\u00e1n en peligro de extinci\u00f3n, el Abejorro Gigante de la Patag\u00f3nico y la Cantaria\u201d.<\/p>\n<p style=\"text-align: justify;\">La instancia art\u00edstica tambi\u00e9n fue creada en la l\u00ednea de su car\u00e1cter naturalista, reutilizando varios materiales que hab\u00edan sido desechados para utilizarlos en el montaje. Igualmente, su tama\u00f1o hace que sea posible su f\u00e1cil transporte e instalaci\u00f3n, por esto mismo est\u00e1n planeando m\u00e1s viajes para las bibliotecas de Chile Chico, Puerto Ib\u00e1\u00f1ez y Puerto tranquilo, para seguir mostrando de esta novedosa forma, la belleza y diversidad de nuestro patrimonio natural.<\/p>\n<\/div><\/section><\/div><div  style='height:50px' class='hr hr-invisible   avia-builder-el-6  el_after_av_one_full  el_before_av_social_share '><span class='hr-inner ' ><span class='hr-inner-style'><\/span><\/span><\/div><\/p>\n<div  class='av-social-sharing-box  avia-builder-el-7  el_after_av_hr  el_before_av_hr  '><div class='av-share-box'><h5 class='av-share-link-description av-no-toc '>Compartir esta noticia<\/h5><ul class='av-share-box-list noLightbox'><li class='av-share-link av-social-link-facebook' ><a target=\"_blank\" aria-label=\"Compartir en Facebook\" href='https:\/\/www.facebook.com\/sharer.php?u=https:\/\/radiorevelacionfm.cl\/?p=24675&#038;t=La%20Biblioteca%20P%C3%BAblica%20de%20Ays%C3%A9n%20vivi%C3%B3%20un%20instancia%20art%C3%ADstica%20que%20mezcla%20imagen%2C%20sonido%20y%20naturaleza%20Patagona' aria-hidden='false' data-av_icon='\ue8f3' data-av_iconfont='entypo-fontello' title='' data-avia-related-tooltip='Compartir en Facebook' rel=\"noopener\"><span class='avia_hidden_link_text'>Compartir en Facebook<\/span><\/a><\/li><li class='av-share-link av-social-link-twitter' ><a target=\"_blank\" aria-label=\"Compartir en Twitter\" href='https:\/\/twitter.com\/share?text=La%20Biblioteca%20P%C3%BAblica%20de%20Ays%C3%A9n%20vivi%C3%B3%20un%20instancia%20art%C3%ADstica%20que%20mezcla%20imagen%2C%20sonido%20y%20naturaleza%20Patagona&#038;url=https:\/\/radiorevelacionfm.cl\/?p=24675' aria-hidden='false' data-av_icon='\ue8f1' data-av_iconfont='entypo-fontello' title='' data-avia-related-tooltip='Compartir en Twitter' rel=\"noopener\"><span class='avia_hidden_link_text'>Compartir en Twitter<\/span><\/a><\/li><li class='av-share-link av-social-link-whatsapp' ><a target=\"_blank\" aria-label=\"Compartir en Whatsapp\" href='https:\/\/api.whatsapp.com\/send?text=https:\/\/radiorevelacionfm.cl\/?p=24675' aria-hidden='false' data-av_icon='\uf232' data-av_iconfont='entypo-fontello' title='' data-avia-related-tooltip='Compartir en Whatsapp' rel=\"noopener\"><span class='avia_hidden_link_text'>Compartir en Whatsapp<\/span><\/a><\/li><li class='av-share-link av-social-link-linkedin' ><a target=\"_blank\" aria-label=\"Compartir en LinkedIn\" href='https:\/\/linkedin.com\/shareArticle?mini=true&#038;title=La%20Biblioteca%20P%C3%BAblica%20de%20Ays%C3%A9n%20vivi%C3%B3%20un%20instancia%20art%C3%ADstica%20que%20mezcla%20imagen%2C%20sonido%20y%20naturaleza%20Patagona&#038;url=https:\/\/radiorevelacionfm.cl\/?p=24675' aria-hidden='false' data-av_icon='\ue8fc' data-av_iconfont='entypo-fontello' title='' data-avia-related-tooltip='Compartir en LinkedIn' rel=\"noopener\"><span class='avia_hidden_link_text'>Compartir en LinkedIn<\/span><\/a><\/li><li class='av-share-link av-social-link-mail' ><a  aria-label=\"Compartir por correo\" href='mailto:?subject=La%20Biblioteca%20P%C3%BAblica%20de%20Ays%C3%A9n%20vivi%C3%B3%20un%20instancia%20art%C3%ADstica%20que%20mezcla%20imagen%2C%20sonido%20y%20naturaleza%20Patagona&#038;body=https:\/\/radiorevelacionfm.cl\/?p=24675' aria-hidden='false' data-av_icon='\ue805' data-av_iconfont='entypo-fontello' title='' data-avia-related-tooltip='Compartir por correo'><span class='avia_hidden_link_text'>Compartir por correo<\/span><\/a><\/li><\/ul><\/div><\/div>\n<div  style='height:50px' class='hr hr-invisible   avia-builder-el-8  el_after_av_social_share  el_before_av_comments_list '><span class='hr-inner ' ><span class='hr-inner-style'><\/span><\/span><\/div>\n<div  class='av-buildercomment  av-blog-meta-html-info-disabled av-blog-meta-tag-disabled  '><\/div>\n","protected":false},"excerpt":{"rendered":"","protected":false},"author":1,"featured_media":24676,"comment_status":"open","ping_status":"open","sticky":false,"template":"","format":"standard","meta":{"footnotes":""},"categories":[52,38],"tags":[],"class_list":["post-24675","post","type-post","status-publish","format-standard","has-post-thumbnail","hentry","category-cultura","category-regional"],"jetpack_featured_media_url":"https:\/\/radiorevelacionfm.cl\/wp-content\/uploads\/2022\/11\/Obra-2-1-1.jpeg","_links":{"self":[{"href":"https:\/\/radiorevelacionfm.cl\/index.php?rest_route=\/wp\/v2\/posts\/24675","targetHints":{"allow":["GET"]}}],"collection":[{"href":"https:\/\/radiorevelacionfm.cl\/index.php?rest_route=\/wp\/v2\/posts"}],"about":[{"href":"https:\/\/radiorevelacionfm.cl\/index.php?rest_route=\/wp\/v2\/types\/post"}],"author":[{"embeddable":true,"href":"https:\/\/radiorevelacionfm.cl\/index.php?rest_route=\/wp\/v2\/users\/1"}],"replies":[{"embeddable":true,"href":"https:\/\/radiorevelacionfm.cl\/index.php?rest_route=%2Fwp%2Fv2%2Fcomments&post=24675"}],"version-history":[{"count":2,"href":"https:\/\/radiorevelacionfm.cl\/index.php?rest_route=\/wp\/v2\/posts\/24675\/revisions"}],"predecessor-version":[{"id":24699,"href":"https:\/\/radiorevelacionfm.cl\/index.php?rest_route=\/wp\/v2\/posts\/24675\/revisions\/24699"}],"wp:featuredmedia":[{"embeddable":true,"href":"https:\/\/radiorevelacionfm.cl\/index.php?rest_route=\/wp\/v2\/media\/24676"}],"wp:attachment":[{"href":"https:\/\/radiorevelacionfm.cl\/index.php?rest_route=%2Fwp%2Fv2%2Fmedia&parent=24675"}],"wp:term":[{"taxonomy":"category","embeddable":true,"href":"https:\/\/radiorevelacionfm.cl\/index.php?rest_route=%2Fwp%2Fv2%2Fcategories&post=24675"},{"taxonomy":"post_tag","embeddable":true,"href":"https:\/\/radiorevelacionfm.cl\/index.php?rest_route=%2Fwp%2Fv2%2Ftags&post=24675"}],"curies":[{"name":"wp","href":"https:\/\/api.w.org\/{rel}","templated":true}]}}