{"id":24672,"date":"2022-11-25T14:49:22","date_gmt":"2022-11-25T17:49:22","guid":{"rendered":"https:\/\/radiorevelacionfm.cl\/?p=24672"},"modified":"2022-11-25T14:49:22","modified_gmt":"2022-11-25T17:49:22","slug":"ministerio-de-agricultura-realiza-labores-de-apoyo-para-productores-del-sector-el-avellano","status":"publish","type":"post","link":"https:\/\/radiorevelacionfm.cl\/?p=24672","title":{"rendered":"Ministerio de Agricultura realiza labores de apoyo para productores del Sector El Avellano"},"content":{"rendered":"<div class=\"flex_column av_one_full  flex_column_div av-zero-column-padding first  avia-builder-el-0  el_before_av_one_full  avia-builder-el-first  \" style='border-radius:0px; '><div  class='avia-image-container  av-styling-    avia-builder-el-1  avia-builder-el-no-sibling  avia-align-center '  itemprop=\"image\" itemscope=\"itemscope\" itemtype=\"https:\/\/schema.org\/ImageObject\"  ><div class='avia-image-container-inner'><div class='avia-image-overlay-wrap'><img decoding=\"async\" class='wp-image-24673 avia-img-lazy-loading-not-24673 avia_image' src=\"https:\/\/radiorevelacionfm.cl\/wp-content\/uploads\/2022\/11\/El-Avellano-4-1-1.jpeg\" alt='' title='El Avellano 4 (1) (1)' height=\"600\" width=\"800\"  itemprop=\"thumbnailUrl\" srcset=\"https:\/\/radiorevelacionfm.cl\/wp-content\/uploads\/2022\/11\/El-Avellano-4-1-1.jpeg 800w, https:\/\/radiorevelacionfm.cl\/wp-content\/uploads\/2022\/11\/El-Avellano-4-1-1-300x225.jpeg 300w, https:\/\/radiorevelacionfm.cl\/wp-content\/uploads\/2022\/11\/El-Avellano-4-1-1-768x576.jpeg 768w, https:\/\/radiorevelacionfm.cl\/wp-content\/uploads\/2022\/11\/El-Avellano-4-1-1-705x529.jpeg 705w, https:\/\/radiorevelacionfm.cl\/wp-content\/uploads\/2022\/11\/El-Avellano-4-1-1-600x450.jpeg 600w\" sizes=\"(max-width: 800px) 100vw, 800px\" \/><\/div><\/div><\/div><\/div>\n<div class=\"flex_column av_one_full  flex_column_div av-zero-column-padding first  avia-builder-el-2  el_after_av_one_full  el_before_av_one_full  column-top-margin\" style='border-radius:0px; '><section class=\"av_textblock_section \"  itemscope=\"itemscope\" itemtype=\"https:\/\/schema.org\/BlogPosting\" itemprop=\"blogPost\" ><div class='avia_textblock  '   itemprop=\"text\" ><p style=\"text-align: center;\"><span style=\"font-size: 18pt;\"><strong>Ministerio de Agricultura realiza labores de apoyo para productores del Sector El Avellano<\/strong><\/span><\/p>\n<div id=\"gtx-trans\" style=\"position: absolute; left: -50px; top: 4.31534px;\">\n<div class=\"gtx-trans-icon\"><\/div>\n<\/div>\n<\/div><\/section><\/div><div class=\"flex_column av_one_full  flex_column_div av-zero-column-padding first  avia-builder-el-4  el_after_av_one_full  el_before_av_hr  column-top-margin\" style='border-radius:0px; '><section class=\"av_textblock_section \"  itemscope=\"itemscope\" itemtype=\"https:\/\/schema.org\/BlogPosting\" itemprop=\"blogPost\" ><div class='avia_textblock  '   itemprop=\"text\" ><p style=\"text-align: justify;\">Seis productores del sector El Avellano, en la Comuna de R\u00edo Ib\u00e1\u00f1ez, recibieron apoyo de funcionarios del Ministerio de Agricultura para sus planteles animales. En el marco de jornada en terreno desarrollada durante cinco d\u00edas y donde lo funcionarios del Servicio Agr\u00edcola y Ganadero (SAG) m\u00e1s un funcionario del Instituto de Desarrollo Agropecuario (INDAP), visitaron a seis productores de este aislado sector.<\/p>\n<p style=\"text-align: justify;\">\u201cLuego de un verano seco y un invierno fr\u00edo como el reci\u00e9n pasado, se report\u00f3 mortalidad de cr\u00edas y se evidenci\u00f3 que la condici\u00f3n corporal de los animales no es la ideal para la avanzada la primavera. Entre los manejos realizados al ganado se incluyeron antiparasitarios, vacunas y vitaminas, adem\u00e1s de tratamientos espec\u00edficos al ganado enfermo\u201d, se\u00f1al\u00f3 Nicol\u00e1s Valdivieso Cariola, Encargado Pecuario del SAG Ays\u00e9n.<\/p>\n<p style=\"text-align: justify;\">El operativo implic\u00f3 atender m\u00e1s de 200 animales a los cuales, entre otras acciones, se les coloc\u00f3 Dispositivos Electr\u00f3nicos de Identificaci\u00f3n (Aretes), a trav\u00e9s del Programa de Trazabilidad Animal. Adem\u00e1s, se realiz\u00f3 vigilancia de brucelosis bovina, Maedi Visna en ovinos, junto a la aplicaci\u00f3n del manejo sanitario b\u00e1sico preventivo de desparasitaci\u00f3n y vacunaci\u00f3n contra enfermedades.<\/p>\n<p style=\"text-align: justify;\">El trabajo en terreno, articulado desde la Secretaria Regional Ministerial de Agricultura, permiti\u00f3 responder a los requerimientos de los pobladores del sector . concretando un apoyo importante para los productores y aportando a la seguridad sanitar\u00eda regional.<\/p>\n<p style=\"text-align: justify;\">\u00a0\u201cEl equipo pecuario del servicio logr\u00f3 concretar esta intervenci\u00f3n solicitada por los productores que, luego de la \u00faltima visita en mayo 2021, permiti\u00f3 retomar comunicaci\u00f3n y levantar informaci\u00f3n epidemiol\u00f3gica importante para el estatus sanitario de la regi\u00f3n, los funcionarios lograron sortear las dificultades de acceso al sector para llegar con insumos y asesor\u00eda t\u00e9cnica\u201d, detall\u00f3 la Directora (S) del Servicio Agr\u00edcola y Ganadero.<\/p>\n<\/div><\/section><\/div><\/p>\n<div  style='height:50px' class='hr hr-invisible   avia-builder-el-6  el_after_av_one_full  el_before_av_social_share '><span class='hr-inner ' ><span class='hr-inner-style'><\/span><\/span><\/div>\n<div  class='av-social-sharing-box  avia-builder-el-7  el_after_av_hr  el_before_av_hr  '><div class='av-share-box'><h5 class='av-share-link-description av-no-toc '>Compartir esta noticia<\/h5><ul class='av-share-box-list noLightbox'><li class='av-share-link av-social-link-facebook' ><a target=\"_blank\" aria-label=\"Compartir en Facebook\" href='https:\/\/www.facebook.com\/sharer.php?u=https:\/\/radiorevelacionfm.cl\/?p=24672&#038;t=Ministerio%20de%20Agricultura%20realiza%20labores%20de%20apoyo%20para%20productores%20del%20Sector%20El%20Avellano' aria-hidden='false' data-av_icon='\ue8f3' data-av_iconfont='entypo-fontello' title='' data-avia-related-tooltip='Compartir en Facebook' rel=\"noopener\"><span class='avia_hidden_link_text'>Compartir en Facebook<\/span><\/a><\/li><li class='av-share-link av-social-link-twitter' ><a target=\"_blank\" aria-label=\"Compartir en Twitter\" href='https:\/\/twitter.com\/share?text=Ministerio%20de%20Agricultura%20realiza%20labores%20de%20apoyo%20para%20productores%20del%20Sector%20El%20Avellano&#038;url=https:\/\/radiorevelacionfm.cl\/?p=24672' aria-hidden='false' data-av_icon='\ue8f1' data-av_iconfont='entypo-fontello' title='' data-avia-related-tooltip='Compartir en Twitter' rel=\"noopener\"><span class='avia_hidden_link_text'>Compartir en Twitter<\/span><\/a><\/li><li class='av-share-link av-social-link-whatsapp' ><a target=\"_blank\" aria-label=\"Compartir en Whatsapp\" href='https:\/\/api.whatsapp.com\/send?text=https:\/\/radiorevelacionfm.cl\/?p=24672' aria-hidden='false' data-av_icon='\uf232' data-av_iconfont='entypo-fontello' title='' data-avia-related-tooltip='Compartir en Whatsapp' rel=\"noopener\"><span class='avia_hidden_link_text'>Compartir en Whatsapp<\/span><\/a><\/li><li class='av-share-link av-social-link-linkedin' ><a target=\"_blank\" aria-label=\"Compartir en LinkedIn\" href='https:\/\/linkedin.com\/shareArticle?mini=true&#038;title=Ministerio%20de%20Agricultura%20realiza%20labores%20de%20apoyo%20para%20productores%20del%20Sector%20El%20Avellano&#038;url=https:\/\/radiorevelacionfm.cl\/?p=24672' aria-hidden='false' data-av_icon='\ue8fc' data-av_iconfont='entypo-fontello' title='' data-avia-related-tooltip='Compartir en LinkedIn' rel=\"noopener\"><span class='avia_hidden_link_text'>Compartir en LinkedIn<\/span><\/a><\/li><li class='av-share-link av-social-link-mail' ><a  aria-label=\"Compartir por correo\" href='mailto:?subject=Ministerio%20de%20Agricultura%20realiza%20labores%20de%20apoyo%20para%20productores%20del%20Sector%20El%20Avellano&#038;body=https:\/\/radiorevelacionfm.cl\/?p=24672' aria-hidden='false' data-av_icon='\ue805' data-av_iconfont='entypo-fontello' title='' data-avia-related-tooltip='Compartir por correo'><span class='avia_hidden_link_text'>Compartir por correo<\/span><\/a><\/li><\/ul><\/div><\/div>\n<div  style='height:50px' class='hr hr-invisible   avia-builder-el-8  el_after_av_social_share  el_before_av_comments_list '><span class='hr-inner ' ><span class='hr-inner-style'><\/span><\/span><\/div>\n<div  class='av-buildercomment  av-blog-meta-html-info-disabled av-blog-meta-tag-disabled  '><\/div>\n","protected":false},"excerpt":{"rendered":"","protected":false},"author":1,"featured_media":24673,"comment_status":"open","ping_status":"open","sticky":false,"template":"","format":"standard","meta":{"footnotes":""},"categories":[58],"tags":[],"class_list":["post-24672","post","type-post","status-publish","format-standard","has-post-thumbnail","hentry","category-agricultura"],"jetpack_featured_media_url":"https:\/\/radiorevelacionfm.cl\/wp-content\/uploads\/2022\/11\/El-Avellano-4-1-1.jpeg","_links":{"self":[{"href":"https:\/\/radiorevelacionfm.cl\/index.php?rest_route=\/wp\/v2\/posts\/24672","targetHints":{"allow":["GET"]}}],"collection":[{"href":"https:\/\/radiorevelacionfm.cl\/index.php?rest_route=\/wp\/v2\/posts"}],"about":[{"href":"https:\/\/radiorevelacionfm.cl\/index.php?rest_route=\/wp\/v2\/types\/post"}],"author":[{"embeddable":true,"href":"https:\/\/radiorevelacionfm.cl\/index.php?rest_route=\/wp\/v2\/users\/1"}],"replies":[{"embeddable":true,"href":"https:\/\/radiorevelacionfm.cl\/index.php?rest_route=%2Fwp%2Fv2%2Fcomments&post=24672"}],"version-history":[{"count":3,"href":"https:\/\/radiorevelacionfm.cl\/index.php?rest_route=\/wp\/v2\/posts\/24672\/revisions"}],"predecessor-version":[{"id":24685,"href":"https:\/\/radiorevelacionfm.cl\/index.php?rest_route=\/wp\/v2\/posts\/24672\/revisions\/24685"}],"wp:featuredmedia":[{"embeddable":true,"href":"https:\/\/radiorevelacionfm.cl\/index.php?rest_route=\/wp\/v2\/media\/24673"}],"wp:attachment":[{"href":"https:\/\/radiorevelacionfm.cl\/index.php?rest_route=%2Fwp%2Fv2%2Fmedia&parent=24672"}],"wp:term":[{"taxonomy":"category","embeddable":true,"href":"https:\/\/radiorevelacionfm.cl\/index.php?rest_route=%2Fwp%2Fv2%2Fcategories&post=24672"},{"taxonomy":"post_tag","embeddable":true,"href":"https:\/\/radiorevelacionfm.cl\/index.php?rest_route=%2Fwp%2Fv2%2Ftags&post=24672"}],"curies":[{"name":"wp","href":"https:\/\/api.w.org\/{rel}","templated":true}]}}