{"id":24669,"date":"2022-11-25T10:56:23","date_gmt":"2022-11-25T13:56:23","guid":{"rendered":"https:\/\/radiorevelacionfm.cl\/?p=24669"},"modified":"2022-11-25T10:56:23","modified_gmt":"2022-11-25T13:56:23","slug":"gobierno-regional-y-consejeras-provinciales-llaman-a-solucionar-cuanto-antes-problema-de-conectividad-entre-chile-chico-y-puerto-ibanez","status":"publish","type":"post","link":"https:\/\/radiorevelacionfm.cl\/?p=24669","title":{"rendered":"Gobierno Regional y Consejeras Provinciales llaman a solucionar cuanto antes problema de conectividad entre Chile Chico y Puerto Ib\u00e1\u00f1ez"},"content":{"rendered":"<div class=\"flex_column av_one_full  flex_column_div av-zero-column-padding first  avia-builder-el-0  el_before_av_one_full  avia-builder-el-first  \" style='border-radius:0px; '><div  class='avia-image-container  av-styling-    avia-builder-el-1  avia-builder-el-no-sibling  avia-align-center '  itemprop=\"image\" itemscope=\"itemscope\" itemtype=\"https:\/\/schema.org\/ImageObject\"  ><div class='avia-image-container-inner'><div class='avia-image-overlay-wrap'><img decoding=\"async\" class='wp-image-24670 avia-img-lazy-loading-not-24670 avia_image' src=\"https:\/\/radiorevelacionfm.cl\/wp-content\/uploads\/2022\/11\/Chelenco-1-1.jpeg\" alt='' title='Chelenco (1) (1)' height=\"600\" width=\"800\"  itemprop=\"thumbnailUrl\" srcset=\"https:\/\/radiorevelacionfm.cl\/wp-content\/uploads\/2022\/11\/Chelenco-1-1.jpeg 800w, https:\/\/radiorevelacionfm.cl\/wp-content\/uploads\/2022\/11\/Chelenco-1-1-300x225.jpeg 300w, https:\/\/radiorevelacionfm.cl\/wp-content\/uploads\/2022\/11\/Chelenco-1-1-768x576.jpeg 768w, https:\/\/radiorevelacionfm.cl\/wp-content\/uploads\/2022\/11\/Chelenco-1-1-705x529.jpeg 705w, https:\/\/radiorevelacionfm.cl\/wp-content\/uploads\/2022\/11\/Chelenco-1-1-600x450.jpeg 600w\" sizes=\"(max-width: 800px) 100vw, 800px\" \/><\/div><\/div><\/div><\/div><div class=\"flex_column av_one_full  flex_column_div av-zero-column-padding first  avia-builder-el-2  el_after_av_one_full  el_before_av_one_full  column-top-margin\" style='border-radius:0px; '><section class=\"av_textblock_section \"  itemscope=\"itemscope\" itemtype=\"https:\/\/schema.org\/BlogPosting\" itemprop=\"blogPost\" ><div class='avia_textblock  '   itemprop=\"text\" ><p style=\"text-align: center;\"><span style=\"font-size: 18pt;\"><strong>Gobierno Regional y Consejeras Provinciales llaman a solucionar cuanto antes problema de conectividad entre Chile Chico y Puerto Ib\u00e1\u00f1ez<\/strong><\/span><\/p>\n<div id=\"gtx-trans\" style=\"position: absolute; left: -50px; top: 4.31534px;\">\n<div class=\"gtx-trans-icon\"><\/div>\n<\/div>\n<\/div><\/section><\/div><div class=\"flex_column av_one_full  flex_column_div av-zero-column-padding first  avia-builder-el-4  el_after_av_one_full  el_before_av_hr  column-top-margin\" style='border-radius:0px; '><section class=\"av_textblock_section \"  itemscope=\"itemscope\" itemtype=\"https:\/\/schema.org\/BlogPosting\" itemprop=\"blogPost\" ><div class='avia_textblock  '   itemprop=\"text\" ><p>Luego de que este jueves la barcaza \u201cChelenco\u201d presentara nuevos desperfectos mec\u00e1nicos, que llevaron a que la embarcaci\u00f3n que conecta las localidades de Chile Chico y Puerto Ingeniero Ib\u00e1\u00f1ez se golpeara contra la orilla y quedara varada, tanto la Gobernadora Regional, Andrea Mac\u00edas Palma, como las Consejeras que representan a la Provincia de General Carrera, hicieron un llamado urgente a las autoridades del Ministerio de Obras P\u00fablicas (MOP) para trabajar en conjunto y solucionar este grave problema para las comunidades.<\/p>\n<p>Durante este a\u00f1o las diferentes barcazas han tenido fallas, lo que ha generado una falta de conexi\u00f3n y uso de estos transportes acu\u00e1ticos que permiten, por ejemplo, a las personas que viven en Chile Chico llegar a Puerto Ingeniero Ib\u00e1\u00f1ez.<\/p>\n<p>\u201cFrente a la situaci\u00f3n vivida en Chile Chico nuevamente con la barcaza (&#8230;) quiero hacer un llamado a que podamos acelerar las gestiones y nos ponemos a disposici\u00f3n como Gobierno Regional. Requerimos urgente una nueva embarcaci\u00f3n, lo hemos dicho muchas veces: estamos llanos a asistir con financiamiento para poder dar una respuesta definitiva a toda la comunidad. Este conflicto ya lleva muchos a\u00f1os y, si bien reconocemos los esfuerzos que se han hecho, vemos que necesitamos mayor celeridad y urgencia\u201d, expres\u00f3 la Gobernadora Andrea Mac\u00edas Palma.<\/p>\n<p>Seg\u00fan las primeras informaciones el desperfecto del barco se habr\u00eda producido alrededor de las diez de la ma\u00f1ana, cuando este se dirig\u00eda desde el muelle de Chile Chico hacia la localidad de Puerto Ingeniero Ib\u00e1\u00f1ez, momento en el que habr\u00eda ocurrido una falla con el compresor espec\u00edficamente, causando que quien la dirig\u00eda perdiera el control de mando de la nave.<\/p>\n<p>\u201cLamentamos profundamente esta situaci\u00f3n. Una vez m\u00e1s la \u00fanica embarcaci\u00f3n que tenemos disponible para navegar por el Lago General Carrera sufre una falla. Hace una semana lament\u00e1bamos la ca\u00edda de la rampa, hoy es otro desperfecto del que no sabremos su magnitud hasta el lunes. Hacemos el llamado a las autoridades regionales del MOP, al Seremi de Transportes tambi\u00e9n, y al Delegado Presidencial, pues hoy necesitamos acciones pol\u00edticas para mejorar este problema de seguridad en la conectividad lacustre del Lago General Carrera\u201d, declar\u00f3 la Consejera Paulina Hern\u00e1ndez.<\/p>\n<p>Por su parte, la Consejera Regional Lilian Inostroza, plante\u00f3 una alternativa para ayudar a suplir la necesidad de transporte entre las dos localidades de la Provincia que representa, mientras ocurran los trabajos de reparaci\u00f3n de la embarcaci\u00f3n \u201cChelenco\u201d y se realizan los tr\u00e1mites para adquirir una nueva barcaza.<\/p>\n<p>\u201cSabemos que se han hecho todos los esfuerzos y se est\u00e1 realizando un trabajo para una nueva embarcaci\u00f3n en el Lago General Carrera, pero somos conscientes que esta es una medida a mediano o largo plazo. Por eso, creo que hoy debemos redoblar los esfuerzos para que el ministerio recupere prontamente la embarcaci\u00f3n \u201cTehuelche\u201d, y que esta pueda navegar, entreg\u00e1ndonos a cada uno de los habitantes de las localidades y a la gente que utiliza este medio de transporte lacustre, la seguridad, calidad y est\u00e1ndar que merecemos\u201d, subray\u00f3 la Consejera, invitando al Ministro de Obras P\u00fablicas a visitar la regi\u00f3n para trabajar de manera conjunta en este tipo de materias.<\/p>\n<\/div><\/section><\/div><div  style='height:50px' class='hr hr-invisible   avia-builder-el-6  el_after_av_one_full  el_before_av_social_share '><span class='hr-inner ' ><span class='hr-inner-style'><\/span><\/span><\/div><\/p>\n<div  class='av-social-sharing-box  avia-builder-el-7  el_after_av_hr  el_before_av_hr  '><div class='av-share-box'><h5 class='av-share-link-description av-no-toc '>Compartir esta noticia<\/h5><ul class='av-share-box-list noLightbox'><li class='av-share-link av-social-link-facebook' ><a target=\"_blank\" aria-label=\"Compartir en Facebook\" href='https:\/\/www.facebook.com\/sharer.php?u=https:\/\/radiorevelacionfm.cl\/?p=24669&#038;t=Gobierno%20Regional%20y%20Consejeras%20Provinciales%20llaman%20a%20solucionar%20cuanto%20antes%20problema%20de%20conectividad%20entre%20Chile%20Chico%20y%20Puerto%20Ib%C3%A1%C3%B1ez' aria-hidden='false' data-av_icon='\ue8f3' data-av_iconfont='entypo-fontello' title='' data-avia-related-tooltip='Compartir en Facebook' rel=\"noopener\"><span class='avia_hidden_link_text'>Compartir en Facebook<\/span><\/a><\/li><li class='av-share-link av-social-link-twitter' ><a target=\"_blank\" aria-label=\"Compartir en Twitter\" href='https:\/\/twitter.com\/share?text=Gobierno%20Regional%20y%20Consejeras%20Provinciales%20llaman%20a%20solucionar%20cuanto%20antes%20problema%20de%20conectividad%20entre%20Chile%20Chico%20y%20Puerto%20Ib%C3%A1%C3%B1ez&#038;url=https:\/\/radiorevelacionfm.cl\/?p=24669' aria-hidden='false' data-av_icon='\ue8f1' data-av_iconfont='entypo-fontello' title='' data-avia-related-tooltip='Compartir en Twitter' rel=\"noopener\"><span class='avia_hidden_link_text'>Compartir en Twitter<\/span><\/a><\/li><li class='av-share-link av-social-link-whatsapp' ><a target=\"_blank\" aria-label=\"Compartir en Whatsapp\" href='https:\/\/api.whatsapp.com\/send?text=https:\/\/radiorevelacionfm.cl\/?p=24669' aria-hidden='false' data-av_icon='\uf232' data-av_iconfont='entypo-fontello' title='' data-avia-related-tooltip='Compartir en Whatsapp' rel=\"noopener\"><span class='avia_hidden_link_text'>Compartir en Whatsapp<\/span><\/a><\/li><li class='av-share-link av-social-link-linkedin' ><a target=\"_blank\" aria-label=\"Compartir en LinkedIn\" href='https:\/\/linkedin.com\/shareArticle?mini=true&#038;title=Gobierno%20Regional%20y%20Consejeras%20Provinciales%20llaman%20a%20solucionar%20cuanto%20antes%20problema%20de%20conectividad%20entre%20Chile%20Chico%20y%20Puerto%20Ib%C3%A1%C3%B1ez&#038;url=https:\/\/radiorevelacionfm.cl\/?p=24669' aria-hidden='false' data-av_icon='\ue8fc' data-av_iconfont='entypo-fontello' title='' data-avia-related-tooltip='Compartir en LinkedIn' rel=\"noopener\"><span class='avia_hidden_link_text'>Compartir en LinkedIn<\/span><\/a><\/li><li class='av-share-link av-social-link-mail' ><a  aria-label=\"Compartir por correo\" href='mailto:?subject=Gobierno%20Regional%20y%20Consejeras%20Provinciales%20llaman%20a%20solucionar%20cuanto%20antes%20problema%20de%20conectividad%20entre%20Chile%20Chico%20y%20Puerto%20Ib%C3%A1%C3%B1ez&#038;body=https:\/\/radiorevelacionfm.cl\/?p=24669' aria-hidden='false' data-av_icon='\ue805' data-av_iconfont='entypo-fontello' title='' data-avia-related-tooltip='Compartir por correo'><span class='avia_hidden_link_text'>Compartir por correo<\/span><\/a><\/li><\/ul><\/div><\/div>\n<div  style='height:50px' class='hr hr-invisible   avia-builder-el-8  el_after_av_social_share  el_before_av_comments_list '><span class='hr-inner ' ><span class='hr-inner-style'><\/span><\/span><\/div>\n<div  class='av-buildercomment  av-blog-meta-html-info-disabled av-blog-meta-tag-disabled  '><\/div>\n","protected":false},"excerpt":{"rendered":"","protected":false},"author":1,"featured_media":24670,"comment_status":"open","ping_status":"open","sticky":false,"template":"","format":"standard","meta":{"footnotes":""},"categories":[38],"tags":[],"class_list":["post-24669","post","type-post","status-publish","format-standard","has-post-thumbnail","hentry","category-regional"],"jetpack_featured_media_url":"https:\/\/radiorevelacionfm.cl\/wp-content\/uploads\/2022\/11\/Chelenco-1-1.jpeg","_links":{"self":[{"href":"https:\/\/radiorevelacionfm.cl\/index.php?rest_route=\/wp\/v2\/posts\/24669","targetHints":{"allow":["GET"]}}],"collection":[{"href":"https:\/\/radiorevelacionfm.cl\/index.php?rest_route=\/wp\/v2\/posts"}],"about":[{"href":"https:\/\/radiorevelacionfm.cl\/index.php?rest_route=\/wp\/v2\/types\/post"}],"author":[{"embeddable":true,"href":"https:\/\/radiorevelacionfm.cl\/index.php?rest_route=\/wp\/v2\/users\/1"}],"replies":[{"embeddable":true,"href":"https:\/\/radiorevelacionfm.cl\/index.php?rest_route=%2Fwp%2Fv2%2Fcomments&post=24669"}],"version-history":[{"count":2,"href":"https:\/\/radiorevelacionfm.cl\/index.php?rest_route=\/wp\/v2\/posts\/24669\/revisions"}],"predecessor-version":[{"id":24679,"href":"https:\/\/radiorevelacionfm.cl\/index.php?rest_route=\/wp\/v2\/posts\/24669\/revisions\/24679"}],"wp:featuredmedia":[{"embeddable":true,"href":"https:\/\/radiorevelacionfm.cl\/index.php?rest_route=\/wp\/v2\/media\/24670"}],"wp:attachment":[{"href":"https:\/\/radiorevelacionfm.cl\/index.php?rest_route=%2Fwp%2Fv2%2Fmedia&parent=24669"}],"wp:term":[{"taxonomy":"category","embeddable":true,"href":"https:\/\/radiorevelacionfm.cl\/index.php?rest_route=%2Fwp%2Fv2%2Fcategories&post=24669"},{"taxonomy":"post_tag","embeddable":true,"href":"https:\/\/radiorevelacionfm.cl\/index.php?rest_route=%2Fwp%2Fv2%2Ftags&post=24669"}],"curies":[{"name":"wp","href":"https:\/\/api.w.org\/{rel}","templated":true}]}}