{"id":24666,"date":"2022-11-25T10:10:40","date_gmt":"2022-11-25T13:10:40","guid":{"rendered":"https:\/\/radiorevelacionfm.cl\/?p=24666"},"modified":"2022-11-25T10:10:40","modified_gmt":"2022-11-25T13:10:40","slug":"senador-sandoval-es-un-error-inexcusable","status":"publish","type":"post","link":"https:\/\/radiorevelacionfm.cl\/?p=24666","title":{"rendered":"Senador Sandoval:  \u201cEs un error inexcusable\u201d"},"content":{"rendered":"<div class=\"flex_column av_one_full  flex_column_div av-zero-column-padding first  avia-builder-el-0  el_before_av_one_full  avia-builder-el-first  \" style='border-radius:0px; '><div  class='avia-image-container  av-styling-    avia-builder-el-1  avia-builder-el-no-sibling  avia-align-center '  itemprop=\"image\" itemscope=\"itemscope\" itemtype=\"https:\/\/schema.org\/ImageObject\"  ><div class='avia-image-container-inner'><div class='avia-image-overlay-wrap'><img decoding=\"async\" class='wp-image-24667 avia-img-lazy-loading-not-24667 avia_image' src=\"https:\/\/radiorevelacionfm.cl\/wp-content\/uploads\/2022\/11\/sandoval-2-1_optimized.jpg\" alt='' title='sandoval-2-(1)_optimized' height=\"600\" width=\"900\"  itemprop=\"thumbnailUrl\" srcset=\"https:\/\/radiorevelacionfm.cl\/wp-content\/uploads\/2022\/11\/sandoval-2-1_optimized.jpg 900w, https:\/\/radiorevelacionfm.cl\/wp-content\/uploads\/2022\/11\/sandoval-2-1_optimized-300x200.jpg 300w, https:\/\/radiorevelacionfm.cl\/wp-content\/uploads\/2022\/11\/sandoval-2-1_optimized-768x512.jpg 768w, https:\/\/radiorevelacionfm.cl\/wp-content\/uploads\/2022\/11\/sandoval-2-1_optimized-705x470.jpg 705w, https:\/\/radiorevelacionfm.cl\/wp-content\/uploads\/2022\/11\/sandoval-2-1_optimized-600x400.jpg 600w\" sizes=\"(max-width: 900px) 100vw, 900px\" \/><\/div><\/div><\/div><\/div><div class=\"flex_column av_one_full  flex_column_div av-zero-column-padding first  avia-builder-el-2  el_after_av_one_full  el_before_av_one_full  column-top-margin\" style='border-radius:0px; '><section class=\"av_textblock_section \"  itemscope=\"itemscope\" itemtype=\"https:\/\/schema.org\/BlogPosting\" itemprop=\"blogPost\" ><div class='avia_textblock  '   itemprop=\"text\" ><p style=\"text-align: center;\"><span style=\"font-size: 18pt;\"><strong>Senador Sandoval:\u00a0<\/strong><strong>\u201cEs un error inexcusable\u201d<\/strong><\/span><\/p>\n<div id=\"gtx-trans\" style=\"position: absolute; left: -50px; top: 4.31534px;\">\n<div class=\"gtx-trans-icon\"><\/div>\n<\/div>\n<\/div><\/section><\/div><div class=\"flex_column av_one_full  flex_column_div av-zero-column-padding first  avia-builder-el-4  el_after_av_one_full  el_before_av_hr  column-top-margin\" style='border-radius:0px; '><section class=\"av_textblock_section \"  itemscope=\"itemscope\" itemtype=\"https:\/\/schema.org\/BlogPosting\" itemprop=\"blogPost\" ><div class='avia_textblock  '   itemprop=\"text\" ><p style=\"text-align: justify;\">\u201cUna omisi\u00f3n mal intencionada, que habla de que algunos sectores de este Gobierno buscan generar noticias y hacer creer a la comunidad de que hoy se est\u00e1n haciendo cosas\u201d. As\u00ed lo se\u00f1al\u00f3 el senador David Sandoval, luego de que, en el marco de la visita a la regi\u00f3n de la ministra de Salud, Ximena Aguilera, se se\u00f1alara en las redes sociales del MINSAL que \u00e9sta era la primera visita que se realizaba, por parte de un jefe de cartera, desde hac\u00eda cinco a\u00f1os a la zona.<\/p>\n<p style=\"text-align: justify;\">\u201cSi bien el Minsal corrigi\u00f3 el error, la falta estaba hecha\u201d, indic\u00f3 Sandoval, recordando que tanto los ex ministros Emilio Santelices y Enrique Paris, estuvieron en Ays\u00e9n, en 2018 y 2020, respectivamente, realizando una intensa agenda de actividades.<\/p>\n<p style=\"text-align: justify;\">A esto se suma, los viajes de la propia ex Subsecretaria de Salud P\u00fablica, Paula Daza, en 2021, y los ex subsecretarios Arturo Zu\u00f1iga y Alfredo Dougnac, \u00e9ste \u00faltimo en el verano de 2022 para inaugurar el hospital de Cochrane.<\/p>\n<p style=\"text-align: justify;\">\u201cHay all\u00ed una mala intenci\u00f3n y es bueno que las autoridades entiendan que ellos tambi\u00e9n son parte de estos procesos y yo creo que esta situaci\u00f3n no puede volver a producirse\u201d, agreg\u00f3.<\/p>\n<p style=\"text-align: justify;\">El legislador adem\u00e1s record\u00f3 que incluso en la visita realizada por Aguilera a Puerto Ays\u00e9n, en un comienzo no se hab\u00eda considerado una reuni\u00f3n con dirigentes sociales relacionados con el \u00e1mbito de salud, \u201csi bien finalmente se termin\u00f3 de concretar\u201d.<\/p>\n<p style=\"text-align: justify;\">Para el parlamentario el tema es relevante considerando las enormes demandas que existen en este \u00e1mbito, subrayando que \u201cah\u00ed hay que poner el acento y no hacer estos tweets falsos, con todo lo que hay que hacer en la regi\u00f3n\u201d, recordando la mediana complejidad del hospital de Puerto Ays\u00e9n, el policl\u00ednico de la obesidad o la construcci\u00f3n del nuevo hospital regional, entre otros. \u201cTenemos muchas materias relevantes, m\u00e1s que difundir noticias falsas\u201d, concluy\u00f3.<\/p>\n<\/div><\/section><\/div><div  style='height:50px' class='hr hr-invisible   avia-builder-el-6  el_after_av_one_full  el_before_av_social_share '><span class='hr-inner ' ><span class='hr-inner-style'><\/span><\/span><\/div><\/p>\n<div  class='av-social-sharing-box  avia-builder-el-7  el_after_av_hr  el_before_av_hr  '><div class='av-share-box'><h5 class='av-share-link-description av-no-toc '>Compartir esta noticia<\/h5><ul class='av-share-box-list noLightbox'><li class='av-share-link av-social-link-facebook' ><a target=\"_blank\" aria-label=\"Compartir en Facebook\" href='https:\/\/www.facebook.com\/sharer.php?u=https:\/\/radiorevelacionfm.cl\/?p=24666&#038;t=Senador%20Sandoval%3A%20%20%E2%80%9CEs%20un%20error%20inexcusable%E2%80%9D' aria-hidden='false' data-av_icon='\ue8f3' data-av_iconfont='entypo-fontello' title='' data-avia-related-tooltip='Compartir en Facebook' rel=\"noopener\"><span class='avia_hidden_link_text'>Compartir en Facebook<\/span><\/a><\/li><li class='av-share-link av-social-link-twitter' ><a target=\"_blank\" aria-label=\"Compartir en Twitter\" href='https:\/\/twitter.com\/share?text=Senador%20Sandoval%3A%20%20%E2%80%9CEs%20un%20error%20inexcusable%E2%80%9D&#038;url=https:\/\/radiorevelacionfm.cl\/?p=24666' aria-hidden='false' data-av_icon='\ue8f1' data-av_iconfont='entypo-fontello' title='' data-avia-related-tooltip='Compartir en Twitter' rel=\"noopener\"><span class='avia_hidden_link_text'>Compartir en Twitter<\/span><\/a><\/li><li class='av-share-link av-social-link-whatsapp' ><a target=\"_blank\" aria-label=\"Compartir en Whatsapp\" href='https:\/\/api.whatsapp.com\/send?text=https:\/\/radiorevelacionfm.cl\/?p=24666' aria-hidden='false' data-av_icon='\uf232' data-av_iconfont='entypo-fontello' title='' data-avia-related-tooltip='Compartir en Whatsapp' rel=\"noopener\"><span class='avia_hidden_link_text'>Compartir en Whatsapp<\/span><\/a><\/li><li class='av-share-link av-social-link-linkedin' ><a target=\"_blank\" aria-label=\"Compartir en LinkedIn\" href='https:\/\/linkedin.com\/shareArticle?mini=true&#038;title=Senador%20Sandoval%3A%20%20%E2%80%9CEs%20un%20error%20inexcusable%E2%80%9D&#038;url=https:\/\/radiorevelacionfm.cl\/?p=24666' aria-hidden='false' data-av_icon='\ue8fc' data-av_iconfont='entypo-fontello' title='' data-avia-related-tooltip='Compartir en LinkedIn' rel=\"noopener\"><span class='avia_hidden_link_text'>Compartir en LinkedIn<\/span><\/a><\/li><li class='av-share-link av-social-link-mail' ><a  aria-label=\"Compartir por correo\" href='mailto:?subject=Senador%20Sandoval%3A%20%20%E2%80%9CEs%20un%20error%20inexcusable%E2%80%9D&#038;body=https:\/\/radiorevelacionfm.cl\/?p=24666' aria-hidden='false' data-av_icon='\ue805' data-av_iconfont='entypo-fontello' title='' data-avia-related-tooltip='Compartir por correo'><span class='avia_hidden_link_text'>Compartir por correo<\/span><\/a><\/li><\/ul><\/div><\/div>\n<div  style='height:50px' class='hr hr-invisible   avia-builder-el-8  el_after_av_social_share  el_before_av_comments_list '><span class='hr-inner ' ><span class='hr-inner-style'><\/span><\/span><\/div>\n<div  class='av-buildercomment  av-blog-meta-html-info-disabled av-blog-meta-tag-disabled  '><\/div>\n","protected":false},"excerpt":{"rendered":"","protected":false},"author":1,"featured_media":24667,"comment_status":"open","ping_status":"open","sticky":false,"template":"","format":"standard","meta":{"footnotes":""},"categories":[35],"tags":[],"class_list":["post-24666","post","type-post","status-publish","format-standard","has-post-thumbnail","hentry","category-politica"],"jetpack_featured_media_url":"https:\/\/radiorevelacionfm.cl\/wp-content\/uploads\/2022\/11\/sandoval-2-1_optimized.jpg","_links":{"self":[{"href":"https:\/\/radiorevelacionfm.cl\/index.php?rest_route=\/wp\/v2\/posts\/24666","targetHints":{"allow":["GET"]}}],"collection":[{"href":"https:\/\/radiorevelacionfm.cl\/index.php?rest_route=\/wp\/v2\/posts"}],"about":[{"href":"https:\/\/radiorevelacionfm.cl\/index.php?rest_route=\/wp\/v2\/types\/post"}],"author":[{"embeddable":true,"href":"https:\/\/radiorevelacionfm.cl\/index.php?rest_route=\/wp\/v2\/users\/1"}],"replies":[{"embeddable":true,"href":"https:\/\/radiorevelacionfm.cl\/index.php?rest_route=%2Fwp%2Fv2%2Fcomments&post=24666"}],"version-history":[{"count":2,"href":"https:\/\/radiorevelacionfm.cl\/index.php?rest_route=\/wp\/v2\/posts\/24666\/revisions"}],"predecessor-version":[{"id":24678,"href":"https:\/\/radiorevelacionfm.cl\/index.php?rest_route=\/wp\/v2\/posts\/24666\/revisions\/24678"}],"wp:featuredmedia":[{"embeddable":true,"href":"https:\/\/radiorevelacionfm.cl\/index.php?rest_route=\/wp\/v2\/media\/24667"}],"wp:attachment":[{"href":"https:\/\/radiorevelacionfm.cl\/index.php?rest_route=%2Fwp%2Fv2%2Fmedia&parent=24666"}],"wp:term":[{"taxonomy":"category","embeddable":true,"href":"https:\/\/radiorevelacionfm.cl\/index.php?rest_route=%2Fwp%2Fv2%2Fcategories&post=24666"},{"taxonomy":"post_tag","embeddable":true,"href":"https:\/\/radiorevelacionfm.cl\/index.php?rest_route=%2Fwp%2Fv2%2Ftags&post=24666"}],"curies":[{"name":"wp","href":"https:\/\/api.w.org\/{rel}","templated":true}]}}