{"id":24656,"date":"2022-11-24T22:21:54","date_gmt":"2022-11-25T01:21:54","guid":{"rendered":"https:\/\/radiorevelacionfm.cl\/?p=24656"},"modified":"2022-11-24T22:48:45","modified_gmt":"2022-11-25T01:48:45","slug":"oportuno-actuar-de-carabineros-evito-femicidio-frustrado-en-coyhaique","status":"publish","type":"post","link":"https:\/\/radiorevelacionfm.cl\/?p=24656","title":{"rendered":"Oportuno actuar de Carabineros evit\u00f3 femicidio en Coyhaique"},"content":{"rendered":"<div class=\"flex_column av_one_full  flex_column_div av-zero-column-padding first  avia-builder-el-0  el_before_av_one_full  avia-builder-el-first  \" style='border-radius:0px; '><div  class='avia-image-container  av-styling-    avia-builder-el-1  avia-builder-el-no-sibling  avia-align-center '  itemprop=\"image\" itemscope=\"itemscope\" itemtype=\"https:\/\/schema.org\/ImageObject\"  ><div class='avia-image-container-inner'><div class='avia-image-overlay-wrap'><img decoding=\"async\" class='wp-image-12312 avia-img-lazy-loading-not-12312 avia_image' src=\"https:\/\/radiorevelacionfm.cl\/wp-content\/uploads\/2021\/12\/Carabineros-en-hospital-2-2.jpg\" alt='' title='Carabineros en hospital-2-2' height=\"600\" width=\"1058\"  itemprop=\"thumbnailUrl\" srcset=\"https:\/\/radiorevelacionfm.cl\/wp-content\/uploads\/2021\/12\/Carabineros-en-hospital-2-2.jpg 1058w, https:\/\/radiorevelacionfm.cl\/wp-content\/uploads\/2021\/12\/Carabineros-en-hospital-2-2-300x170.jpg 300w, https:\/\/radiorevelacionfm.cl\/wp-content\/uploads\/2021\/12\/Carabineros-en-hospital-2-2-1030x584.jpg 1030w, https:\/\/radiorevelacionfm.cl\/wp-content\/uploads\/2021\/12\/Carabineros-en-hospital-2-2-768x436.jpg 768w, https:\/\/radiorevelacionfm.cl\/wp-content\/uploads\/2021\/12\/Carabineros-en-hospital-2-2-705x400.jpg 705w, https:\/\/radiorevelacionfm.cl\/wp-content\/uploads\/2021\/12\/Carabineros-en-hospital-2-2-600x340.jpg 600w\" sizes=\"(max-width: 1058px) 100vw, 1058px\" \/><\/div><\/div><\/div><\/div>\n<div class=\"flex_column av_one_full  flex_column_div av-zero-column-padding first  avia-builder-el-2  el_after_av_one_full  el_before_av_one_full  column-top-margin\" style='border-radius:0px; '><section class=\"av_textblock_section \"  itemscope=\"itemscope\" itemtype=\"https:\/\/schema.org\/BlogPosting\" itemprop=\"blogPost\" ><div class='avia_textblock  '   itemprop=\"text\" ><p style=\"text-align: center;\"><span style=\"font-size: 18pt;\"><b>Oportuno actuar de Carabineros evit\u00f3 femicidio en Coyhaique<\/b><\/span><\/p>\n<div id=\"gtx-trans\" style=\"position: absolute; left: -50px; top: 4.31534px;\">\n<div class=\"gtx-trans-icon\"><\/div>\n<\/div>\n<\/div><\/section><\/div><div class=\"flex_column av_one_full  flex_column_div av-zero-column-padding first  avia-builder-el-4  el_after_av_one_full  el_before_av_hr  column-top-margin\" style='border-radius:0px; '><section class=\"av_textblock_section \"  itemscope=\"itemscope\" itemtype=\"https:\/\/schema.org\/BlogPosting\" itemprop=\"blogPost\" ><div class='avia_textblock  '   itemprop=\"text\" ><p class=\"v1MsoNormal\" style=\"text-align: justify;\">Tras arriesgar su propia integridad f\u00edsica y brindar auxilio a la v\u00edctima, el personal detuvo al agresor, quien registra antecedentes por lesiones menos graves y a su vez una condena por parricidio en grado de consumado.<\/p>\n<p class=\"v1MsoNormal\" style=\"text-align: justify;\">La oportuna denuncia por parte de vecinos a Carabineros, dando cuenta sobre una agresi\u00f3n de la cual estaba siendo v\u00edctima una mujer, motiv\u00f3 una r\u00e1pida respuesta por parte del personal de la 1ra. Comisar\u00eda de Coyhaique, logrando brindar auxilio a la v\u00edctima y detener al agresor por el delito de femicidio frustrado.<\/p>\n<p class=\"v1MsoNormal\" style=\"text-align: justify;\">Seg\u00fan indic\u00f3 el Comisario de esta Unidad, Mayor Franco Herrera Quezada, el personal se constituy\u00f3 en un pasaje ubicado en la poblaci\u00f3n El Divisadero de esta ciudad, constatando que la v\u00edctima correspond\u00eda a una mujer de nacionalidad extranjera.<\/p>\n<p class=\"v1MsoNormal\" style=\"text-align: justify;\">\u00abMomentos antes del arribo del personal, la ciudadana fue agredida con un arma blanca en la zona abdominal, se le brindaron los primeros auxilios a la v\u00edctima \u2013junto a unos familiares de ella- quienes se encontraban en el sitio del suceso y, con las caracter\u00edsticas de este antisocial, se comenz\u00f3 de manera inmediata su b\u00fasqueda\u00bb, indic\u00f3.<\/p>\n<p class=\"v1MsoNormal\" style=\"text-align: justify;\">Durante el desarrollo de las diligencias, testigos informaron a Carabineros que el individuo se hab\u00eda dado a la fuga a trav\u00e9s de un sitio eriazo ubicado en las inmediaciones del lugar de ocurrido el hecho.<\/p>\n<p class=\"v1MsoNormal\" style=\"text-align: justify;\">\u00abAl ingresar los carabineros, logran advertir la presencia de este sujeto, el cual se encontraba escondido entre los matorrales, quien al ver la presencia de personal y su inminente detenci\u00f3n, procedi\u00f3 a autoinferirse un corte en el cuello con un arma blanca. Por tal motivo, carabineros fue de inmediato a reducirlo, \u00e9l de igual forma trat\u00f3 de herir a los funcionarios con este cuchillo que portaba en una de sus manos, cortando inclusive uno de los dedos de un carabinero\u00bb, detall\u00f3 el Comisario de Coyhaique.<\/p>\n<p class=\"v1MsoNormal\" style=\"text-align: justify;\"><b>Derivaci\u00f3n al hospital\u00a0\u00a0 <\/b><\/p>\n<p class=\"v1MsoNormal\" style=\"text-align: justify;\">Tras lo anterior, el personal logr\u00f3 reducir a dicha persona e incautar el arma blanca junto con otorgarle los primeros auxilios, dada la lesi\u00f3n autoinferida en el cuello por medio de este elemento cortante.<\/p>\n<p class=\"v1MsoNormal\" style=\"text-align: justify;\">Paralelamente, Carabineros solicit\u00f3 la concurrencia del SAMU, siendo trasladados hasta el hospital regional de Coyhaique, donde ambas personas permanecen internadas en el recinto de salud fuera de riesgo vital,\u00a0en tanto que los antecedentes del procedimiento fueron puestos en conocimiento de la Fiscal\u00eda, que dirige investigaci\u00f3n por este hecho.<\/p>\n<p class=\"v1MsoNormal\" style=\"text-align: justify;\">El Mayor Herrera a\u00f1adi\u00f3 que el agresor es de nacionalidad chilena y posee antecedentes penales por los delitos de lesiones menos graves y a su vez por un parricidio en grado de consumado de su ex esposa cometido el 2009, delito por el cual fue condenado a 17 a\u00f1os de c\u00e1rcel (hasta el 2026), no obstante, desde el mes de noviembre del a\u00f1o 2020 y tras cumplir 11 a\u00f1os de condena, se encontraba \u2013al momento de cometer este delito- en libertad condicional y con firma mensual.<\/p>\n<p class=\"v1MsoNormal\" style=\"text-align: justify;\">Hechos de esta naturaleza constituyen la primera prioridad de respuesta y atenci\u00f3n por parte de Carabineros. Asimismo el Oficial Jefe inst\u00f3 a quienes sean v\u00edctima de violencia intrafamiliar a dar a conocer el hecho a las polic\u00edas, continuar con la denuncia, dado que existen determinados protocolos de actuaci\u00f3n ante este tipo de casos, sumado al apoyo por parte de profesionales del Sernameg, con la finalidad de brindar apoyo psicol\u00f3gico, psicosocial o bien legal -si el caso as\u00ed lo amerita- a trav\u00e9s de alg\u00fan tipo de querella.<\/p>\n<p class=\"v1MsoNormal\" style=\"text-align: justify;\"><b>No claudicaremos en prevenci\u00f3n y control<\/b><\/p>\n<p class=\"v1MsoNormal\" style=\"text-align: justify;\">\u00abLa primera llamada indic\u00f3 que la v\u00edctima hab\u00eda sido agredida con un hacha, que se trataba adem\u00e1s de una persona violenta, sin embargo, esa situaci\u00f3n no claudic\u00f3 a que los funcionarios de Carabineros que se encontraban de servicio concurrieran en forma inmediata a prestar los primeros auxilios, a enfrentar al delincuente, arriesgando la propia integridad f\u00edsica de ellos en pos de poder anular la acci\u00f3n de este victimario y ponerlo a disposici\u00f3n de la justicia\u00bb.<\/p>\n<p class=\"v1MsoNormal\" style=\"text-align: justify;\">\u00abCarabineros de Chile en sus esfuerzos permanentes est\u00e1 trabajando en pos de la comunidad indistintamente del nivel de peligrosidad que eso pueda representar para los mismos carabineros. Tenemos las herramientas, los elementos de protecci\u00f3n y nuestros protocolos para actuar ante este tipo de hechos (&#8230;) esta situaci\u00f3n por ning\u00fan motivo va a claudicar las acciones de prevenci\u00f3n y de control que desarrollamos diariamente\u00bb.<\/p>\n<p class=\"v1MsoNormal\" style=\"text-align: justify;\">Asimismo el Jefe de la XI Zona de Carabineros Ays\u00e9n, General Patricio Javier Santos Poblete, recibi\u00f3 a los dos funcionarios que brindaron el auxilio a la v\u00edctima y participaron en la detenci\u00f3n del sujeto, e impuso una felicitaci\u00f3n especial en sus respectivas hojas de vida.<\/p>\n<p class=\"v1MsoNormal\" style=\"text-align: justify;\">El Oficial General destac\u00f3 la valerosa acci\u00f3n, arrojo, determinaci\u00f3n y profesionalismo con que actu\u00f3 de manera oportuna el personal, quienes arriesgando su propia integridad f\u00edsica, lograron la detenci\u00f3n del sujeto, situaci\u00f3n que cobra mayor relevancia por estas horas, toda vez que ma\u00f1ana viernes se conmemora el D\u00eda Internacional de la Eliminaci\u00f3n de la Violencia contra la Mujer.<\/p>\n<\/div><\/section><\/div><\/p>\n<div  style='height:50px' class='hr hr-invisible   avia-builder-el-6  el_after_av_one_full  el_before_av_social_share '><span class='hr-inner ' ><span class='hr-inner-style'><\/span><\/span><\/div>\n<div  class='av-social-sharing-box  avia-builder-el-7  el_after_av_hr  el_before_av_hr  '><div class='av-share-box'><h5 class='av-share-link-description av-no-toc '>Compartir esta noticia<\/h5><ul class='av-share-box-list noLightbox'><li class='av-share-link av-social-link-facebook' ><a target=\"_blank\" aria-label=\"Compartir en Facebook\" href='https:\/\/www.facebook.com\/sharer.php?u=https:\/\/radiorevelacionfm.cl\/?p=24656&#038;t=Oportuno%20actuar%20de%20Carabineros%20evit%C3%B3%20femicidio%20en%20Coyhaique' aria-hidden='false' data-av_icon='\ue8f3' data-av_iconfont='entypo-fontello' title='' data-avia-related-tooltip='Compartir en Facebook' rel=\"noopener\"><span class='avia_hidden_link_text'>Compartir en Facebook<\/span><\/a><\/li><li class='av-share-link av-social-link-twitter' ><a target=\"_blank\" aria-label=\"Compartir en Twitter\" href='https:\/\/twitter.com\/share?text=Oportuno%20actuar%20de%20Carabineros%20evit%C3%B3%20femicidio%20en%20Coyhaique&#038;url=https:\/\/radiorevelacionfm.cl\/?p=24656' aria-hidden='false' data-av_icon='\ue8f1' data-av_iconfont='entypo-fontello' title='' data-avia-related-tooltip='Compartir en Twitter' rel=\"noopener\"><span class='avia_hidden_link_text'>Compartir en Twitter<\/span><\/a><\/li><li class='av-share-link av-social-link-whatsapp' ><a target=\"_blank\" aria-label=\"Compartir en Whatsapp\" href='https:\/\/api.whatsapp.com\/send?text=https:\/\/radiorevelacionfm.cl\/?p=24656' aria-hidden='false' data-av_icon='\uf232' data-av_iconfont='entypo-fontello' title='' data-avia-related-tooltip='Compartir en Whatsapp' rel=\"noopener\"><span class='avia_hidden_link_text'>Compartir en Whatsapp<\/span><\/a><\/li><li class='av-share-link av-social-link-linkedin' ><a target=\"_blank\" aria-label=\"Compartir en LinkedIn\" href='https:\/\/linkedin.com\/shareArticle?mini=true&#038;title=Oportuno%20actuar%20de%20Carabineros%20evit%C3%B3%20femicidio%20en%20Coyhaique&#038;url=https:\/\/radiorevelacionfm.cl\/?p=24656' aria-hidden='false' data-av_icon='\ue8fc' data-av_iconfont='entypo-fontello' title='' data-avia-related-tooltip='Compartir en LinkedIn' rel=\"noopener\"><span class='avia_hidden_link_text'>Compartir en LinkedIn<\/span><\/a><\/li><li class='av-share-link av-social-link-mail' ><a  aria-label=\"Compartir por correo\" href='mailto:?subject=Oportuno%20actuar%20de%20Carabineros%20evit%C3%B3%20femicidio%20en%20Coyhaique&#038;body=https:\/\/radiorevelacionfm.cl\/?p=24656' aria-hidden='false' data-av_icon='\ue805' data-av_iconfont='entypo-fontello' title='' data-avia-related-tooltip='Compartir por correo'><span class='avia_hidden_link_text'>Compartir por correo<\/span><\/a><\/li><\/ul><\/div><\/div>\n<div  style='height:50px' class='hr hr-invisible   avia-builder-el-8  el_after_av_social_share  el_before_av_comments_list '><span class='hr-inner ' ><span class='hr-inner-style'><\/span><\/span><\/div>\n<div  class='av-buildercomment  av-blog-meta-html-info-disabled av-blog-meta-tag-disabled  '><\/div>\n","protected":false},"excerpt":{"rendered":"","protected":false},"author":1,"featured_media":12312,"comment_status":"open","ping_status":"open","sticky":false,"template":"","format":"standard","meta":{"footnotes":""},"categories":[36],"tags":[],"class_list":["post-24656","post","type-post","status-publish","format-standard","has-post-thumbnail","hentry","category-policial"],"jetpack_featured_media_url":"https:\/\/radiorevelacionfm.cl\/wp-content\/uploads\/2021\/12\/Carabineros-en-hospital-2-2.jpg","_links":{"self":[{"href":"https:\/\/radiorevelacionfm.cl\/index.php?rest_route=\/wp\/v2\/posts\/24656","targetHints":{"allow":["GET"]}}],"collection":[{"href":"https:\/\/radiorevelacionfm.cl\/index.php?rest_route=\/wp\/v2\/posts"}],"about":[{"href":"https:\/\/radiorevelacionfm.cl\/index.php?rest_route=\/wp\/v2\/types\/post"}],"author":[{"embeddable":true,"href":"https:\/\/radiorevelacionfm.cl\/index.php?rest_route=\/wp\/v2\/users\/1"}],"replies":[{"embeddable":true,"href":"https:\/\/radiorevelacionfm.cl\/index.php?rest_route=%2Fwp%2Fv2%2Fcomments&post=24656"}],"version-history":[{"count":3,"href":"https:\/\/radiorevelacionfm.cl\/index.php?rest_route=\/wp\/v2\/posts\/24656\/revisions"}],"predecessor-version":[{"id":24661,"href":"https:\/\/radiorevelacionfm.cl\/index.php?rest_route=\/wp\/v2\/posts\/24656\/revisions\/24661"}],"wp:featuredmedia":[{"embeddable":true,"href":"https:\/\/radiorevelacionfm.cl\/index.php?rest_route=\/wp\/v2\/media\/12312"}],"wp:attachment":[{"href":"https:\/\/radiorevelacionfm.cl\/index.php?rest_route=%2Fwp%2Fv2%2Fmedia&parent=24656"}],"wp:term":[{"taxonomy":"category","embeddable":true,"href":"https:\/\/radiorevelacionfm.cl\/index.php?rest_route=%2Fwp%2Fv2%2Fcategories&post=24656"},{"taxonomy":"post_tag","embeddable":true,"href":"https:\/\/radiorevelacionfm.cl\/index.php?rest_route=%2Fwp%2Fv2%2Ftags&post=24656"}],"curies":[{"name":"wp","href":"https:\/\/api.w.org\/{rel}","templated":true}]}}