{"id":24651,"date":"2022-11-24T19:41:28","date_gmt":"2022-11-24T22:41:28","guid":{"rendered":"https:\/\/radiorevelacionfm.cl\/?p=24651"},"modified":"2022-11-24T22:40:19","modified_gmt":"2022-11-25T01:40:19","slug":"pleno-del-consejo-regional-aprueba-mas-de-600-millones-para-mejorar-infraestructura-de-la-carcel-de-coyhaique","status":"publish","type":"post","link":"https:\/\/radiorevelacionfm.cl\/?p=24651","title":{"rendered":"Aprueban m\u00e1s de $600 millones para mejorar infraestructura de la c\u00e1rcel de Coyhaique"},"content":{"rendered":"<div class=\"flex_column av_one_full  flex_column_div av-zero-column-padding first  avia-builder-el-0  el_before_av_one_full  avia-builder-el-first  \" style='border-radius:0px; '><div  class='avia-image-container  av-styling-    avia-builder-el-1  avia-builder-el-no-sibling  avia-align-center '  itemprop=\"image\" itemscope=\"itemscope\" itemtype=\"https:\/\/schema.org\/ImageObject\"  ><div class='avia-image-container-inner'><div class='avia-image-overlay-wrap'><img decoding=\"async\" class='wp-image-24652 avia-img-lazy-loading-not-24652 avia_image' src=\"https:\/\/radiorevelacionfm.cl\/wp-content\/uploads\/2022\/11\/WhatsApp-Image-2022-11-23-at-3.56.06-PM-1-1.jpeg\" alt='' title='WhatsApp Image 2022-11-23 at 3.56.06 PM (1) (1)' height=\"600\" width=\"900\"  itemprop=\"thumbnailUrl\" srcset=\"https:\/\/radiorevelacionfm.cl\/wp-content\/uploads\/2022\/11\/WhatsApp-Image-2022-11-23-at-3.56.06-PM-1-1.jpeg 900w, https:\/\/radiorevelacionfm.cl\/wp-content\/uploads\/2022\/11\/WhatsApp-Image-2022-11-23-at-3.56.06-PM-1-1-300x200.jpeg 300w, https:\/\/radiorevelacionfm.cl\/wp-content\/uploads\/2022\/11\/WhatsApp-Image-2022-11-23-at-3.56.06-PM-1-1-768x512.jpeg 768w, https:\/\/radiorevelacionfm.cl\/wp-content\/uploads\/2022\/11\/WhatsApp-Image-2022-11-23-at-3.56.06-PM-1-1-705x470.jpeg 705w, https:\/\/radiorevelacionfm.cl\/wp-content\/uploads\/2022\/11\/WhatsApp-Image-2022-11-23-at-3.56.06-PM-1-1-600x400.jpeg 600w\" sizes=\"(max-width: 900px) 100vw, 900px\" \/><\/div><\/div><\/div><\/div>\n<div class=\"flex_column av_one_full  flex_column_div av-zero-column-padding first  avia-builder-el-2  el_after_av_one_full  el_before_av_one_full  column-top-margin\" style='border-radius:0px; '><section class=\"av_textblock_section \"  itemscope=\"itemscope\" itemtype=\"https:\/\/schema.org\/BlogPosting\" itemprop=\"blogPost\" ><div class='avia_textblock  '   itemprop=\"text\" ><p style=\"text-align: center;\"><span style=\"font-size: 18pt;\"><strong>Aprueban m\u00e1s de $600 millones para mejorar infraestructura de la c\u00e1rcel de Coyhaique\u00a0<\/strong><\/span><\/p>\n<div id=\"gtx-trans\" style=\"position: absolute; left: -50px; top: 4.31534px;\">\n<div class=\"gtx-trans-icon\"><\/div>\n<\/div>\n<\/div><\/section><\/div><div class=\"flex_column av_one_full  flex_column_div av-zero-column-padding first  avia-builder-el-4  el_after_av_one_full  el_before_av_hr  column-top-margin\" style='border-radius:0px; '><section class=\"av_textblock_section \"  itemscope=\"itemscope\" itemtype=\"https:\/\/schema.org\/BlogPosting\" itemprop=\"blogPost\" ><div class='avia_textblock  '   itemprop=\"text\" ><p dir=\"ltr\" style=\"text-align: justify;\">En la sesi\u00f3n ordinaria, n\u00famero veinticuatro, del Consejo Regional de Ays\u00e9n se aprob\u00f3 el aumento de recursos para el proyecto \u00abConstrucci\u00f3n Soluciones El\u00e9ctricas Sector: Ceballo. Fachinal y Avellano\u201d y, tambi\u00e9n, los recursos para la conservaci\u00f3n del Centro Penitenciario de Coyhaique que supera los $660 millones.\u00a0 Este \u00faltimo, tuvo luz verde de la totalidad de los integrantes del cuerpo colegiado. Con ello, se realizar\u00e1 una mejora en la infraestructura exterior, ba\u00f1os y techos.<\/p>\n<p dir=\"ltr\" style=\"text-align: justify;\">La Gobernadora Regional, Andrea Mac\u00edas Palma, agradeci\u00f3 la votaci\u00f3n y recalc\u00f3 la importancia y relevancia de tener espacios dignos para todas y todos los habitantes de la regi\u00f3n. \u201cEn definitiva, personas que cometen alg\u00fan tipo de delito, est\u00e1n sancionadas, est\u00e1n privadas de libertad, m\u00e1s no privadas de otros derechos. Por lo tanto, tambi\u00e9n debemos ser responsables en la entrega de condiciones\u201d.<\/p>\n<p dir=\"ltr\" style=\"text-align: justify;\">La c\u00e1rcel fue construida en 1965 y tiene la capacidad para albergar a 105 internos e internas. A la fecha, hay 115 personas privadas de libertad en el lugar ubicado en calle Independencia.<\/p>\n<p dir=\"ltr\" style=\"text-align: justify;\">El presidente de la comisi\u00f3n de Desarrollo Social, Sergio Gonz\u00e1lez, enfatiz\u00f3 que la estructura del recinto tiene un deterioro bastante visible, sobre todo en el \u00e1rea el\u00e9ctrica y espacios sanitarios. \u201cAh\u00ed hay que hacer varias modificaciones y arreglos al interior, como as\u00ed tambi\u00e9n en lo que son los exteriores (&#8230;) Pero principalmente por entregar mayores condiciones, tanto a los internos como as\u00ed tambi\u00e9n al personal que trabaja en ese lugar\u201d, indic\u00f3 el Consejero.<\/p>\n<p dir=\"ltr\" style=\"text-align: justify;\">Tras la aprobaci\u00f3n de los recursos, ahora se inicia el periodo de licitaci\u00f3n para poner en marcha el dise\u00f1o de la conservaci\u00f3n, que estuvo a cargo del arquitecto Jos\u00e9 Miguel Aguirre. Se espera que en un plazo de diez meses se ejecute la obra, la que contempla la reparaci\u00f3n del sistema el\u00e9ctrico, sanitario, techumbre y zonas externas.<\/p>\n<p dir=\"ltr\" style=\"text-align: justify;\">\u201cEs una instituci\u00f3n (la c\u00e1rcel) que est\u00e1 inserta en nuestra comunidad y tenemos que brindar,\u00a0 no solamente,\u00a0 mejores condiciones sanitarias, mejores condiciones el\u00e9ctricas a los internos e internas que est\u00e1n ah\u00ed sino tambi\u00e9n a los trabajadores y trabajadoras de Gendarmer\u00eda que prestan sus servicios\u201d, dijo el seremi de Justicia y Derechos Humanos, Samuel Navarro.<\/p>\n<p dir=\"ltr\" style=\"text-align: justify;\"><strong>Soluciones el\u00e9ctricas<\/strong><\/p>\n<p dir=\"ltr\" style=\"text-align: justify;\">En la misma sesi\u00f3n del pleno del Consejo Regional se aprob\u00f3 el aumento de recursos para el proyecto \u00abConstrucci\u00f3n Soluciones El\u00e9ctricas Sector: Ceballo. Fachinal y Avellano\u201d, por el monto de M$39.984. Dichas obras beneficiar\u00e1n a tres familias que, hasta hoy, no cuentan con sistema el\u00e9ctrico estable.<\/p>\n<p dir=\"ltr\" style=\"text-align: justify;\">El aumento de los recursos \u201cbusca incorporar a nuevas\u00a0 familias al proyecto de electrificaci\u00f3n. Una necesidad muy sentida. Sabemos que cuando logramos llegar con la electrificaci\u00f3n, sea a trav\u00e9s de fotovoltaicos o extensiones de red, lo que estamos haciendo es generar un cambio importante en la calidad de vida de cada uno de los habitantes de nuestra regi\u00f3n\u201d, sostuvo la Gobernadora Regional, Andrea Mac\u00edas Palma.<\/p>\n<p dir=\"ltr\" style=\"text-align: justify;\">Las tres familias beneficiadas viven en el sector sur de Villa Cerro Castillo, comuna de R\u00edo Ib\u00e1\u00f1ez, en direcci\u00f3n a Puerto Tranquilo, sector pasarela R\u00edo Caj\u00f3n y\u00a0 sector Pen\u00ednsula Levic\u00e1n.<\/p>\n<p dir=\"ltr\" style=\"text-align: justify;\">Anteriormente, el proyecto fue votado por la totalidad del cuerpo colegiado el 8 de enero de 2021, por un monto de M$ 423.871 y con treinta beneficiarios\/as.<\/p>\n<p dir=\"ltr\" style=\"text-align: justify;\">La Consejera Paulina Hern\u00e1ndez, presidenta de la Comisi\u00f3n de Regionalizaci\u00f3n, dijo que lo que mandata el trabajo \u201ctambi\u00e9n dice relaci\u00f3n con la mejora en la calidad de vida y lo que se hace mediante el trabajo de los profesionales del Gobierno Regional. En ese sentido, se lleg\u00f3 a un trabajo en conjunto con la municipalidad de R\u00edo Ib\u00e1\u00f1ez\u201d.<\/p>\n<p dir=\"ltr\" style=\"text-align: justify;\">Adem\u00e1s, hizo el alcance que los dem\u00e1s proyectos anexados a esta iniciativa se est\u00e1n realizando y ejecutando conforme a los tiempos.<\/p>\n<\/div><\/section><\/div><div  style='height:50px' class='hr hr-invisible   avia-builder-el-6  el_after_av_one_full  el_before_av_social_share '><span class='hr-inner ' ><span class='hr-inner-style'><\/span><\/span><\/div><\/p>\n<div  class='av-social-sharing-box  avia-builder-el-7  el_after_av_hr  el_before_av_hr  '><div class='av-share-box'><h5 class='av-share-link-description av-no-toc '>Compartir esta noticia<\/h5><ul class='av-share-box-list noLightbox'><li class='av-share-link av-social-link-facebook' ><a target=\"_blank\" aria-label=\"Compartir en Facebook\" href='https:\/\/www.facebook.com\/sharer.php?u=https:\/\/radiorevelacionfm.cl\/?p=24651&#038;t=Aprueban%20m%C3%A1s%20de%20%24600%20millones%20para%20mejorar%20infraestructura%20de%20la%20c%C3%A1rcel%20de%20Coyhaique' aria-hidden='false' data-av_icon='\ue8f3' data-av_iconfont='entypo-fontello' title='' data-avia-related-tooltip='Compartir en Facebook' rel=\"noopener\"><span class='avia_hidden_link_text'>Compartir en Facebook<\/span><\/a><\/li><li class='av-share-link av-social-link-twitter' ><a target=\"_blank\" aria-label=\"Compartir en Twitter\" href='https:\/\/twitter.com\/share?text=Aprueban%20m%C3%A1s%20de%20%24600%20millones%20para%20mejorar%20infraestructura%20de%20la%20c%C3%A1rcel%20de%20Coyhaique&#038;url=https:\/\/radiorevelacionfm.cl\/?p=24651' aria-hidden='false' data-av_icon='\ue8f1' data-av_iconfont='entypo-fontello' title='' data-avia-related-tooltip='Compartir en Twitter' rel=\"noopener\"><span class='avia_hidden_link_text'>Compartir en Twitter<\/span><\/a><\/li><li class='av-share-link av-social-link-whatsapp' ><a target=\"_blank\" aria-label=\"Compartir en Whatsapp\" href='https:\/\/api.whatsapp.com\/send?text=https:\/\/radiorevelacionfm.cl\/?p=24651' aria-hidden='false' data-av_icon='\uf232' data-av_iconfont='entypo-fontello' title='' data-avia-related-tooltip='Compartir en Whatsapp' rel=\"noopener\"><span class='avia_hidden_link_text'>Compartir en Whatsapp<\/span><\/a><\/li><li class='av-share-link av-social-link-linkedin' ><a target=\"_blank\" aria-label=\"Compartir en LinkedIn\" href='https:\/\/linkedin.com\/shareArticle?mini=true&#038;title=Aprueban%20m%C3%A1s%20de%20%24600%20millones%20para%20mejorar%20infraestructura%20de%20la%20c%C3%A1rcel%20de%20Coyhaique&#038;url=https:\/\/radiorevelacionfm.cl\/?p=24651' aria-hidden='false' data-av_icon='\ue8fc' data-av_iconfont='entypo-fontello' title='' data-avia-related-tooltip='Compartir en LinkedIn' rel=\"noopener\"><span class='avia_hidden_link_text'>Compartir en LinkedIn<\/span><\/a><\/li><li class='av-share-link av-social-link-mail' ><a  aria-label=\"Compartir por correo\" href='mailto:?subject=Aprueban%20m%C3%A1s%20de%20%24600%20millones%20para%20mejorar%20infraestructura%20de%20la%20c%C3%A1rcel%20de%20Coyhaique&#038;body=https:\/\/radiorevelacionfm.cl\/?p=24651' aria-hidden='false' data-av_icon='\ue805' data-av_iconfont='entypo-fontello' title='' data-avia-related-tooltip='Compartir por correo'><span class='avia_hidden_link_text'>Compartir por correo<\/span><\/a><\/li><\/ul><\/div><\/div>\n<div  style='height:50px' class='hr hr-invisible   avia-builder-el-8  el_after_av_social_share  el_before_av_comments_list '><span class='hr-inner ' ><span class='hr-inner-style'><\/span><\/span><\/div>\n<div  class='av-buildercomment  av-blog-meta-html-info-disabled av-blog-meta-tag-disabled  '><\/div>\n","protected":false},"excerpt":{"rendered":"","protected":false},"author":1,"featured_media":24652,"comment_status":"open","ping_status":"open","sticky":false,"template":"","format":"standard","meta":{"footnotes":""},"categories":[38],"tags":[],"class_list":["post-24651","post","type-post","status-publish","format-standard","has-post-thumbnail","hentry","category-regional"],"jetpack_featured_media_url":"https:\/\/radiorevelacionfm.cl\/wp-content\/uploads\/2022\/11\/WhatsApp-Image-2022-11-23-at-3.56.06-PM-1-1.jpeg","_links":{"self":[{"href":"https:\/\/radiorevelacionfm.cl\/index.php?rest_route=\/wp\/v2\/posts\/24651","targetHints":{"allow":["GET"]}}],"collection":[{"href":"https:\/\/radiorevelacionfm.cl\/index.php?rest_route=\/wp\/v2\/posts"}],"about":[{"href":"https:\/\/radiorevelacionfm.cl\/index.php?rest_route=\/wp\/v2\/types\/post"}],"author":[{"embeddable":true,"href":"https:\/\/radiorevelacionfm.cl\/index.php?rest_route=\/wp\/v2\/users\/1"}],"replies":[{"embeddable":true,"href":"https:\/\/radiorevelacionfm.cl\/index.php?rest_route=%2Fwp%2Fv2%2Fcomments&post=24651"}],"version-history":[{"count":3,"href":"https:\/\/radiorevelacionfm.cl\/index.php?rest_route=\/wp\/v2\/posts\/24651\/revisions"}],"predecessor-version":[{"id":24659,"href":"https:\/\/radiorevelacionfm.cl\/index.php?rest_route=\/wp\/v2\/posts\/24651\/revisions\/24659"}],"wp:featuredmedia":[{"embeddable":true,"href":"https:\/\/radiorevelacionfm.cl\/index.php?rest_route=\/wp\/v2\/media\/24652"}],"wp:attachment":[{"href":"https:\/\/radiorevelacionfm.cl\/index.php?rest_route=%2Fwp%2Fv2%2Fmedia&parent=24651"}],"wp:term":[{"taxonomy":"category","embeddable":true,"href":"https:\/\/radiorevelacionfm.cl\/index.php?rest_route=%2Fwp%2Fv2%2Fcategories&post=24651"},{"taxonomy":"post_tag","embeddable":true,"href":"https:\/\/radiorevelacionfm.cl\/index.php?rest_route=%2Fwp%2Fv2%2Ftags&post=24651"}],"curies":[{"name":"wp","href":"https:\/\/api.w.org\/{rel}","templated":true}]}}