{"id":2465,"date":"2021-02-08T16:57:59","date_gmt":"2021-02-08T19:57:59","guid":{"rendered":"https:\/\/radiorevelacionfm.cl\/?p=2465"},"modified":"2021-02-08T16:57:59","modified_gmt":"2021-02-08T19:57:59","slug":"farmacia-municipal-de-aysen-reitera-llamado-a-los-vecinos-a-inscribirse-para-obtener-beneficios","status":"publish","type":"post","link":"https:\/\/radiorevelacionfm.cl\/?p=2465","title":{"rendered":"Farmacia municipal de Ays\u00e9n reitera llamado a los vecinos a inscribirse para obtener beneficios"},"content":{"rendered":"<div class=\"flex_column av_one_full  flex_column_div av-zero-column-padding first  avia-builder-el-0  el_before_av_one_full  avia-builder-el-first  \" style='border-radius:0px; '><div  class='avia-image-container  av-styling-    avia-builder-el-1  avia-builder-el-no-sibling  avia-align-center '  itemprop=\"image\" itemscope=\"itemscope\" itemtype=\"https:\/\/schema.org\/ImageObject\"  ><div class='avia-image-container-inner'><div class='avia-image-overlay-wrap'><img decoding=\"async\" class='wp-image-0 avia-img-lazy-loading-not-0 avia_image' src=\"https:\/\/radiorevelacionfm.cl\/wp-content\/uploads\/2021\/02\/img-farmacia-contexto-1-1_optimized.jpg\" alt='' title=''   itemprop=\"thumbnailUrl\"  \/><\/div><\/div><\/div><\/div><div class=\"flex_column av_one_full  flex_column_div av-zero-column-padding first  avia-builder-el-2  el_after_av_one_full  el_before_av_one_full  column-top-margin\" style='border-radius:0px; '><section class=\"av_textblock_section \"  itemscope=\"itemscope\" itemtype=\"https:\/\/schema.org\/BlogPosting\" itemprop=\"blogPost\" ><div class='avia_textblock  '   itemprop=\"text\" ><p style=\"text-align: center;\"><strong><span style=\"font-size: 18pt;\">Farmacia municipal de Ays\u00e9n reitera llamado a los vecinos a inscribirse para obtener beneficios<\/span><\/strong><\/p>\n<div id=\"gtx-trans\" style=\"position: absolute; left: -50px; top: 4.31534px;\">\n<div class=\"gtx-trans-icon\"><\/div>\n<\/div>\n<\/div><\/section><\/div><div class=\"flex_column av_one_full  flex_column_div av-zero-column-padding first  avia-builder-el-4  el_after_av_one_full  el_before_av_hr  column-top-margin\" style='border-radius:0px; '><section class=\"av_textblock_section \"  itemscope=\"itemscope\" itemtype=\"https:\/\/schema.org\/BlogPosting\" itemprop=\"blogPost\" ><div class='avia_textblock  '   itemprop=\"text\" ><p style=\"text-align: justify;\"><em>Desde la Casa Edilicia se han dispuesto diversas modalidades para facilitar este importante tr\u00e1mite a los habitantes de la comuna.<\/em><\/p>\n<p style=\"text-align: justify;\">Los profesionales de la Ilustre Municipalidad de Ays\u00e9n que desempe\u00f1an labores en la Farmacia Municipal (FarmAys\u00e9n) hacen un nuevo llamado a los vecinos y vecinas de Ays\u00e9n a inscribirse en la iniciativa que busca entregar una alternativa rebajada en los precios de medicamentos para pacientes con patolog\u00edas cr\u00f3nicas y en tratamiento. Cabe destacar, que tras el cambio de fase en el Plan Paso a Paso, este proceso se puede realizar de forma presencial en el segundo piso de la Biblioteca Municipal (Bernardo O&#8217;Higgins 585).<\/p>\n<p style=\"text-align: justify;\">Respecto a los requisitos, Jos\u00e9 Obreque, Qu\u00edmico Farmac\u00e9utico encargado de esta iniciativa explico que estos son \u201ctener residencia en la comuna de Ays\u00e9n, que pueda ser acreditada por cualquier documento v\u00e1lido como una Boleta de Servicios B\u00e1sicos, Certificado de la Junta de Vecinos, Cartola del Registro Social de Hogares o cualquier otro documento donde salga la direcci\u00f3n de la persona dentro de la comuna. En el caso de ser menores de edad, deben acompa\u00f1ar con el certificado de nacimiento y en la situaci\u00f3n de ser una tutela, con el respectivo fallo del Tribunal de Familia\u201d.<\/p>\n<p style=\"text-align: justify;\">Ante lo cual, el profesional municipal reiter\u00f3 la invitaci\u00f3n a los habitantes de Ays\u00e9n desde Villa Ma\u00f1ihuales hasta Islas Huichas a contactarse ya sea, de forma presencial en las respectivas delegaciones municipales o en el caso de Puerto Ays\u00e9n y Puerto Chabuco de acudir al segundo piso de la Biblioteca Municipal y de manera remota, a trav\u00e9s del n\u00famero de WhatsApp +56946165713 o al correo electr\u00f3nico <a href=\"mailto:farmaysen@puertoaysen.cl\">farmaysen@puertoaysen.cl<\/a>. Es importante indicar, que esta Informaci\u00f3n est\u00e1 presente en la p\u00e1gina web del municipio www.puertoaysen.cl y en las redes sociales @muniaysen.<\/p>\n<p style=\"text-align: justify;\">Finalmente, el personero municipal relev\u00f3 que en la actualidad se encuentran en la etapa de consolidaci\u00f3n de medicamentos para revisar los potenciales proveedores en el caso de Laboratorios y Droguer\u00edas, esto a fin de iniciar prontamente su compra al obtener la respectiva Resoluci\u00f3n Sanitaria por parte de la Seremi de Salud. \u201cRecordar que los medicamentos ser\u00e1n vendidos a los usuarios inscritos al precio de costo. No hay margen de ganancia, ni margen de operaci\u00f3n por parte del municipio\u201d, puntualiz\u00f3 Obreque.<\/p>\n<\/div><\/section><\/div><div  style='height:50px' class='hr hr-invisible   avia-builder-el-6  el_after_av_one_full  el_before_av_social_share '><span class='hr-inner ' ><span class='hr-inner-style'><\/span><\/span><\/div><\/p>\n<div  class='av-social-sharing-box  avia-builder-el-7  el_after_av_hr  el_before_av_hr  '><div class='av-share-box'><h5 class='av-share-link-description av-no-toc '>Compartir esta noticia<\/h5><ul class='av-share-box-list noLightbox'><li class='av-share-link av-social-link-facebook' ><a target=\"_blank\" aria-label=\"Compartir en Facebook\" href='https:\/\/www.facebook.com\/sharer.php?u=https:\/\/radiorevelacionfm.cl\/?p=2465&#038;t=Farmacia%20municipal%20de%20Ays%C3%A9n%20reitera%20llamado%20a%20los%20vecinos%20a%20inscribirse%20para%20obtener%20beneficios' aria-hidden='false' data-av_icon='\ue8f3' data-av_iconfont='entypo-fontello' title='' data-avia-related-tooltip='Compartir en Facebook' rel=\"noopener\"><span class='avia_hidden_link_text'>Compartir en Facebook<\/span><\/a><\/li><li class='av-share-link av-social-link-twitter' ><a target=\"_blank\" aria-label=\"Compartir en Twitter\" href='https:\/\/twitter.com\/share?text=Farmacia%20municipal%20de%20Ays%C3%A9n%20reitera%20llamado%20a%20los%20vecinos%20a%20inscribirse%20para%20obtener%20beneficios&#038;url=https:\/\/radiorevelacionfm.cl\/?p=2465' aria-hidden='false' data-av_icon='\ue8f1' data-av_iconfont='entypo-fontello' title='' data-avia-related-tooltip='Compartir en Twitter' rel=\"noopener\"><span class='avia_hidden_link_text'>Compartir en Twitter<\/span><\/a><\/li><li class='av-share-link av-social-link-whatsapp' ><a target=\"_blank\" aria-label=\"Compartir en Whatsapp\" href='https:\/\/api.whatsapp.com\/send?text=https:\/\/radiorevelacionfm.cl\/?p=2465' aria-hidden='false' data-av_icon='\uf232' data-av_iconfont='entypo-fontello' title='' data-avia-related-tooltip='Compartir en Whatsapp' rel=\"noopener\"><span class='avia_hidden_link_text'>Compartir en Whatsapp<\/span><\/a><\/li><li class='av-share-link av-social-link-linkedin' ><a target=\"_blank\" aria-label=\"Compartir en LinkedIn\" href='https:\/\/linkedin.com\/shareArticle?mini=true&#038;title=Farmacia%20municipal%20de%20Ays%C3%A9n%20reitera%20llamado%20a%20los%20vecinos%20a%20inscribirse%20para%20obtener%20beneficios&#038;url=https:\/\/radiorevelacionfm.cl\/?p=2465' aria-hidden='false' data-av_icon='\ue8fc' data-av_iconfont='entypo-fontello' title='' data-avia-related-tooltip='Compartir en LinkedIn' rel=\"noopener\"><span class='avia_hidden_link_text'>Compartir en LinkedIn<\/span><\/a><\/li><li class='av-share-link av-social-link-mail' ><a  aria-label=\"Compartir por correo\" href='mailto:?subject=Farmacia%20municipal%20de%20Ays%C3%A9n%20reitera%20llamado%20a%20los%20vecinos%20a%20inscribirse%20para%20obtener%20beneficios&#038;body=https:\/\/radiorevelacionfm.cl\/?p=2465' aria-hidden='false' data-av_icon='\ue805' data-av_iconfont='entypo-fontello' title='' data-avia-related-tooltip='Compartir por correo'><span class='avia_hidden_link_text'>Compartir por correo<\/span><\/a><\/li><\/ul><\/div><\/div>\n<div  style='height:50px' class='hr hr-invisible   avia-builder-el-8  el_after_av_social_share  el_before_av_comments_list '><span class='hr-inner ' ><span class='hr-inner-style'><\/span><\/span><\/div>\n<div  class='av-buildercomment  av-blog-meta-html-info-disabled av-blog-meta-tag-disabled  '><\/div>\n","protected":false},"excerpt":{"rendered":"","protected":false},"author":1,"featured_media":0,"comment_status":"open","ping_status":"open","sticky":false,"template":"","format":"standard","meta":{"footnotes":""},"categories":[46],"tags":[],"class_list":["post-2465","post","type-post","status-publish","format-standard","hentry","category-salud"],"jetpack_featured_media_url":"","_links":{"self":[{"href":"https:\/\/radiorevelacionfm.cl\/index.php?rest_route=\/wp\/v2\/posts\/2465","targetHints":{"allow":["GET"]}}],"collection":[{"href":"https:\/\/radiorevelacionfm.cl\/index.php?rest_route=\/wp\/v2\/posts"}],"about":[{"href":"https:\/\/radiorevelacionfm.cl\/index.php?rest_route=\/wp\/v2\/types\/post"}],"author":[{"embeddable":true,"href":"https:\/\/radiorevelacionfm.cl\/index.php?rest_route=\/wp\/v2\/users\/1"}],"replies":[{"embeddable":true,"href":"https:\/\/radiorevelacionfm.cl\/index.php?rest_route=%2Fwp%2Fv2%2Fcomments&post=2465"}],"version-history":[{"count":1,"href":"https:\/\/radiorevelacionfm.cl\/index.php?rest_route=\/wp\/v2\/posts\/2465\/revisions"}],"predecessor-version":[{"id":2468,"href":"https:\/\/radiorevelacionfm.cl\/index.php?rest_route=\/wp\/v2\/posts\/2465\/revisions\/2468"}],"wp:attachment":[{"href":"https:\/\/radiorevelacionfm.cl\/index.php?rest_route=%2Fwp%2Fv2%2Fmedia&parent=2465"}],"wp:term":[{"taxonomy":"category","embeddable":true,"href":"https:\/\/radiorevelacionfm.cl\/index.php?rest_route=%2Fwp%2Fv2%2Fcategories&post=2465"},{"taxonomy":"post_tag","embeddable":true,"href":"https:\/\/radiorevelacionfm.cl\/index.php?rest_route=%2Fwp%2Fv2%2Ftags&post=2465"}],"curies":[{"name":"wp","href":"https:\/\/api.w.org\/{rel}","templated":true}]}}