{"id":24648,"date":"2022-11-24T20:49:34","date_gmt":"2022-11-24T23:49:34","guid":{"rendered":"https:\/\/radiorevelacionfm.cl\/?p=24648"},"modified":"2022-11-24T20:49:34","modified_gmt":"2022-11-24T23:49:34","slug":"sin-respuestas-ni-propuestas-claras-alcaldes-de-la-region-de-aysen-afirman-no-quedar-conformes-con-visita-del-ministro-de-educacion-a-la-zona","status":"publish","type":"post","link":"https:\/\/radiorevelacionfm.cl\/?p=24648","title":{"rendered":"Sin respuestas ni propuestas claras: Alcaldes de la Regi\u00f3n de Ays\u00e9n afirman no quedar conformes con visita del Ministro de Educaci\u00f3n a la zona"},"content":{"rendered":"<div class=\"flex_column av_one_full  flex_column_div av-zero-column-padding first  avia-builder-el-0  el_before_av_one_full  avia-builder-el-first  \" style='border-radius:0px; '><div  class='avia-image-container  av-styling-    avia-builder-el-1  avia-builder-el-no-sibling  avia-align-center '  itemprop=\"image\" itemscope=\"itemscope\" itemtype=\"https:\/\/schema.org\/ImageObject\"  ><div class='avia-image-container-inner'><div class='avia-image-overlay-wrap'><img decoding=\"async\" class='wp-image-24649 avia-img-lazy-loading-not-24649 avia_image' src=\"https:\/\/radiorevelacionfm.cl\/wp-content\/uploads\/2022\/11\/DSC_0631-1-1.jpg\" alt='' title='DSC_0631 (1) (1)' height=\"600\" width=\"900\"  itemprop=\"thumbnailUrl\" srcset=\"https:\/\/radiorevelacionfm.cl\/wp-content\/uploads\/2022\/11\/DSC_0631-1-1.jpg 900w, https:\/\/radiorevelacionfm.cl\/wp-content\/uploads\/2022\/11\/DSC_0631-1-1-300x200.jpg 300w, https:\/\/radiorevelacionfm.cl\/wp-content\/uploads\/2022\/11\/DSC_0631-1-1-768x512.jpg 768w, https:\/\/radiorevelacionfm.cl\/wp-content\/uploads\/2022\/11\/DSC_0631-1-1-705x470.jpg 705w, https:\/\/radiorevelacionfm.cl\/wp-content\/uploads\/2022\/11\/DSC_0631-1-1-600x400.jpg 600w\" sizes=\"(max-width: 900px) 100vw, 900px\" \/><\/div><\/div><\/div><\/div><div class=\"flex_column av_one_full  flex_column_div av-zero-column-padding first  avia-builder-el-2  el_after_av_one_full  el_before_av_one_full  column-top-margin\" style='border-radius:0px; '><section class=\"av_textblock_section \"  itemscope=\"itemscope\" itemtype=\"https:\/\/schema.org\/BlogPosting\" itemprop=\"blogPost\" ><div class='avia_textblock  '   itemprop=\"text\" ><p style=\"text-align: center;\"><strong><span style=\"font-size: 18pt;\">Sin respuestas ni propuestas claras: Alcaldes de la Regi\u00f3n de Ays\u00e9n afirman no quedar conformes con visita del Ministro de Educaci\u00f3n a la zona<\/span><\/strong><\/p>\n<div id=\"gtx-trans\" style=\"position: absolute; left: -50px; top: 4.31534px;\">\n<div class=\"gtx-trans-icon\"><\/div>\n<\/div>\n<\/div><\/section><\/div><div class=\"flex_column av_one_full  flex_column_div av-zero-column-padding first  avia-builder-el-4  el_after_av_one_full  el_before_av_hr  column-top-margin\" style='border-radius:0px; '><section class=\"av_textblock_section \"  itemscope=\"itemscope\" itemtype=\"https:\/\/schema.org\/BlogPosting\" itemprop=\"blogPost\" ><div class='avia_textblock  '   itemprop=\"text\" ><p style=\"text-align: justify;\">\u201cMe hubiese gustado que el ministro hubiese venido con una propuesta clara\u201d, \u201choy d\u00eda se nos mide con la misma vara como si estuvi\u00e9ramos en Santiago\u201d, \u201cno se ve un camino seguro y concreto donde podamos ofrecer calidad en la educaci\u00f3n a nuestros ni\u00f1os\u201d, estas son algunas de las declaraciones emitidas por alcaldes de la Regi\u00f3n de Ays\u00e9n luego de reunirse con el ministro de educaci\u00f3n, Marco Antonio Lavanal.<\/p>\n<p style=\"text-align: justify;\">Un encuentro esperado por los ediles comunales, el cual se llev\u00f3 a cabo este mi\u00e9rcoles 23 de noviembre en compa\u00f1\u00eda del delegado presidencial regional, Rodrigo Araya Morales, a pocas semanas de dar cierre al a\u00f1o escolar 2022. Un a\u00f1o complejo econ\u00f3micamente para los municipios de la Regi\u00f3n, donde las deudas para el financiamiento de la educaci\u00f3n p\u00fablica continuaron profundiz\u00e1ndose.<\/p>\n<p style=\"text-align: justify;\">Sin embargo, esta reuni\u00f3n h\u00edbrida de una hora en la Delegaci\u00f3n Presidencial Regional, gener\u00f3 diversas opiniones entre las autoridades, \u201cLos alcaldes no quedaron satisfechos con las respuestas, principalmente con el tema financiero, esto es porque no se han atendido correctamente las demandas que han hecho los sostenedores de educaci\u00f3n municipal (\u2026) recordemos \u00a0\u00a0\u00a0\u00a0\u00a0 que es un gobierno que lleva 8 meses de gesti\u00f3n y no se est\u00e1 enterando hoy de los problemas que existen. Se desaprovech\u00f3 una instancia que nosotros est\u00e1bamos esperando\u201d declar\u00f3 el presidente de la Asociaci\u00f3n Regional de Municipalidades de Ays\u00e9n, Marcelo Santana Vargas.<\/p>\n<p style=\"text-align: justify;\">Francisco Roncagliolo, alcalde de Puerto Cisnes, explica que como AREMU \u201cestamos solicitando que se incorpore el concepto de zona extrema, tanto en la distribuci\u00f3n administrativa de recursos de FAEP, de transici\u00f3n entre otros, o derechamente que se incorpore en la glosa presupuestaria nacional para poder identificar regiones como la nuestra, donde es mucho m\u00e1s complicado administrar y los costos son mucho m\u00e1s elevados que en otros sectores del Pa\u00eds\u201d.<\/p>\n<p style=\"text-align: justify;\">Una idea que es respaldada por el alcalde de Guaitecas, Marcos Silva, quien agradeci\u00f3 la presencia del ministro en la Regi\u00f3n \u201cno hay diferencia en ser o no ser zona extrema y eso pasa precisamente en cambiar la normativa \u00bfPor qu\u00e9 eso no se nota hoy d\u00eda en la inyecci\u00f3n de recursos si no somos igual que Santiago?\u201d. Por otro lado, el alcalde de Ays\u00e9n, Julio Uribe Alvarado, se suma a la petici\u00f3n de los sostenedores de la educaci\u00f3n municipal de la Regi\u00f3n, afirmando que requieren de inyecci\u00f3n de recursos \u201cle contamos al ministro sobre la deuda hist\u00f3rica de nuestro municipio, la que se ha ido incrementando a\u00f1o a a\u00f1o por la deficiencia del sistema\u201d comenta.<\/p>\n<p style=\"text-align: justify;\">Los problemas en el financiamiento de la educaci\u00f3n no son nuevos a nivel regional y tampoco a nivel nacional, situaci\u00f3n que se agrav\u00f3 producto de la baja inscripci\u00f3n de matr\u00edculas y mayores \u00edndices de inasistencia este a\u00f1o 2022, un panorama al que se suma las alzas en \u201cel precio de combustibles, de la calefacci\u00f3n y muchos insumos en esta Regi\u00f3n nos afectan de forma directa\u201d explica el alcalde de Coyhaique, Carlos Gatica. Adem\u00e1s, a\u00f1ade que \u201cel ministro se\u00f1ala y habla de una mesa de trabajo para solucionar estos problemas, pero la verdad no se ve un camino seguro y concreto donde podamos ofrecer calidad en la educaci\u00f3n a nuestros ni\u00f1os, donde podamos ofrecer certezas de que las condiciones econ\u00f3micas y de operaci\u00f3n de nuestros establecimientos se van a poder desarrollar de forma correcta\u201d.<\/p>\n<p style=\"text-align: justify;\">Finalmente, el alcalde de Tortel, Abel Becerra, quien estuvo presente en esta reuni\u00f3n de manera virtual, se\u00f1ala que \u201cme hubiese gustado que el ministro hubiese venido con una propuesta clara. Si un Ministro de Estado se moviliza con la facultad y el poder que tiene a una localidad extrema, debe por lo menos conocer la Regi\u00f3n a la que va y sus problemas\u201d.<\/p>\n<p style=\"text-align: justify;\">El descontento prim\u00f3 entre los integrantes de la AREMU, quienes mantienen una idea en com\u00fan: Entregar una subvenci\u00f3n diferenciada a las zonas declaradas extremas y aumentar los recursos al Fondo de Apoyo Educaci\u00f3n P\u00fablica (FAEP) para las mismas.<\/p>\n<\/div><\/section><\/div><div  style='height:50px' class='hr hr-invisible   avia-builder-el-6  el_after_av_one_full  el_before_av_social_share '><span class='hr-inner ' ><span class='hr-inner-style'><\/span><\/span><\/div><\/p>\n<div  class='av-social-sharing-box  avia-builder-el-7  el_after_av_hr  el_before_av_hr  '><div class='av-share-box'><h5 class='av-share-link-description av-no-toc '>Compartir esta noticia<\/h5><ul class='av-share-box-list noLightbox'><li class='av-share-link av-social-link-facebook' ><a target=\"_blank\" aria-label=\"Compartir en Facebook\" href='https:\/\/www.facebook.com\/sharer.php?u=https:\/\/radiorevelacionfm.cl\/?p=24648&#038;t=Sin%20respuestas%20ni%20propuestas%20claras%3A%20Alcaldes%20de%20la%20Regi%C3%B3n%20de%20Ays%C3%A9n%20afirman%20no%20quedar%20conformes%20con%20visita%20del%20Ministro%20de%20Educaci%C3%B3n%20a%20la%20zona' aria-hidden='false' data-av_icon='\ue8f3' data-av_iconfont='entypo-fontello' title='' data-avia-related-tooltip='Compartir en Facebook' rel=\"noopener\"><span class='avia_hidden_link_text'>Compartir en Facebook<\/span><\/a><\/li><li class='av-share-link av-social-link-twitter' ><a target=\"_blank\" aria-label=\"Compartir en Twitter\" href='https:\/\/twitter.com\/share?text=Sin%20respuestas%20ni%20propuestas%20claras%3A%20Alcaldes%20de%20la%20Regi%C3%B3n%20de%20Ays%C3%A9n%20afirman%20no%20quedar%20conformes%20con%20visita%20del%20Ministro%20de%20Educaci%C3%B3n%20a%20la%20zona&#038;url=https:\/\/radiorevelacionfm.cl\/?p=24648' aria-hidden='false' data-av_icon='\ue8f1' data-av_iconfont='entypo-fontello' title='' data-avia-related-tooltip='Compartir en Twitter' rel=\"noopener\"><span class='avia_hidden_link_text'>Compartir en Twitter<\/span><\/a><\/li><li class='av-share-link av-social-link-whatsapp' ><a target=\"_blank\" aria-label=\"Compartir en Whatsapp\" href='https:\/\/api.whatsapp.com\/send?text=https:\/\/radiorevelacionfm.cl\/?p=24648' aria-hidden='false' data-av_icon='\uf232' data-av_iconfont='entypo-fontello' title='' data-avia-related-tooltip='Compartir en Whatsapp' rel=\"noopener\"><span class='avia_hidden_link_text'>Compartir en Whatsapp<\/span><\/a><\/li><li class='av-share-link av-social-link-linkedin' ><a target=\"_blank\" aria-label=\"Compartir en LinkedIn\" href='https:\/\/linkedin.com\/shareArticle?mini=true&#038;title=Sin%20respuestas%20ni%20propuestas%20claras%3A%20Alcaldes%20de%20la%20Regi%C3%B3n%20de%20Ays%C3%A9n%20afirman%20no%20quedar%20conformes%20con%20visita%20del%20Ministro%20de%20Educaci%C3%B3n%20a%20la%20zona&#038;url=https:\/\/radiorevelacionfm.cl\/?p=24648' aria-hidden='false' data-av_icon='\ue8fc' data-av_iconfont='entypo-fontello' title='' data-avia-related-tooltip='Compartir en LinkedIn' rel=\"noopener\"><span class='avia_hidden_link_text'>Compartir en LinkedIn<\/span><\/a><\/li><li class='av-share-link av-social-link-mail' ><a  aria-label=\"Compartir por correo\" href='mailto:?subject=Sin%20respuestas%20ni%20propuestas%20claras%3A%20Alcaldes%20de%20la%20Regi%C3%B3n%20de%20Ays%C3%A9n%20afirman%20no%20quedar%20conformes%20con%20visita%20del%20Ministro%20de%20Educaci%C3%B3n%20a%20la%20zona&#038;body=https:\/\/radiorevelacionfm.cl\/?p=24648' aria-hidden='false' data-av_icon='\ue805' data-av_iconfont='entypo-fontello' title='' data-avia-related-tooltip='Compartir por correo'><span class='avia_hidden_link_text'>Compartir por correo<\/span><\/a><\/li><\/ul><\/div><\/div>\n<div  style='height:50px' class='hr hr-invisible   avia-builder-el-8  el_after_av_social_share  el_before_av_comments_list '><span class='hr-inner ' ><span class='hr-inner-style'><\/span><\/span><\/div>\n<div  class='av-buildercomment  av-blog-meta-html-info-disabled av-blog-meta-tag-disabled  '><\/div>\n","protected":false},"excerpt":{"rendered":"","protected":false},"author":1,"featured_media":24649,"comment_status":"open","ping_status":"open","sticky":false,"template":"","format":"standard","meta":{"footnotes":""},"categories":[49,35],"tags":[],"class_list":["post-24648","post","type-post","status-publish","format-standard","has-post-thumbnail","hentry","category-educacion","category-politica"],"jetpack_featured_media_url":"https:\/\/radiorevelacionfm.cl\/wp-content\/uploads\/2022\/11\/DSC_0631-1-1.jpg","_links":{"self":[{"href":"https:\/\/radiorevelacionfm.cl\/index.php?rest_route=\/wp\/v2\/posts\/24648","targetHints":{"allow":["GET"]}}],"collection":[{"href":"https:\/\/radiorevelacionfm.cl\/index.php?rest_route=\/wp\/v2\/posts"}],"about":[{"href":"https:\/\/radiorevelacionfm.cl\/index.php?rest_route=\/wp\/v2\/types\/post"}],"author":[{"embeddable":true,"href":"https:\/\/radiorevelacionfm.cl\/index.php?rest_route=\/wp\/v2\/users\/1"}],"replies":[{"embeddable":true,"href":"https:\/\/radiorevelacionfm.cl\/index.php?rest_route=%2Fwp%2Fv2%2Fcomments&post=24648"}],"version-history":[{"count":2,"href":"https:\/\/radiorevelacionfm.cl\/index.php?rest_route=\/wp\/v2\/posts\/24648\/revisions"}],"predecessor-version":[{"id":24655,"href":"https:\/\/radiorevelacionfm.cl\/index.php?rest_route=\/wp\/v2\/posts\/24648\/revisions\/24655"}],"wp:featuredmedia":[{"embeddable":true,"href":"https:\/\/radiorevelacionfm.cl\/index.php?rest_route=\/wp\/v2\/media\/24649"}],"wp:attachment":[{"href":"https:\/\/radiorevelacionfm.cl\/index.php?rest_route=%2Fwp%2Fv2%2Fmedia&parent=24648"}],"wp:term":[{"taxonomy":"category","embeddable":true,"href":"https:\/\/radiorevelacionfm.cl\/index.php?rest_route=%2Fwp%2Fv2%2Fcategories&post=24648"},{"taxonomy":"post_tag","embeddable":true,"href":"https:\/\/radiorevelacionfm.cl\/index.php?rest_route=%2Fwp%2Fv2%2Ftags&post=24648"}],"curies":[{"name":"wp","href":"https:\/\/api.w.org\/{rel}","templated":true}]}}