{"id":24645,"date":"2022-11-25T09:07:40","date_gmt":"2022-11-25T12:07:40","guid":{"rendered":"https:\/\/radiorevelacionfm.cl\/?p=24645"},"modified":"2022-11-25T09:07:40","modified_gmt":"2022-11-25T12:07:40","slug":"inicia-feria-boulevard-sernameg-2022-en-coyhaique","status":"publish","type":"post","link":"https:\/\/radiorevelacionfm.cl\/?p=24645","title":{"rendered":"Inicia Feria Boulevard SernamEG 2022 en Coyhaique"},"content":{"rendered":"<div class=\"flex_column av_one_full  flex_column_div av-zero-column-padding first  avia-builder-el-0  el_before_av_one_full  avia-builder-el-first  \" style='border-radius:0px; '><div  class='avia-image-container  av-styling-    avia-builder-el-1  avia-builder-el-no-sibling  avia-align-center '  itemprop=\"image\" itemscope=\"itemscope\" itemtype=\"https:\/\/schema.org\/ImageObject\"  ><div class='avia-image-container-inner'><div class='avia-image-overlay-wrap'><img decoding=\"async\" class='wp-image-24646 avia-img-lazy-loading-not-24646 avia_image' src=\"https:\/\/radiorevelacionfm.cl\/wp-content\/uploads\/2022\/11\/feria-boulevard-sernameg-5-1_optimized.jpg\" alt='' title='feria-boulevard-sernameg--(5)-(1)_optimized' height=\"600\" width=\"901\"  itemprop=\"thumbnailUrl\" srcset=\"https:\/\/radiorevelacionfm.cl\/wp-content\/uploads\/2022\/11\/feria-boulevard-sernameg-5-1_optimized.jpg 901w, https:\/\/radiorevelacionfm.cl\/wp-content\/uploads\/2022\/11\/feria-boulevard-sernameg-5-1_optimized-300x200.jpg 300w, https:\/\/radiorevelacionfm.cl\/wp-content\/uploads\/2022\/11\/feria-boulevard-sernameg-5-1_optimized-768x511.jpg 768w, https:\/\/radiorevelacionfm.cl\/wp-content\/uploads\/2022\/11\/feria-boulevard-sernameg-5-1_optimized-705x469.jpg 705w, https:\/\/radiorevelacionfm.cl\/wp-content\/uploads\/2022\/11\/feria-boulevard-sernameg-5-1_optimized-600x400.jpg 600w\" sizes=\"(max-width: 901px) 100vw, 901px\" \/><\/div><\/div><\/div><\/div><div class=\"flex_column av_one_full  flex_column_div av-zero-column-padding first  avia-builder-el-2  el_after_av_one_full  el_before_av_one_full  column-top-margin\" style='border-radius:0px; '><section class=\"av_textblock_section \"  itemscope=\"itemscope\" itemtype=\"https:\/\/schema.org\/BlogPosting\" itemprop=\"blogPost\" ><div class='avia_textblock  '   itemprop=\"text\" ><p style=\"text-align: center;\"><strong><span style=\"font-size: 18pt;\">Inicia Feria Boulevard SernamEG 2022 en Coyhaique<\/span><\/strong><\/p>\n<div id=\"gtx-trans\" style=\"position: absolute; left: -50px; top: 4.31534px;\">\n<div class=\"gtx-trans-icon\"><\/div>\n<\/div>\n<\/div><\/section><\/div><div class=\"flex_column av_one_full  flex_column_div av-zero-column-padding first  avia-builder-el-4  el_after_av_one_full  el_before_av_hr  column-top-margin\" style='border-radius:0px; '><section class=\"av_textblock_section \"  itemscope=\"itemscope\" itemtype=\"https:\/\/schema.org\/BlogPosting\" itemprop=\"blogPost\" ><div class='avia_textblock  '   itemprop=\"text\" ><p style=\"font-weight: 400; text-align: justify;\">Con la participaci\u00f3n de 34 emprendedoras y con la presencia de autoridades regionales, comenz\u00f3 la Feria Boulevard SernamEG 2022 del Servicio Nacional de la Mujer y la Equidad de G\u00e9nero, SernamEG. Iniciativa que se lleva a cabo en el eje central de la plaza pentagonal, en la capital regional, y que finaliza este viernes 25 de noviembre.<\/p>\n<p style=\"font-weight: 400; text-align: justify;\">La Seremi de la Mujer y la Equidad de G\u00e9nero, Andrea M\u00e9ndez Valenzuela, sostuvo que \u201ccada uno de estos emprendimientos dan cuenta de las historias de vida, entendamos que post pandemia el trabajo femenino se vio fuertemente afectado; por lo tanto, este tipo de acciones tambi\u00e9n contribuyen a la reactivaci\u00f3n econ\u00f3mica, poniendo el foco particularmente en las mujeres\u201d.<\/p>\n<p style=\"font-weight: 400; text-align: justify;\">Por su parte, la Directora Regional (S) de SernamEG, Carla Arriagada Malague\u00f1o, precis\u00f3 que \u201cla Feria se levanta por la necesidad de las mujeres, que son parte del programa Mujer Emprende de SernamEG, de poder comercializar y tener una vitrina donde la comunidad pueda conocer los productos que venden. Nuestro objetivo es apoyar el emprendimiento femenino y de esta forma, puedan mantener o mejorar su autonom\u00eda econ\u00f3mica\u201d.<\/p>\n<p style=\"font-weight: 400; text-align: justify;\">La emprendedora del sector El Triana, Enaldy Alvial Vivallo, destac\u00f3 que la Feria \u201ces un espacio importante, porque nos permite vender nuestros productos; sobre todo, para quienes venimos de sectores rurales. Tambi\u00e9n, conocer el trabajo que est\u00e1n realizando las otras mujeres en la comuna de Coyhaique, lo que nos permite generar redes donde nos podemos comunicar y vernos personalmente\u201d.<\/p>\n<p style=\"font-weight: 400; text-align: justify;\">Consultado respecto a su impresi\u00f3n de la Feria, el turista espa\u00f1ol, Alfonso Garc\u00eda Borja, dijo: \u201ccreo que es interesante, ya que son productos totalmente elaborados por las mujeres que est\u00e1n aqu\u00ed; y adem\u00e1s que son productos preciosos. Me parece una iniciativa magn\u00edfica, porque es poner en valor lo que est\u00e1 oculto habitualmente que es el trabajo de ellas\u201d.<\/p>\n<p style=\"font-weight: 400; text-align: justify;\">En la ceremonia de inauguraci\u00f3n, tambi\u00e9n estuvieron presentes la Directora Ejecutiva Regional de Fundaci\u00f3n PRODEMU, Ingrid Osorio Santana; la representante de la Gobernadora Regional de Ays\u00e9n, Jessica Lagos C\u00e1rdenas; y la representante del Alcalde de Coyhaique, Yohana Hern\u00e1ndez Ortega. La Feria Boulevard SernamEG 2022 contin\u00faa este viernes 25 de noviembre, de 10:00 a 19:00 horas, con muestras de artesan\u00edas en lanas, fieltro, productos de decoraci\u00f3n para el hogar, plantas interiores y exteriores, orfebrer\u00eda y joyer\u00eda en plata.<\/p>\n<\/div><\/section><\/div><div  style='height:50px' class='hr hr-invisible   avia-builder-el-6  el_after_av_one_full  el_before_av_social_share '><span class='hr-inner ' ><span class='hr-inner-style'><\/span><\/span><\/div><\/p>\n<div  class='av-social-sharing-box  avia-builder-el-7  el_after_av_hr  el_before_av_hr  '><div class='av-share-box'><h5 class='av-share-link-description av-no-toc '>Compartir esta noticia<\/h5><ul class='av-share-box-list noLightbox'><li class='av-share-link av-social-link-facebook' ><a target=\"_blank\" aria-label=\"Compartir en Facebook\" href='https:\/\/www.facebook.com\/sharer.php?u=https:\/\/radiorevelacionfm.cl\/?p=24645&#038;t=Inicia%20Feria%20Boulevard%20SernamEG%202022%20en%20Coyhaique' aria-hidden='false' data-av_icon='\ue8f3' data-av_iconfont='entypo-fontello' title='' data-avia-related-tooltip='Compartir en Facebook' rel=\"noopener\"><span class='avia_hidden_link_text'>Compartir en Facebook<\/span><\/a><\/li><li class='av-share-link av-social-link-twitter' ><a target=\"_blank\" aria-label=\"Compartir en Twitter\" href='https:\/\/twitter.com\/share?text=Inicia%20Feria%20Boulevard%20SernamEG%202022%20en%20Coyhaique&#038;url=https:\/\/radiorevelacionfm.cl\/?p=24645' aria-hidden='false' data-av_icon='\ue8f1' data-av_iconfont='entypo-fontello' title='' data-avia-related-tooltip='Compartir en Twitter' rel=\"noopener\"><span class='avia_hidden_link_text'>Compartir en Twitter<\/span><\/a><\/li><li class='av-share-link av-social-link-whatsapp' ><a target=\"_blank\" aria-label=\"Compartir en Whatsapp\" href='https:\/\/api.whatsapp.com\/send?text=https:\/\/radiorevelacionfm.cl\/?p=24645' aria-hidden='false' data-av_icon='\uf232' data-av_iconfont='entypo-fontello' title='' data-avia-related-tooltip='Compartir en Whatsapp' rel=\"noopener\"><span class='avia_hidden_link_text'>Compartir en Whatsapp<\/span><\/a><\/li><li class='av-share-link av-social-link-linkedin' ><a target=\"_blank\" aria-label=\"Compartir en LinkedIn\" href='https:\/\/linkedin.com\/shareArticle?mini=true&#038;title=Inicia%20Feria%20Boulevard%20SernamEG%202022%20en%20Coyhaique&#038;url=https:\/\/radiorevelacionfm.cl\/?p=24645' aria-hidden='false' data-av_icon='\ue8fc' data-av_iconfont='entypo-fontello' title='' data-avia-related-tooltip='Compartir en LinkedIn' rel=\"noopener\"><span class='avia_hidden_link_text'>Compartir en LinkedIn<\/span><\/a><\/li><li class='av-share-link av-social-link-mail' ><a  aria-label=\"Compartir por correo\" href='mailto:?subject=Inicia%20Feria%20Boulevard%20SernamEG%202022%20en%20Coyhaique&#038;body=https:\/\/radiorevelacionfm.cl\/?p=24645' aria-hidden='false' data-av_icon='\ue805' data-av_iconfont='entypo-fontello' title='' data-avia-related-tooltip='Compartir por correo'><span class='avia_hidden_link_text'>Compartir por correo<\/span><\/a><\/li><\/ul><\/div><\/div>\n<div  style='height:50px' class='hr hr-invisible   avia-builder-el-8  el_after_av_social_share  el_before_av_comments_list '><span class='hr-inner ' ><span class='hr-inner-style'><\/span><\/span><\/div>\n<div  class='av-buildercomment  av-blog-meta-html-info-disabled av-blog-meta-tag-disabled  '><\/div>\n","protected":false},"excerpt":{"rendered":"","protected":false},"author":1,"featured_media":24646,"comment_status":"open","ping_status":"open","sticky":false,"template":"","format":"standard","meta":{"footnotes":""},"categories":[38],"tags":[],"class_list":["post-24645","post","type-post","status-publish","format-standard","has-post-thumbnail","hentry","category-regional"],"jetpack_featured_media_url":"https:\/\/radiorevelacionfm.cl\/wp-content\/uploads\/2022\/11\/feria-boulevard-sernameg-5-1_optimized.jpg","_links":{"self":[{"href":"https:\/\/radiorevelacionfm.cl\/index.php?rest_route=\/wp\/v2\/posts\/24645","targetHints":{"allow":["GET"]}}],"collection":[{"href":"https:\/\/radiorevelacionfm.cl\/index.php?rest_route=\/wp\/v2\/posts"}],"about":[{"href":"https:\/\/radiorevelacionfm.cl\/index.php?rest_route=\/wp\/v2\/types\/post"}],"author":[{"embeddable":true,"href":"https:\/\/radiorevelacionfm.cl\/index.php?rest_route=\/wp\/v2\/users\/1"}],"replies":[{"embeddable":true,"href":"https:\/\/radiorevelacionfm.cl\/index.php?rest_route=%2Fwp%2Fv2%2Fcomments&post=24645"}],"version-history":[{"count":2,"href":"https:\/\/radiorevelacionfm.cl\/index.php?rest_route=\/wp\/v2\/posts\/24645\/revisions"}],"predecessor-version":[{"id":24663,"href":"https:\/\/radiorevelacionfm.cl\/index.php?rest_route=\/wp\/v2\/posts\/24645\/revisions\/24663"}],"wp:featuredmedia":[{"embeddable":true,"href":"https:\/\/radiorevelacionfm.cl\/index.php?rest_route=\/wp\/v2\/media\/24646"}],"wp:attachment":[{"href":"https:\/\/radiorevelacionfm.cl\/index.php?rest_route=%2Fwp%2Fv2%2Fmedia&parent=24645"}],"wp:term":[{"taxonomy":"category","embeddable":true,"href":"https:\/\/radiorevelacionfm.cl\/index.php?rest_route=%2Fwp%2Fv2%2Fcategories&post=24645"},{"taxonomy":"post_tag","embeddable":true,"href":"https:\/\/radiorevelacionfm.cl\/index.php?rest_route=%2Fwp%2Fv2%2Ftags&post=24645"}],"curies":[{"name":"wp","href":"https:\/\/api.w.org\/{rel}","templated":true}]}}