{"id":24633,"date":"2022-11-25T09:21:21","date_gmt":"2022-11-25T12:21:21","guid":{"rendered":"https:\/\/radiorevelacionfm.cl\/?p=24633"},"modified":"2022-11-25T09:21:21","modified_gmt":"2022-11-25T12:21:21","slug":"vuelve-a-aysen-gobernadora-regional-logra-arribo-de-helicoptero-de-carabineros","status":"publish","type":"post","link":"https:\/\/radiorevelacionfm.cl\/?p=24633","title":{"rendered":"Vuelve a Ays\u00e9n: Gobernadora Regional logra arribo de helic\u00f3ptero de Carabineros"},"content":{"rendered":"<div class=\"flex_column av_one_full  flex_column_div av-zero-column-padding first  avia-builder-el-0  el_before_av_one_full  avia-builder-el-first  \" style='border-radius:0px; '><div  class='avia-image-container  av-styling-    avia-builder-el-1  avia-builder-el-no-sibling  avia-align-center '  itemprop=\"image\" itemscope=\"itemscope\" itemtype=\"https:\/\/schema.org\/ImageObject\"  ><div class='avia-image-container-inner'><div class='avia-image-overlay-wrap'><img decoding=\"async\" class='wp-image-24634 avia-img-lazy-loading-not-24634 avia_image' src=\"https:\/\/radiorevelacionfm.cl\/wp-content\/uploads\/2022\/11\/helicoptero-1-1.jpg\" alt='' title='helicoptero (1) (1)' height=\"600\" width=\"800\"  itemprop=\"thumbnailUrl\" srcset=\"https:\/\/radiorevelacionfm.cl\/wp-content\/uploads\/2022\/11\/helicoptero-1-1.jpg 800w, https:\/\/radiorevelacionfm.cl\/wp-content\/uploads\/2022\/11\/helicoptero-1-1-300x225.jpg 300w, https:\/\/radiorevelacionfm.cl\/wp-content\/uploads\/2022\/11\/helicoptero-1-1-768x576.jpg 768w, https:\/\/radiorevelacionfm.cl\/wp-content\/uploads\/2022\/11\/helicoptero-1-1-705x529.jpg 705w, https:\/\/radiorevelacionfm.cl\/wp-content\/uploads\/2022\/11\/helicoptero-1-1-600x450.jpg 600w\" sizes=\"(max-width: 800px) 100vw, 800px\" \/><\/div><\/div><\/div><\/div><div class=\"flex_column av_one_full  flex_column_div av-zero-column-padding first  avia-builder-el-2  el_after_av_one_full  el_before_av_one_full  column-top-margin\" style='border-radius:0px; '><section class=\"av_textblock_section \"  itemscope=\"itemscope\" itemtype=\"https:\/\/schema.org\/BlogPosting\" itemprop=\"blogPost\" ><div class='avia_textblock  '   itemprop=\"text\" ><p style=\"text-align: center;\"><strong><span style=\"font-size: 18pt;\">Vuelve a Ays\u00e9n: Gobernadora Regional logra arribo de helic\u00f3ptero de Carabineros<\/span><\/strong><\/p>\n<div id=\"gtx-trans\" style=\"position: absolute; left: -50px; top: 4.31534px;\">\n<div class=\"gtx-trans-icon\"><\/div>\n<\/div>\n<\/div><\/section><\/div><div class=\"flex_column av_one_full  flex_column_div av-zero-column-padding first  avia-builder-el-4  el_after_av_one_full  el_before_av_hr  column-top-margin\" style='border-radius:0px; '><section class=\"av_textblock_section \"  itemscope=\"itemscope\" itemtype=\"https:\/\/schema.org\/BlogPosting\" itemprop=\"blogPost\" ><div class='avia_textblock  '   itemprop=\"text\" ><p dir=\"ltr\" style=\"text-align: justify;\">Luego de una conversaci\u00f3n con la Ministra del Interior, Carolina Toh\u00e1, la Gobernadora Andrea Mac\u00edas Palma gestion\u00f3 el retorno a la Regi\u00f3n de Ays\u00e9n del helic\u00f3ptero de Carabineros que hab\u00eda sido reasignado, tras una reparaci\u00f3n y mantenci\u00f3n, a Magallanes, luego de que la aeronave de dicho territorio tambi\u00e9n tuviera que dejar de operar por desperfectos mec\u00e1nicos.<\/p>\n<p dir=\"ltr\" style=\"text-align: justify;\">La m\u00e1xima autoridad del Gobierno Regional recalc\u00f3 que Ays\u00e9n est\u00e1 expuesto a muchas complejidades, sobre todo por la geograf\u00eda del lugar y la dispersi\u00f3n de su poblaci\u00f3n, por lo que en materia de seguridad es fundamental poder contar con un helic\u00f3ptero de manera permanente.<\/p>\n<p dir=\"ltr\" style=\"text-align: justify;\">\u201cFrente a esta situaci\u00f3n nosotros como Gobierno Regional realizamos la solicitud tanto a Carabineros, como posteriormente a la propia Ministra del Interior, Carolina Toh\u00e1, en presencia y compa\u00f1\u00eda de Consejeros Regionales de la Comisi\u00f3n de Seguridad y alcaldes de la regi\u00f3n, donde pusimos este tema y tuvimos eco, lo que signific\u00f3 que hoy podamos contar con el helic\u00f3ptero nuevamente\u201d, explic\u00f3 la Gobernadora Andrea Mac\u00edas Palma. A la instancia acudi\u00f3 el presidente de la Comisi\u00f3n de Seguridad P\u00fablica y Emergencias del Consejo Regional, Ra\u00fal Rudolphi, la Consejera Marisol Mart\u00ednez, el alcalde de Coyhaique, Carlos Gatica, y el representante de Ays\u00e9n, Julio Uribe.<\/p>\n<p dir=\"ltr\" style=\"text-align: justify;\">El desperfecto que tuvo la aeronave policial ocurri\u00f3 hace ya m\u00e1s de un a\u00f1o, debido a ello la regi\u00f3n estuvo todo ese tiempo sin un helic\u00f3ptero de apoyo que permitiera contar con un mayor control y seguridad en la zona. En ese sentido, el retorno era una necesidad urgente, asegur\u00f3 la Gobernadora Regional, quien tambi\u00e9n subray\u00f3 que si bien es un avance significativo, el tema a\u00fan no est\u00e1 zanjado por completo.<\/p>\n<p dir=\"ltr\" style=\"text-align: justify;\">\u201cNo es una soluci\u00f3n definitiva, el helic\u00f3ptero tambi\u00e9n va a estar viajando hacia otras regiones, a la Regi\u00f3n de Magallanes espec\u00edficamente. Se van a parcializar los tiempos, pero tenemos la certeza de que, por lo menos en los meses que para nosotros revisten mayor riesgo, corresponde que el helic\u00f3ptero pueda estar en la Regi\u00f3n de Ays\u00e9n\u201d, concluy\u00f3.<\/p>\n<\/div><\/section><\/div><div  style='height:50px' class='hr hr-invisible   avia-builder-el-6  el_after_av_one_full  el_before_av_social_share '><span class='hr-inner ' ><span class='hr-inner-style'><\/span><\/span><\/div><\/p>\n<div  class='av-social-sharing-box  avia-builder-el-7  el_after_av_hr  el_before_av_hr  '><div class='av-share-box'><h5 class='av-share-link-description av-no-toc '>Compartir esta noticia<\/h5><ul class='av-share-box-list noLightbox'><li class='av-share-link av-social-link-facebook' ><a target=\"_blank\" aria-label=\"Compartir en Facebook\" href='https:\/\/www.facebook.com\/sharer.php?u=https:\/\/radiorevelacionfm.cl\/?p=24633&#038;t=Vuelve%20a%20Ays%C3%A9n%3A%20Gobernadora%20Regional%20logra%20arribo%20de%20helic%C3%B3ptero%20de%20Carabineros' aria-hidden='false' data-av_icon='\ue8f3' data-av_iconfont='entypo-fontello' title='' data-avia-related-tooltip='Compartir en Facebook' rel=\"noopener\"><span class='avia_hidden_link_text'>Compartir en Facebook<\/span><\/a><\/li><li class='av-share-link av-social-link-twitter' ><a target=\"_blank\" aria-label=\"Compartir en Twitter\" href='https:\/\/twitter.com\/share?text=Vuelve%20a%20Ays%C3%A9n%3A%20Gobernadora%20Regional%20logra%20arribo%20de%20helic%C3%B3ptero%20de%20Carabineros&#038;url=https:\/\/radiorevelacionfm.cl\/?p=24633' aria-hidden='false' data-av_icon='\ue8f1' data-av_iconfont='entypo-fontello' title='' data-avia-related-tooltip='Compartir en Twitter' rel=\"noopener\"><span class='avia_hidden_link_text'>Compartir en Twitter<\/span><\/a><\/li><li class='av-share-link av-social-link-whatsapp' ><a target=\"_blank\" aria-label=\"Compartir en Whatsapp\" href='https:\/\/api.whatsapp.com\/send?text=https:\/\/radiorevelacionfm.cl\/?p=24633' aria-hidden='false' data-av_icon='\uf232' data-av_iconfont='entypo-fontello' title='' data-avia-related-tooltip='Compartir en Whatsapp' rel=\"noopener\"><span class='avia_hidden_link_text'>Compartir en Whatsapp<\/span><\/a><\/li><li class='av-share-link av-social-link-linkedin' ><a target=\"_blank\" aria-label=\"Compartir en LinkedIn\" href='https:\/\/linkedin.com\/shareArticle?mini=true&#038;title=Vuelve%20a%20Ays%C3%A9n%3A%20Gobernadora%20Regional%20logra%20arribo%20de%20helic%C3%B3ptero%20de%20Carabineros&#038;url=https:\/\/radiorevelacionfm.cl\/?p=24633' aria-hidden='false' data-av_icon='\ue8fc' data-av_iconfont='entypo-fontello' title='' data-avia-related-tooltip='Compartir en LinkedIn' rel=\"noopener\"><span class='avia_hidden_link_text'>Compartir en LinkedIn<\/span><\/a><\/li><li class='av-share-link av-social-link-mail' ><a  aria-label=\"Compartir por correo\" href='mailto:?subject=Vuelve%20a%20Ays%C3%A9n%3A%20Gobernadora%20Regional%20logra%20arribo%20de%20helic%C3%B3ptero%20de%20Carabineros&#038;body=https:\/\/radiorevelacionfm.cl\/?p=24633' aria-hidden='false' data-av_icon='\ue805' data-av_iconfont='entypo-fontello' title='' data-avia-related-tooltip='Compartir por correo'><span class='avia_hidden_link_text'>Compartir por correo<\/span><\/a><\/li><\/ul><\/div><\/div>\n<div  style='height:50px' class='hr hr-invisible   avia-builder-el-8  el_after_av_social_share  el_before_av_comments_list '><span class='hr-inner ' ><span class='hr-inner-style'><\/span><\/span><\/div>\n<div  class='av-buildercomment  av-blog-meta-html-info-disabled av-blog-meta-tag-disabled  '><\/div>\n","protected":false},"excerpt":{"rendered":"","protected":false},"author":1,"featured_media":24634,"comment_status":"open","ping_status":"open","sticky":false,"template":"","format":"standard","meta":{"footnotes":""},"categories":[38,1],"tags":[],"class_list":["post-24633","post","type-post","status-publish","format-standard","has-post-thumbnail","hentry","category-regional","category-sin-categoria"],"jetpack_featured_media_url":"https:\/\/radiorevelacionfm.cl\/wp-content\/uploads\/2022\/11\/helicoptero-1-1.jpg","_links":{"self":[{"href":"https:\/\/radiorevelacionfm.cl\/index.php?rest_route=\/wp\/v2\/posts\/24633","targetHints":{"allow":["GET"]}}],"collection":[{"href":"https:\/\/radiorevelacionfm.cl\/index.php?rest_route=\/wp\/v2\/posts"}],"about":[{"href":"https:\/\/radiorevelacionfm.cl\/index.php?rest_route=\/wp\/v2\/types\/post"}],"author":[{"embeddable":true,"href":"https:\/\/radiorevelacionfm.cl\/index.php?rest_route=\/wp\/v2\/users\/1"}],"replies":[{"embeddable":true,"href":"https:\/\/radiorevelacionfm.cl\/index.php?rest_route=%2Fwp%2Fv2%2Fcomments&post=24633"}],"version-history":[{"count":2,"href":"https:\/\/radiorevelacionfm.cl\/index.php?rest_route=\/wp\/v2\/posts\/24633\/revisions"}],"predecessor-version":[{"id":24665,"href":"https:\/\/radiorevelacionfm.cl\/index.php?rest_route=\/wp\/v2\/posts\/24633\/revisions\/24665"}],"wp:featuredmedia":[{"embeddable":true,"href":"https:\/\/radiorevelacionfm.cl\/index.php?rest_route=\/wp\/v2\/media\/24634"}],"wp:attachment":[{"href":"https:\/\/radiorevelacionfm.cl\/index.php?rest_route=%2Fwp%2Fv2%2Fmedia&parent=24633"}],"wp:term":[{"taxonomy":"category","embeddable":true,"href":"https:\/\/radiorevelacionfm.cl\/index.php?rest_route=%2Fwp%2Fv2%2Fcategories&post=24633"},{"taxonomy":"post_tag","embeddable":true,"href":"https:\/\/radiorevelacionfm.cl\/index.php?rest_route=%2Fwp%2Fv2%2Ftags&post=24633"}],"curies":[{"name":"wp","href":"https:\/\/api.w.org\/{rel}","templated":true}]}}