{"id":24629,"date":"2022-11-24T17:50:55","date_gmt":"2022-11-24T20:50:55","guid":{"rendered":"https:\/\/radiorevelacionfm.cl\/?p=24629"},"modified":"2022-11-24T17:50:55","modified_gmt":"2022-11-24T20:50:55","slug":"gobernadora-busca-apoyo-del-mineduc-por-u-de-aysen-el-estado-debe-hacerse-cargo-porque-la-region-necesita-su-universidad","status":"publish","type":"post","link":"https:\/\/radiorevelacionfm.cl\/?p=24629","title":{"rendered":"Gobernadora busca apoyo del Mineduc por U. de Ays\u00e9n: \u201cEl Estado debe hacerse cargo porque la regi\u00f3n necesita su universidad\u201d"},"content":{"rendered":"<div class=\"flex_column av_one_full  flex_column_div av-zero-column-padding first  avia-builder-el-0  el_before_av_one_full  avia-builder-el-first  \" style='border-radius:0px; '><div  class='avia-image-container  av-styling-    avia-builder-el-1  avia-builder-el-no-sibling  avia-align-center '  itemprop=\"image\" itemscope=\"itemscope\" itemtype=\"https:\/\/schema.org\/ImageObject\"  ><div class='avia-image-container-inner'><div class='avia-image-overlay-wrap'><img decoding=\"async\" class='wp-image-24630 avia-img-lazy-loading-not-24630 avia_image' src=\"https:\/\/radiorevelacionfm.cl\/wp-content\/uploads\/2022\/11\/gobernadora-y-ministro-educ-1-1.jpg\" alt='' title='gobernadora y ministro educ (1) (1)' height=\"600\" width=\"1070\"  itemprop=\"thumbnailUrl\" srcset=\"https:\/\/radiorevelacionfm.cl\/wp-content\/uploads\/2022\/11\/gobernadora-y-ministro-educ-1-1.jpg 1070w, https:\/\/radiorevelacionfm.cl\/wp-content\/uploads\/2022\/11\/gobernadora-y-ministro-educ-1-1-300x168.jpg 300w, https:\/\/radiorevelacionfm.cl\/wp-content\/uploads\/2022\/11\/gobernadora-y-ministro-educ-1-1-1030x578.jpg 1030w, https:\/\/radiorevelacionfm.cl\/wp-content\/uploads\/2022\/11\/gobernadora-y-ministro-educ-1-1-768x431.jpg 768w, https:\/\/radiorevelacionfm.cl\/wp-content\/uploads\/2022\/11\/gobernadora-y-ministro-educ-1-1-705x395.jpg 705w, https:\/\/radiorevelacionfm.cl\/wp-content\/uploads\/2022\/11\/gobernadora-y-ministro-educ-1-1-600x336.jpg 600w\" sizes=\"(max-width: 1070px) 100vw, 1070px\" \/><\/div><\/div><\/div><\/div><div class=\"flex_column av_one_full  flex_column_div av-zero-column-padding first  avia-builder-el-2  el_after_av_one_full  el_before_av_one_full  column-top-margin\" style='border-radius:0px; '><section class=\"av_textblock_section \"  itemscope=\"itemscope\" itemtype=\"https:\/\/schema.org\/BlogPosting\" itemprop=\"blogPost\" ><div class='avia_textblock  '   itemprop=\"text\" ><p style=\"text-align: center;\"><strong><span style=\"font-size: 18pt;\">Gobernadora busca apoyo del Mineduc por U. de Ays\u00e9n: \u201cEl Estado debe hacerse cargo porque la regi\u00f3n necesita su universidad\u201d<\/span><\/strong><\/p>\n<div id=\"gtx-trans\" style=\"position: absolute; left: -50px; top: 4.31534px;\">\n<div class=\"gtx-trans-icon\"><\/div>\n<\/div>\n<\/div><\/section><\/div><div class=\"flex_column av_one_full  flex_column_div av-zero-column-padding first  avia-builder-el-4  el_after_av_one_full  el_before_av_hr  column-top-margin\" style='border-radius:0px; '><section class=\"av_textblock_section \"  itemscope=\"itemscope\" itemtype=\"https:\/\/schema.org\/BlogPosting\" itemprop=\"blogPost\" ><div class='avia_textblock  '   itemprop=\"text\" ><p dir=\"ltr\" style=\"text-align: justify;\">Durante la jornada del mi\u00e9rcoles el Ministro de Educaci\u00f3n, Marco \u00c1vila, lleg\u00f3 hasta el Gobierno Regional para sostener una reuni\u00f3n ejecutiva con la Gobernadora Andrea Mac\u00edas Palma y su equipo, en la que abordaron la planificaci\u00f3n del trabajo conjunto a desarrollar para implementar proyectos y programas educacionales en la regi\u00f3n.<\/p>\n<p dir=\"ltr\" style=\"text-align: justify;\">\u201cUno de los temas que discutimos junto al Ministro tiene que ver con la infraestructura del edificio fundacional de la Universidad de Ays\u00e9n. Recordemos que la administraci\u00f3n anterior del Gobierno Regional dej\u00f3 sin efecto la posibilidad de financiamiento de esta obra, lo que hoy obliga a que el Estado chileno deba hacerse cargo porque la regi\u00f3n requiere tener su universidad\u201d, subray\u00f3 la m\u00e1xima representante del Ejecutivo en la regi\u00f3n.<\/p>\n<p dir=\"ltr\" style=\"text-align: justify;\">En la cita tambi\u00e9n particip\u00f3 la rectora de la Universidad de Ays\u00e9n, Natacha Pino, en virtud de la solicitud que realizada desde el Gobierno Regional para establecer un convenio con el Ministerio de Educaci\u00f3n (Mineduc), con el objetivo de poder entregar financiamiento a la casa de estudios para su edificio fundacional y el aulario.<\/p>\n<p dir=\"ltr\" style=\"text-align: justify;\">\u201cEsa era una instancia que ven\u00edamos buscando hace tiempo, pero tambi\u00e9n porque ya hab\u00edamos tenido una primera conversaci\u00f3n (&#8230;) viajamos a Santiago a mitad de a\u00f1o para plantear las dificultades que hemos tenido en la Universidad de Ays\u00e9n para financiar nuestros proyectos de infraestructura. En esa conversaci\u00f3n el ministro se comprometi\u00f3 a identificar mecanismos que permitan de alguna manera, por un lado, que el Gobierno Regional pueda hacer traspaso directo de fondos o tambi\u00e9n el apoyo desde el propio ministerio para complementar recursos para nuestros proyectos de infraestructura fundacional\u201d, dijo la rectora de la Universidad de Ays\u00e9n Natacha Pino.<\/p>\n<p dir=\"ltr\" style=\"text-align: justify;\">Adem\u00e1s, en esta ocasi\u00f3n la Gobernadora Regional y el Ministro tuvieron la oportunidad de conversar y definir acciones concretas para poder avanzar en un convenio de programaci\u00f3n. \u201cEstamos absolutamente disponibles a colaborar con el sector, entendiendo que la educaci\u00f3n es el \u00fanico medio de transformaci\u00f3n social real y posible, y que de verdad permite ese salto cualitativo que necesitamos como territorio\u201d, concluy\u00f3 la Gobernadora Andrea Mac\u00edas Palma.<\/p>\n<p dir=\"ltr\" style=\"text-align: justify;\">Anuncio hist\u00f3rico<\/p>\n<p dir=\"ltr\" style=\"text-align: justify;\">Dentro de las actividades desarrolladas, la Gobernadora Regional fue junto al Ministro de Educaci\u00f3n hasta Islas Las Huichas, donde el secretario de Estado entreg\u00f3 la gran noticia de que la Escuela Pedro Aguirre Cerda de Puerto Aguirre tendr\u00e1 ense\u00f1anza media, que se implementar\u00e1 de forma gradual desde primero medio hasta llegar al \u00faltimo curso de la edad escolar. Con esto, las y los alumnos ya no tendr\u00e1n que dejar su territorio.<\/p>\n<p dir=\"ltr\" style=\"text-align: justify;\">\u201cTuvimos la oportunidad de asistir a este tremendo anuncio para los habitantes de las islas, donde por primera vez se va a poder contar con primer a\u00f1o de ense\u00f1anza media. Eso quiere decir que las y los estudiantes que egresen de octavo b\u00e1sico no van a tener que irse de las islas como lo hac\u00edan quienes terminaban de cursar la educaci\u00f3n b\u00e1sica. Eso impacta de manera muy positiva en las familias y los procesos de identidad de los estudiantes\u201d, se\u00f1al\u00f3 la Gobernadora Regional.<\/p>\n<p dir=\"ltr\" style=\"text-align: justify;\">Las autoridades llegaron hasta la localidad para dar esta noticia a la comunidad escolar, instancia en la que el Ministro \u00c1vila agradeci\u00f3 a funcionarios, padres y estudiantes por su compromiso.<\/p>\n<p dir=\"ltr\" style=\"text-align: justify;\">\u201cDespu\u00e9s de ocho meses, esta es probablemente la experiencia en terreno m\u00e1s fuerte y m\u00e1s significativa que me ha tocado vivenciar, no s\u00f3lo por la distancia sino porque es la primera vez que me toca como Ministro de Educaci\u00f3n poder dar esta noticia de una ampliaci\u00f3n de la oferta educativa para la ense\u00f1anza media. Esto es fundamental para nosotros, m\u00e1s que como Gobierno, como Estado\u201d, destac\u00f3 el jefe del Mineduc.<\/p>\n<\/div><\/section><\/div><div  style='height:50px' class='hr hr-invisible   avia-builder-el-6  el_after_av_one_full  el_before_av_social_share '><span class='hr-inner ' ><span class='hr-inner-style'><\/span><\/span><\/div><\/p>\n<div  class='av-social-sharing-box  avia-builder-el-7  el_after_av_hr  el_before_av_hr  '><div class='av-share-box'><h5 class='av-share-link-description av-no-toc '>Compartir esta noticia<\/h5><ul class='av-share-box-list noLightbox'><li class='av-share-link av-social-link-facebook' ><a target=\"_blank\" aria-label=\"Compartir en Facebook\" href='https:\/\/www.facebook.com\/sharer.php?u=https:\/\/radiorevelacionfm.cl\/?p=24629&#038;t=Gobernadora%20busca%20apoyo%20del%20Mineduc%20por%20U.%20de%20Ays%C3%A9n%3A%20%E2%80%9CEl%20Estado%20debe%20hacerse%20cargo%20porque%20la%20regi%C3%B3n%20necesita%20su%20universidad%E2%80%9D' aria-hidden='false' data-av_icon='\ue8f3' data-av_iconfont='entypo-fontello' title='' data-avia-related-tooltip='Compartir en Facebook' rel=\"noopener\"><span class='avia_hidden_link_text'>Compartir en Facebook<\/span><\/a><\/li><li class='av-share-link av-social-link-twitter' ><a target=\"_blank\" aria-label=\"Compartir en Twitter\" href='https:\/\/twitter.com\/share?text=Gobernadora%20busca%20apoyo%20del%20Mineduc%20por%20U.%20de%20Ays%C3%A9n%3A%20%E2%80%9CEl%20Estado%20debe%20hacerse%20cargo%20porque%20la%20regi%C3%B3n%20necesita%20su%20universidad%E2%80%9D&#038;url=https:\/\/radiorevelacionfm.cl\/?p=24629' aria-hidden='false' data-av_icon='\ue8f1' data-av_iconfont='entypo-fontello' title='' data-avia-related-tooltip='Compartir en Twitter' rel=\"noopener\"><span class='avia_hidden_link_text'>Compartir en Twitter<\/span><\/a><\/li><li class='av-share-link av-social-link-whatsapp' ><a target=\"_blank\" aria-label=\"Compartir en Whatsapp\" href='https:\/\/api.whatsapp.com\/send?text=https:\/\/radiorevelacionfm.cl\/?p=24629' aria-hidden='false' data-av_icon='\uf232' data-av_iconfont='entypo-fontello' title='' data-avia-related-tooltip='Compartir en Whatsapp' rel=\"noopener\"><span class='avia_hidden_link_text'>Compartir en Whatsapp<\/span><\/a><\/li><li class='av-share-link av-social-link-linkedin' ><a target=\"_blank\" aria-label=\"Compartir en LinkedIn\" href='https:\/\/linkedin.com\/shareArticle?mini=true&#038;title=Gobernadora%20busca%20apoyo%20del%20Mineduc%20por%20U.%20de%20Ays%C3%A9n%3A%20%E2%80%9CEl%20Estado%20debe%20hacerse%20cargo%20porque%20la%20regi%C3%B3n%20necesita%20su%20universidad%E2%80%9D&#038;url=https:\/\/radiorevelacionfm.cl\/?p=24629' aria-hidden='false' data-av_icon='\ue8fc' data-av_iconfont='entypo-fontello' title='' data-avia-related-tooltip='Compartir en LinkedIn' rel=\"noopener\"><span class='avia_hidden_link_text'>Compartir en LinkedIn<\/span><\/a><\/li><li class='av-share-link av-social-link-mail' ><a  aria-label=\"Compartir por correo\" href='mailto:?subject=Gobernadora%20busca%20apoyo%20del%20Mineduc%20por%20U.%20de%20Ays%C3%A9n%3A%20%E2%80%9CEl%20Estado%20debe%20hacerse%20cargo%20porque%20la%20regi%C3%B3n%20necesita%20su%20universidad%E2%80%9D&#038;body=https:\/\/radiorevelacionfm.cl\/?p=24629' aria-hidden='false' data-av_icon='\ue805' data-av_iconfont='entypo-fontello' title='' data-avia-related-tooltip='Compartir por correo'><span class='avia_hidden_link_text'>Compartir por correo<\/span><\/a><\/li><\/ul><\/div><\/div>\n<div  style='height:50px' class='hr hr-invisible   avia-builder-el-8  el_after_av_social_share  el_before_av_comments_list '><span class='hr-inner ' ><span class='hr-inner-style'><\/span><\/span><\/div>\n<div  class='av-buildercomment  av-blog-meta-html-info-disabled av-blog-meta-tag-disabled  '><\/div>\n","protected":false},"excerpt":{"rendered":"","protected":false},"author":1,"featured_media":24630,"comment_status":"open","ping_status":"open","sticky":false,"template":"","format":"standard","meta":{"footnotes":""},"categories":[49,38],"tags":[],"class_list":["post-24629","post","type-post","status-publish","format-standard","has-post-thumbnail","hentry","category-educacion","category-regional"],"jetpack_featured_media_url":"https:\/\/radiorevelacionfm.cl\/wp-content\/uploads\/2022\/11\/gobernadora-y-ministro-educ-1-1.jpg","_links":{"self":[{"href":"https:\/\/radiorevelacionfm.cl\/index.php?rest_route=\/wp\/v2\/posts\/24629","targetHints":{"allow":["GET"]}}],"collection":[{"href":"https:\/\/radiorevelacionfm.cl\/index.php?rest_route=\/wp\/v2\/posts"}],"about":[{"href":"https:\/\/radiorevelacionfm.cl\/index.php?rest_route=\/wp\/v2\/types\/post"}],"author":[{"embeddable":true,"href":"https:\/\/radiorevelacionfm.cl\/index.php?rest_route=\/wp\/v2\/users\/1"}],"replies":[{"embeddable":true,"href":"https:\/\/radiorevelacionfm.cl\/index.php?rest_route=%2Fwp%2Fv2%2Fcomments&post=24629"}],"version-history":[{"count":2,"href":"https:\/\/radiorevelacionfm.cl\/index.php?rest_route=\/wp\/v2\/posts\/24629\/revisions"}],"predecessor-version":[{"id":24632,"href":"https:\/\/radiorevelacionfm.cl\/index.php?rest_route=\/wp\/v2\/posts\/24629\/revisions\/24632"}],"wp:featuredmedia":[{"embeddable":true,"href":"https:\/\/radiorevelacionfm.cl\/index.php?rest_route=\/wp\/v2\/media\/24630"}],"wp:attachment":[{"href":"https:\/\/radiorevelacionfm.cl\/index.php?rest_route=%2Fwp%2Fv2%2Fmedia&parent=24629"}],"wp:term":[{"taxonomy":"category","embeddable":true,"href":"https:\/\/radiorevelacionfm.cl\/index.php?rest_route=%2Fwp%2Fv2%2Fcategories&post=24629"},{"taxonomy":"post_tag","embeddable":true,"href":"https:\/\/radiorevelacionfm.cl\/index.php?rest_route=%2Fwp%2Fv2%2Ftags&post=24629"}],"curies":[{"name":"wp","href":"https:\/\/api.w.org\/{rel}","templated":true}]}}