{"id":24625,"date":"2022-11-24T15:40:25","date_gmt":"2022-11-24T18:40:25","guid":{"rendered":"https:\/\/radiorevelacionfm.cl\/?p=24625"},"modified":"2022-11-24T15:40:25","modified_gmt":"2022-11-24T18:40:25","slug":"municipio-de-aysen-efectua-talleres-de-autocuidado-destinado-a-mujeres-de-la-comuna","status":"publish","type":"post","link":"https:\/\/radiorevelacionfm.cl\/?p=24625","title":{"rendered":"Municipio de Ays\u00e9n efect\u00faa talleres de autocuidado destinado a mujeres de la comuna"},"content":{"rendered":"<div class=\"flex_column av_one_full  flex_column_div av-zero-column-padding first  avia-builder-el-0  el_before_av_one_full  avia-builder-el-first  \" style='border-radius:0px; '><div  class='avia-image-container  av-styling-    avia-builder-el-1  avia-builder-el-no-sibling  avia-align-center '  itemprop=\"image\" itemscope=\"itemscope\" itemtype=\"https:\/\/schema.org\/ImageObject\"  ><div class='avia-image-container-inner'><div class='avia-image-overlay-wrap'><img decoding=\"async\" class='wp-image-24626 avia-img-lazy-loading-not-24626 avia_image' src=\"https:\/\/radiorevelacionfm.cl\/wp-content\/uploads\/2022\/11\/img-talleresautocuidado-muniaysen1-1-1.jpeg\" alt='' title='img-talleresautocuidado-muniaysen1 (1) (1)' height=\"600\" width=\"800\"  itemprop=\"thumbnailUrl\" srcset=\"https:\/\/radiorevelacionfm.cl\/wp-content\/uploads\/2022\/11\/img-talleresautocuidado-muniaysen1-1-1.jpeg 800w, https:\/\/radiorevelacionfm.cl\/wp-content\/uploads\/2022\/11\/img-talleresautocuidado-muniaysen1-1-1-300x225.jpeg 300w, https:\/\/radiorevelacionfm.cl\/wp-content\/uploads\/2022\/11\/img-talleresautocuidado-muniaysen1-1-1-768x576.jpeg 768w, https:\/\/radiorevelacionfm.cl\/wp-content\/uploads\/2022\/11\/img-talleresautocuidado-muniaysen1-1-1-705x529.jpeg 705w, https:\/\/radiorevelacionfm.cl\/wp-content\/uploads\/2022\/11\/img-talleresautocuidado-muniaysen1-1-1-600x450.jpeg 600w\" sizes=\"(max-width: 800px) 100vw, 800px\" \/><\/div><\/div><\/div><\/div><div class=\"flex_column av_one_full  flex_column_div av-zero-column-padding first  avia-builder-el-2  el_after_av_one_full  el_before_av_one_full  column-top-margin\" style='border-radius:0px; '><section class=\"av_textblock_section \"  itemscope=\"itemscope\" itemtype=\"https:\/\/schema.org\/BlogPosting\" itemprop=\"blogPost\" ><div class='avia_textblock  '   itemprop=\"text\" ><p style=\"text-align: center;\"><strong><span style=\"font-size: 18pt;\">Municipio de Ays\u00e9n efect\u00faa talleres de autocuidado destinado a mujeres de la comuna<\/span><\/strong><\/p>\n<div id=\"gtx-trans\" style=\"position: absolute; left: -50px; top: 4.31534px;\">\n<div class=\"gtx-trans-icon\"><\/div>\n<\/div>\n<\/div><\/section><\/div><div class=\"flex_column av_one_full  flex_column_div av-zero-column-padding first  avia-builder-el-4  el_after_av_one_full  el_before_av_hr  column-top-margin\" style='border-radius:0px; '><section class=\"av_textblock_section \"  itemscope=\"itemscope\" itemtype=\"https:\/\/schema.org\/BlogPosting\" itemprop=\"blogPost\" ><div class='avia_textblock  '   itemprop=\"text\" ><p style=\"text-align: justify;\">Yoga y danza a\u00e9rea son parte de la oferta que dispuso el Programa en Prevenci\u00f3n en Violencia contra la Mujer que ejecuta la Ilustre Municipalidad de Ays\u00e9n en convenio con el Servicio Nacional de la Mujer y Equidad de G\u00e9nero (SernamEG) y que permiti\u00f3 a m\u00e1s de una veintena de mujeres acceder al desarrollo de actividad f\u00edsica en un entorno seguro y libre de discriminaci\u00f3n. Esto como antesala de la actividad a generarse el 25 de noviembre en el Gimnasio de la Escuela Ays\u00e9n con motivo una nueva conmemoraci\u00f3n del D\u00eda Internacional de Erradicaci\u00f3n de Violencia contra la Mujer.<\/p>\n<p style=\"text-align: justify;\">En este sentido, Leslie Bruna Bustamante, encargada territorial del Programa en Prevenci\u00f3n en Violencia contra la Mujer del Centro Naa Alver\u00e9 de Ays\u00e9n destac\u00f3 que \u201cel SernamEG y la Ilustre Municipalidad de Ays\u00e9n han habilitado un espacio seguro para todas las mujeres, el cual se llama \u201cCuidarnos tambi\u00e9n es parte de la Prevenci\u00f3n\u201d, es parte de tambi\u00e9n de una construcci\u00f3n social que queremos instaurar en nuestra comunidad. Donde tengamos un lugar al cual poder llegar, conversar y esparcirnos en las diferentes \u00e1reas y disciplinas que se imparten en estos talleres de autocuidado que estar\u00e1n desarroll\u00e1ndose los martes y jueves del mes de noviembre. En este enfoque, de priorizar la salud mental de las mujeres ayseninas, hemos habilitado un total de 20 cupos para todas quienes puedan asistir a estas jornadas\u201d.<\/p>\n<p style=\"text-align: justify;\">En adici\u00f3n, la personera municipal explic\u00f3 que cuentan con la colaboraci\u00f3n de una profesora de Yoga, quien se encuentra certificada para impartir esta y otras disciplinas \u201cvamos a ir explorando otras \u00e1reas como lo es el Pilates, la danza y la Aero acrobacia si las mujeres lo requieren\u201d. Con ello, Bruna Bustamante, explic\u00f3 tambi\u00e9n que esto es completamente gratuito y que las asistentes s\u00f3lo deben portar su equipamiento deportivo, esto quiere decir, buzo, calza o tenida acomodada para el \u00e1mbito deportivo.<\/p>\n<p style=\"text-align: justify;\">Finalmente, una de las asistentes a esta jornada, Mar\u00eda Hern\u00e1ndez, relev\u00f3 la importancia de este tipo de acciones y asimismo, valor\u00f3 positivamente el encuentro \u201ces primera vez que hago Pilates. Encontr\u00e9 una clase genial, la verdad es que los ejercicios parec\u00edan como de baja intensidad, pero realmente hubo momentos en que me tuve que medir un poco en hacerlo. Muy buena actividad, son ejercicios accesibles a distintos rangos de edad porque yo tengo 47 a\u00f1os, pero me pareci\u00f3 todo muy efectivo respecto a los ejercicios y f\u00e1ciles de hacer\u201d, sentenci\u00f3 la aysenina.<\/p>\n<\/div><\/section><\/div><div  style='height:50px' class='hr hr-invisible   avia-builder-el-6  el_after_av_one_full  el_before_av_social_share '><span class='hr-inner ' ><span class='hr-inner-style'><\/span><\/span><\/div><\/p>\n<div  class='av-social-sharing-box  avia-builder-el-7  el_after_av_hr  el_before_av_hr  '><div class='av-share-box'><h5 class='av-share-link-description av-no-toc '>Compartir esta noticia<\/h5><ul class='av-share-box-list noLightbox'><li class='av-share-link av-social-link-facebook' ><a target=\"_blank\" aria-label=\"Compartir en Facebook\" href='https:\/\/www.facebook.com\/sharer.php?u=https:\/\/radiorevelacionfm.cl\/?p=24625&#038;t=Municipio%20de%20Ays%C3%A9n%20efect%C3%BAa%20talleres%20de%20autocuidado%20destinado%20a%20mujeres%20de%20la%20comuna' aria-hidden='false' data-av_icon='\ue8f3' data-av_iconfont='entypo-fontello' title='' data-avia-related-tooltip='Compartir en Facebook' rel=\"noopener\"><span class='avia_hidden_link_text'>Compartir en Facebook<\/span><\/a><\/li><li class='av-share-link av-social-link-twitter' ><a target=\"_blank\" aria-label=\"Compartir en Twitter\" href='https:\/\/twitter.com\/share?text=Municipio%20de%20Ays%C3%A9n%20efect%C3%BAa%20talleres%20de%20autocuidado%20destinado%20a%20mujeres%20de%20la%20comuna&#038;url=https:\/\/radiorevelacionfm.cl\/?p=24625' aria-hidden='false' data-av_icon='\ue8f1' data-av_iconfont='entypo-fontello' title='' data-avia-related-tooltip='Compartir en Twitter' rel=\"noopener\"><span class='avia_hidden_link_text'>Compartir en Twitter<\/span><\/a><\/li><li class='av-share-link av-social-link-whatsapp' ><a target=\"_blank\" aria-label=\"Compartir en Whatsapp\" href='https:\/\/api.whatsapp.com\/send?text=https:\/\/radiorevelacionfm.cl\/?p=24625' aria-hidden='false' data-av_icon='\uf232' data-av_iconfont='entypo-fontello' title='' data-avia-related-tooltip='Compartir en Whatsapp' rel=\"noopener\"><span class='avia_hidden_link_text'>Compartir en Whatsapp<\/span><\/a><\/li><li class='av-share-link av-social-link-linkedin' ><a target=\"_blank\" aria-label=\"Compartir en LinkedIn\" href='https:\/\/linkedin.com\/shareArticle?mini=true&#038;title=Municipio%20de%20Ays%C3%A9n%20efect%C3%BAa%20talleres%20de%20autocuidado%20destinado%20a%20mujeres%20de%20la%20comuna&#038;url=https:\/\/radiorevelacionfm.cl\/?p=24625' aria-hidden='false' data-av_icon='\ue8fc' data-av_iconfont='entypo-fontello' title='' data-avia-related-tooltip='Compartir en LinkedIn' rel=\"noopener\"><span class='avia_hidden_link_text'>Compartir en LinkedIn<\/span><\/a><\/li><li class='av-share-link av-social-link-mail' ><a  aria-label=\"Compartir por correo\" href='mailto:?subject=Municipio%20de%20Ays%C3%A9n%20efect%C3%BAa%20talleres%20de%20autocuidado%20destinado%20a%20mujeres%20de%20la%20comuna&#038;body=https:\/\/radiorevelacionfm.cl\/?p=24625' aria-hidden='false' data-av_icon='\ue805' data-av_iconfont='entypo-fontello' title='' data-avia-related-tooltip='Compartir por correo'><span class='avia_hidden_link_text'>Compartir por correo<\/span><\/a><\/li><\/ul><\/div><\/div>\n<div  style='height:50px' class='hr hr-invisible   avia-builder-el-8  el_after_av_social_share  el_before_av_comments_list '><span class='hr-inner ' ><span class='hr-inner-style'><\/span><\/span><\/div>\n<div  class='av-buildercomment  av-blog-meta-html-info-disabled av-blog-meta-tag-disabled  '><\/div>\n","protected":false},"excerpt":{"rendered":"","protected":false},"author":1,"featured_media":24626,"comment_status":"open","ping_status":"open","sticky":false,"template":"","format":"standard","meta":{"footnotes":""},"categories":[63,38],"tags":[],"class_list":["post-24625","post","type-post","status-publish","format-standard","has-post-thumbnail","hentry","category-mujer-y-genero","category-regional"],"jetpack_featured_media_url":"https:\/\/radiorevelacionfm.cl\/wp-content\/uploads\/2022\/11\/img-talleresautocuidado-muniaysen1-1-1.jpeg","_links":{"self":[{"href":"https:\/\/radiorevelacionfm.cl\/index.php?rest_route=\/wp\/v2\/posts\/24625","targetHints":{"allow":["GET"]}}],"collection":[{"href":"https:\/\/radiorevelacionfm.cl\/index.php?rest_route=\/wp\/v2\/posts"}],"about":[{"href":"https:\/\/radiorevelacionfm.cl\/index.php?rest_route=\/wp\/v2\/types\/post"}],"author":[{"embeddable":true,"href":"https:\/\/radiorevelacionfm.cl\/index.php?rest_route=\/wp\/v2\/users\/1"}],"replies":[{"embeddable":true,"href":"https:\/\/radiorevelacionfm.cl\/index.php?rest_route=%2Fwp%2Fv2%2Fcomments&post=24625"}],"version-history":[{"count":2,"href":"https:\/\/radiorevelacionfm.cl\/index.php?rest_route=\/wp\/v2\/posts\/24625\/revisions"}],"predecessor-version":[{"id":24628,"href":"https:\/\/radiorevelacionfm.cl\/index.php?rest_route=\/wp\/v2\/posts\/24625\/revisions\/24628"}],"wp:featuredmedia":[{"embeddable":true,"href":"https:\/\/radiorevelacionfm.cl\/index.php?rest_route=\/wp\/v2\/media\/24626"}],"wp:attachment":[{"href":"https:\/\/radiorevelacionfm.cl\/index.php?rest_route=%2Fwp%2Fv2%2Fmedia&parent=24625"}],"wp:term":[{"taxonomy":"category","embeddable":true,"href":"https:\/\/radiorevelacionfm.cl\/index.php?rest_route=%2Fwp%2Fv2%2Fcategories&post=24625"},{"taxonomy":"post_tag","embeddable":true,"href":"https:\/\/radiorevelacionfm.cl\/index.php?rest_route=%2Fwp%2Fv2%2Ftags&post=24625"}],"curies":[{"name":"wp","href":"https:\/\/api.w.org\/{rel}","templated":true}]}}