{"id":2462,"date":"2021-02-08T16:15:47","date_gmt":"2021-02-08T19:15:47","guid":{"rendered":"https:\/\/radiorevelacionfm.cl\/?p=2462"},"modified":"2021-02-08T16:15:47","modified_gmt":"2021-02-08T19:15:47","slug":"inscribete-y-se-parte-de-la-planificacion-energetica-de-largo-plazo","status":"publish","type":"post","link":"https:\/\/radiorevelacionfm.cl\/?p=2462","title":{"rendered":"Inscr\u00edbete y s\u00e9 parte de la planificaci\u00f3n energ\u00e9tica de largo plazo"},"content":{"rendered":"<div class=\"flex_column av_one_full  flex_column_div av-zero-column-padding first  avia-builder-el-0  el_before_av_one_full  avia-builder-el-first  \" style='border-radius:0px; '><div  class='avia-image-container  av-styling-    avia-builder-el-1  avia-builder-el-no-sibling  avia-align-center '  itemprop=\"image\" itemscope=\"itemscope\" itemtype=\"https:\/\/schema.org\/ImageObject\"  ><div class='avia-image-container-inner'><div class='avia-image-overlay-wrap'><img decoding=\"async\" class='wp-image-0 avia-img-lazy-loading-not-0 avia_image' src=\"https:\/\/radiorevelacionfm.cl\/wp-content\/uploads\/2021\/02\/energy_optimized.jpg\" alt='' title=''   itemprop=\"thumbnailUrl\"  \/><\/div><\/div><\/div><\/div><div class=\"flex_column av_one_full  flex_column_div av-zero-column-padding first  avia-builder-el-2  el_after_av_one_full  el_before_av_one_full  column-top-margin\" style='border-radius:0px; '><section class=\"av_textblock_section \"  itemscope=\"itemscope\" itemtype=\"https:\/\/schema.org\/BlogPosting\" itemprop=\"blogPost\" ><div class='avia_textblock  '   itemprop=\"text\" ><p style=\"text-align: center;\"><span style=\"font-size: 18pt;\"><strong>Inscr\u00edbete y s\u00e9 parte de la planificaci\u00f3n energ\u00e9tica de largo plazo<\/strong><\/span><\/p>\n<div id=\"gtx-trans\" style=\"position: absolute; left: -50px; top: 4.31534px;\">\n<div class=\"gtx-trans-icon\"><\/div>\n<\/div>\n<\/div><\/section><\/div><div class=\"flex_column av_one_full  flex_column_div av-zero-column-padding first  avia-builder-el-4  el_after_av_one_full  el_before_av_hr  column-top-margin\" style='border-radius:0px; '><section class=\"av_textblock_section \"  itemscope=\"itemscope\" itemtype=\"https:\/\/schema.org\/BlogPosting\" itemprop=\"blogPost\" ><div class='avia_textblock  '   itemprop=\"text\" ><p style=\"text-align: justify;\">Con el fin de planificar el futuro energ\u00e9tico del pa\u00eds de forma inclusiva y participativa, el Ministerio de Energ\u00eda hizo un llamado a la ciudadan\u00eda a inscribirse y ser parte del nuevo proceso de Planificaci\u00f3n Energ\u00e9tica de Largo Plazo (PELP).<\/p>\n<p style=\"text-align: justify;\">La inscripci\u00f3n a esta iniciativa es online y estar\u00e1 abierta hasta este mi\u00e9rcoles 10 de febrero.\u00a0 El proceso busca definir los escenarios energ\u00e9ticos en el tiempo, identificar polos de desarrollo y proyectar el consumo y oferta energ\u00e9tica. Asimismo, el registro de inscritos ser\u00e1 una forma de garantizar la participaci\u00f3n de quienes se inscriban en todas las audiencias p\u00fablicas que se realicen durante el proceso de actualizaci\u00f3n de la PELP, adem\u00e1s de darles acceso al material p\u00fablico en revisi\u00f3n y definitivo, que sea emitido por el Ministerio.<\/p>\n<p style=\"text-align: justify;\">En este contexto, el Seremi de Energ\u00eda, Juan Luis Amen\u00e1bar, hace un fuerte llamado a inscribirse y aportar desde la visi\u00f3n regional, ya que \u201clos aportes de la comunidad ser\u00e1n fundamentales en la planificaci\u00f3n futura de nuestro sector. Por eso, hago un llamado a todos los ayseninos y ayseninas a inscribirse en este proceso, hay plazo hasta este mi\u00e9rcoles 10 de febrero y, de esta forma, seguiremos avanzando en conjunto hacia el desarrollo de una matriz energ\u00e9tica sustentable y competitiva, que permita mejorar la calidad de vida de los habitantes de nuestra regi\u00f3n y del pa\u00eds\u201d.<\/p>\n<p style=\"text-align: justify;\">La PELP es un proceso que se realiza cada 5 a\u00f1os, pero que se prepara y desarrolla de forma continua, con el objeto de definir escenarios energ\u00e9ticos de largo plazo, identificar polos de desarrollo y proyectar el futuro energ\u00e9tico del pa\u00eds. El proceso de planificaci\u00f3n incluir\u00e1 escenarios de proyecci\u00f3n de oferta y demanda energ\u00e9tica, en particular el\u00e9ctrica, considerando la identificaci\u00f3n de polos de desarrollo de generaci\u00f3n, generaci\u00f3n distribuida, intercambios internacionales de energ\u00eda, pol\u00edticas ambientales que tengan incidencia y objetivos de eficiencia energ\u00e9tica entre otros, elaborando sus posibles escenarios de desarrollo. Asimismo, la planificaci\u00f3n deber\u00e1 considerar dentro de sus an\u00e1lisis los planes estrat\u00e9gicos con que cuenten las regiones en materia de energ\u00eda.<\/p>\n<p style=\"text-align: justify;\">Sin duda, contar con estos escenarios energ\u00e9ticos es muy relevante para continuar con la integraci\u00f3n masiva de las energ\u00edas renovables, incorporar recursos energ\u00e9ticos, anticipar situaciones y adaptar el sistema energ\u00e9tico para dotarlo de una mayor resiliencia.<\/p>\n<p style=\"text-align: justify;\">La inscripci\u00f3n se puede realizar en el sitio web <a href=\"http:\/\/www.pelp.minenergia.cl\">pelp.minenergia.cl<\/a><\/p>\n<\/div><\/section><\/div><div  style='height:50px' class='hr hr-invisible   avia-builder-el-6  el_after_av_one_full  el_before_av_social_share '><span class='hr-inner ' ><span class='hr-inner-style'><\/span><\/span><\/div><\/p>\n<div  class='av-social-sharing-box  avia-builder-el-7  el_after_av_hr  el_before_av_hr  '><div class='av-share-box'><h5 class='av-share-link-description av-no-toc '>Compartir esta noticia<\/h5><ul class='av-share-box-list noLightbox'><li class='av-share-link av-social-link-facebook' ><a target=\"_blank\" aria-label=\"Compartir en Facebook\" href='https:\/\/www.facebook.com\/sharer.php?u=https:\/\/radiorevelacionfm.cl\/?p=2462&#038;t=Inscr%C3%ADbete%20y%20s%C3%A9%20parte%20de%20la%20planificaci%C3%B3n%20energ%C3%A9tica%20de%20largo%20plazo' aria-hidden='false' data-av_icon='\ue8f3' data-av_iconfont='entypo-fontello' title='' data-avia-related-tooltip='Compartir en Facebook' rel=\"noopener\"><span class='avia_hidden_link_text'>Compartir en Facebook<\/span><\/a><\/li><li class='av-share-link av-social-link-twitter' ><a target=\"_blank\" aria-label=\"Compartir en Twitter\" href='https:\/\/twitter.com\/share?text=Inscr%C3%ADbete%20y%20s%C3%A9%20parte%20de%20la%20planificaci%C3%B3n%20energ%C3%A9tica%20de%20largo%20plazo&#038;url=https:\/\/radiorevelacionfm.cl\/?p=2462' aria-hidden='false' data-av_icon='\ue8f1' data-av_iconfont='entypo-fontello' title='' data-avia-related-tooltip='Compartir en Twitter' rel=\"noopener\"><span class='avia_hidden_link_text'>Compartir en Twitter<\/span><\/a><\/li><li class='av-share-link av-social-link-whatsapp' ><a target=\"_blank\" aria-label=\"Compartir en Whatsapp\" href='https:\/\/api.whatsapp.com\/send?text=https:\/\/radiorevelacionfm.cl\/?p=2462' aria-hidden='false' data-av_icon='\uf232' data-av_iconfont='entypo-fontello' title='' data-avia-related-tooltip='Compartir en Whatsapp' rel=\"noopener\"><span class='avia_hidden_link_text'>Compartir en Whatsapp<\/span><\/a><\/li><li class='av-share-link av-social-link-linkedin' ><a target=\"_blank\" aria-label=\"Compartir en LinkedIn\" href='https:\/\/linkedin.com\/shareArticle?mini=true&#038;title=Inscr%C3%ADbete%20y%20s%C3%A9%20parte%20de%20la%20planificaci%C3%B3n%20energ%C3%A9tica%20de%20largo%20plazo&#038;url=https:\/\/radiorevelacionfm.cl\/?p=2462' aria-hidden='false' data-av_icon='\ue8fc' data-av_iconfont='entypo-fontello' title='' data-avia-related-tooltip='Compartir en LinkedIn' rel=\"noopener\"><span class='avia_hidden_link_text'>Compartir en LinkedIn<\/span><\/a><\/li><li class='av-share-link av-social-link-mail' ><a  aria-label=\"Compartir por correo\" href='mailto:?subject=Inscr%C3%ADbete%20y%20s%C3%A9%20parte%20de%20la%20planificaci%C3%B3n%20energ%C3%A9tica%20de%20largo%20plazo&#038;body=https:\/\/radiorevelacionfm.cl\/?p=2462' aria-hidden='false' data-av_icon='\ue805' data-av_iconfont='entypo-fontello' title='' data-avia-related-tooltip='Compartir por correo'><span class='avia_hidden_link_text'>Compartir por correo<\/span><\/a><\/li><\/ul><\/div><\/div>\n<div  style='height:50px' class='hr hr-invisible   avia-builder-el-8  el_after_av_social_share  el_before_av_comments_list '><span class='hr-inner ' ><span class='hr-inner-style'><\/span><\/span><\/div>\n<div  class='av-buildercomment  av-blog-meta-html-info-disabled av-blog-meta-tag-disabled  '><\/div>\n","protected":false},"excerpt":{"rendered":"","protected":false},"author":1,"featured_media":0,"comment_status":"open","ping_status":"open","sticky":false,"template":"","format":"standard","meta":{"footnotes":""},"categories":[39],"tags":[],"class_list":["post-2462","post","type-post","status-publish","format-standard","hentry","category-medio-ambiente"],"jetpack_featured_media_url":"","_links":{"self":[{"href":"https:\/\/radiorevelacionfm.cl\/index.php?rest_route=\/wp\/v2\/posts\/2462","targetHints":{"allow":["GET"]}}],"collection":[{"href":"https:\/\/radiorevelacionfm.cl\/index.php?rest_route=\/wp\/v2\/posts"}],"about":[{"href":"https:\/\/radiorevelacionfm.cl\/index.php?rest_route=\/wp\/v2\/types\/post"}],"author":[{"embeddable":true,"href":"https:\/\/radiorevelacionfm.cl\/index.php?rest_route=\/wp\/v2\/users\/1"}],"replies":[{"embeddable":true,"href":"https:\/\/radiorevelacionfm.cl\/index.php?rest_route=%2Fwp%2Fv2%2Fcomments&post=2462"}],"version-history":[{"count":1,"href":"https:\/\/radiorevelacionfm.cl\/index.php?rest_route=\/wp\/v2\/posts\/2462\/revisions"}],"predecessor-version":[{"id":2464,"href":"https:\/\/radiorevelacionfm.cl\/index.php?rest_route=\/wp\/v2\/posts\/2462\/revisions\/2464"}],"wp:attachment":[{"href":"https:\/\/radiorevelacionfm.cl\/index.php?rest_route=%2Fwp%2Fv2%2Fmedia&parent=2462"}],"wp:term":[{"taxonomy":"category","embeddable":true,"href":"https:\/\/radiorevelacionfm.cl\/index.php?rest_route=%2Fwp%2Fv2%2Fcategories&post=2462"},{"taxonomy":"post_tag","embeddable":true,"href":"https:\/\/radiorevelacionfm.cl\/index.php?rest_route=%2Fwp%2Fv2%2Ftags&post=2462"}],"curies":[{"name":"wp","href":"https:\/\/api.w.org\/{rel}","templated":true}]}}